{"id":102108,"date":"2017-03-17T15:35:39","date_gmt":"2017-03-17T14:35:39","guid":{"rendered":"http:\/\/mikanews.de\/?p=102108"},"modified":"2017-03-19T21:44:04","modified_gmt":"2017-03-19T20:44:04","slug":"internationale-deutsche-meisterschaft-112-beim-tsv-gelenau-2","status":"publish","type":"post","link":"https:\/\/mikanews.de\/?p=102108","title":{"rendered":"INTERNATIONALE DEUTSCHE MEISTERSCHAFT 1\/12 BEIM TSV-GELENAU"},"content":{"rendered":"<p>Heute sind die Titelentscheidungen beim TSV-Gelenau e.V. bei der internationalen Deutschen Meisterschaft 2017 gefallen. Der Sonntag begann morgens um 8 Uhr mit dem letzten Vorlauf. Es <!--more-->bliebt an der Spitze und um die A-Finalpl\u00e4tze spannend. \u00dcberall wird geschraubt und get\u00fcftet, um die fehlenden Zehntel zur Verbesserung zu finden. Einige \u00dcberraschungen gab es noch. Im buchst\u00e4blich letzten Moment schaffte Antonios Theofilou zur Freude seines Papas noch den Sprung ins A-Finale und verdr\u00e4ngte Dirk Br\u00e4uer ins B. Dirk hatte gestern durch zwei Ausf\u00e4lle eine sichere A-Finalplatzierung leider verpasst. In EA wechselten Tim und Jan die Positionen, sodass Jan von 3 hinten Markus und Daniel starten wird.<\/p>\n<p>Tolle Idee vom Dachverband DMC. F\u00fcr alle Teilnehmer gab es eine tolle Magnetschale \u00fcberreicht. Super Sache.<\/p>\n<figure id=\"attachment_102334\" aria-describedby=\"caption-attachment-102334\" style=\"width: 300px\" class=\"wp-caption aligncenter\"><a href=\"https:\/\/mikanews.de\/wp-content\/uploads\/2017\/03\/2017_03_17_TSV_Gelenau_internationale_DM_1501.jpg\" rel=\"lightbox[102108]\"><img loading=\"lazy\" decoding=\"async\" class=\"wp-image-102334 size-medium\" src=\"https:\/\/mikanews.de\/wp-content\/uploads\/2017\/03\/2017_03_17_TSV_Gelenau_internationale_DM_1501-300x200.jpg\" alt=\"\" width=\"300\" height=\"200\" srcset=\"https:\/\/mikanews.de\/wp-content\/uploads\/2017\/03\/2017_03_17_TSV_Gelenau_internationale_DM_1501-300x200.jpg 300w, https:\/\/mikanews.de\/wp-content\/uploads\/2017\/03\/2017_03_17_TSV_Gelenau_internationale_DM_1501.jpg 850w\" sizes=\"auto, (max-width: 300px) 100vw, 300px\" \/><\/a><figcaption id=\"caption-attachment-102334\" class=\"wp-caption-text\">Magnetschale mit DMC-Logo<\/figcaption><\/figure>\n<p><a href=\"https:\/\/mikanews.de\/wp-content\/uploads\/2017\/03\/2017_03_17_TSV_Gelenau_internationale_DM_1502.jpg\" rel=\"lightbox[102108]\"><img loading=\"lazy\" decoding=\"async\" class=\"aligncenter size-medium wp-image-102335\" src=\"https:\/\/mikanews.de\/wp-content\/uploads\/2017\/03\/2017_03_17_TSV_Gelenau_internationale_DM_1502-300x200.jpg\" alt=\"\" width=\"300\" height=\"200\" srcset=\"https:\/\/mikanews.de\/wp-content\/uploads\/2017\/03\/2017_03_17_TSV_Gelenau_internationale_DM_1502-300x200.jpg 300w, https:\/\/mikanews.de\/wp-content\/uploads\/2017\/03\/2017_03_17_TSV_Gelenau_internationale_DM_1502.jpg 850w\" sizes=\"auto, (max-width: 300px) 100vw, 300px\" \/><\/a> Mit Spannung werden den Finals entgegengefiebert. Mal schaun, ob Markus seinen Titel verteidigen kann. F\u00fcr Robert Klier wird es von Startplatz 8 sehr schwer. Schaun wir mal. Nichts ist unm\u00f6glich.<\/p>\n<p>Um diese Pokale geht es heute.<a href=\"https:\/\/mikanews.de\/wp-content\/uploads\/2017\/03\/2017_03_17_TSV_Gelenau_internationale_DM_1141.jpg\" rel=\"lightbox[102108]\"><img loading=\"lazy\" decoding=\"async\" class=\"aligncenter size-medium wp-image-102331\" src=\"https:\/\/mikanews.de\/wp-content\/uploads\/2017\/03\/2017_03_17_TSV_Gelenau_internationale_DM_1440-300x200.jpg\" alt=\"\" width=\"300\" height=\"200\" srcset=\"https:\/\/mikanews.de\/wp-content\/uploads\/2017\/03\/2017_03_17_TSV_Gelenau_internationale_DM_1440-300x200.jpg 300w, https:\/\/mikanews.de\/wp-content\/uploads\/2017\/03\/2017_03_17_TSV_Gelenau_internationale_DM_1440.jpg 850w\" sizes=\"auto, (max-width: 300px) 100vw, 300px\" \/><img loading=\"lazy\" decoding=\"async\" class=\"aligncenter size-medium wp-image-102314\" src=\"https:\/\/mikanews.de\/wp-content\/uploads\/2017\/03\/2017_03_17_TSV_Gelenau_internationale_DM_1141-300x200.jpg\" alt=\"\" width=\"300\" height=\"200\" srcset=\"https:\/\/mikanews.de\/wp-content\/uploads\/2017\/03\/2017_03_17_TSV_Gelenau_internationale_DM_1141-300x200.jpg 300w, https:\/\/mikanews.de\/wp-content\/uploads\/2017\/03\/2017_03_17_TSV_Gelenau_internationale_DM_1141.jpg 850w\" sizes=\"auto, (max-width: 300px) 100vw, 300px\" \/><\/a><\/p>\n<div id='gallery-1' class='gallery galleryid-102108 gallery-columns-4 gallery-size-thumbnail'><figure class='gallery-item'>\n\t\t\t<div class='gallery-icon landscape'>\n\t\t\t\t<a href='https:\/\/mikanews.de\/wp-content\/uploads\/2017\/03\/2017_03_17_TSV_Gelenau_internationale_DM_1738.jpg' rel=\"lightbox[102108]\"><img loading=\"lazy\" decoding=\"async\" width=\"150\" height=\"150\" src=\"https:\/\/mikanews.de\/wp-content\/uploads\/2017\/03\/2017_03_17_TSV_Gelenau_internationale_DM_1738-150x150.jpg\" class=\"attachment-thumbnail size-thumbnail\" alt=\"\" \/><\/a>\n\t\t\t<\/div><\/figure><figure class='gallery-item'>\n\t\t\t<div class='gallery-icon landscape'>\n\t\t\t\t<a href='https:\/\/mikanews.de\/wp-content\/uploads\/2017\/03\/2017_03_17_TSV_Gelenau_internationale_DM_1739.jpg' rel=\"lightbox[102108]\"><img loading=\"lazy\" decoding=\"async\" width=\"150\" height=\"150\" src=\"https:\/\/mikanews.de\/wp-content\/uploads\/2017\/03\/2017_03_17_TSV_Gelenau_internationale_DM_1739-150x150.jpg\" class=\"attachment-thumbnail size-thumbnail\" alt=\"\" \/><\/a>\n\t\t\t<\/div><\/figure><figure class='gallery-item'>\n\t\t\t<div class='gallery-icon landscape'>\n\t\t\t\t<a href='https:\/\/mikanews.de\/wp-content\/uploads\/2017\/03\/2017_03_17_TSV_Gelenau_internationale_DM_1740.jpg' rel=\"lightbox[102108]\"><img loading=\"lazy\" decoding=\"async\" width=\"150\" height=\"150\" src=\"https:\/\/mikanews.de\/wp-content\/uploads\/2017\/03\/2017_03_17_TSV_Gelenau_internationale_DM_1740-150x150.jpg\" class=\"attachment-thumbnail size-thumbnail\" alt=\"\" \/><\/a>\n\t\t\t<\/div><\/figure><figure class='gallery-item'>\n\t\t\t<div class='gallery-icon landscape'>\n\t\t\t\t<a href='https:\/\/mikanews.de\/wp-content\/uploads\/2017\/03\/2017_03_17_TSV_Gelenau_internationale_DM_1741.jpg' rel=\"lightbox[102108]\"><img loading=\"lazy\" decoding=\"async\" width=\"150\" height=\"150\" src=\"https:\/\/mikanews.de\/wp-content\/uploads\/2017\/03\/2017_03_17_TSV_Gelenau_internationale_DM_1741-150x150.jpg\" class=\"attachment-thumbnail size-thumbnail\" alt=\"\" \/><\/a>\n\t\t\t<\/div><\/figure>\n\t\t<\/div>\n\n<h6>Die Titelentscheidungen sind gefallen.<\/h6>\n<p>Daniel Sieber sichert sich den Deutschen Meistertitel in EA vor Markus Mobers in einem packenden letzten Finale. \u00dcbergl\u00fccklich verlie\u00df er den Fahrerstand und nahm die Gratulationen in Empfang.<a href=\"https:\/\/mikanews.de\/wp-content\/uploads\/2017\/03\/2017_03_17_TSV_Gelenau_internationale_DM_1722.jpg\" rel=\"lightbox[102108]\"><img loading=\"lazy\" decoding=\"async\" class=\"aligncenter size-medium wp-image-102344\" src=\"https:\/\/mikanews.de\/wp-content\/uploads\/2017\/03\/2017_03_17_TSV_Gelenau_internationale_DM_1722-300x200.jpg\" alt=\"\" width=\"300\" height=\"200\" srcset=\"https:\/\/mikanews.de\/wp-content\/uploads\/2017\/03\/2017_03_17_TSV_Gelenau_internationale_DM_1722-300x200.jpg 300w, https:\/\/mikanews.de\/wp-content\/uploads\/2017\/03\/2017_03_17_TSV_Gelenau_internationale_DM_1722.jpg 850w\" sizes=\"auto, (max-width: 300px) 100vw, 300px\" \/><\/a><\/p>\n<div id='gallery-2' class='gallery galleryid-102108 gallery-columns-5 gallery-size-thumbnail'><figure class='gallery-item'>\n\t\t\t<div class='gallery-icon landscape'>\n\t\t\t\t<a href='https:\/\/mikanews.de\/wp-content\/uploads\/2017\/03\/2017_03_17_TSV_Gelenau_internationale_DM_1691.jpg' rel=\"lightbox[102108]\"><img loading=\"lazy\" decoding=\"async\" width=\"150\" height=\"150\" src=\"https:\/\/mikanews.de\/wp-content\/uploads\/2017\/03\/2017_03_17_TSV_Gelenau_internationale_DM_1691-150x150.jpg\" class=\"attachment-thumbnail size-thumbnail\" alt=\"\" \/><\/a>\n\t\t\t<\/div><\/figure><figure class='gallery-item'>\n\t\t\t<div class='gallery-icon landscape'>\n\t\t\t\t<a href='https:\/\/mikanews.de\/wp-content\/uploads\/2017\/03\/2017_03_17_TSV_Gelenau_internationale_DM_1703.jpg' rel=\"lightbox[102108]\"><img loading=\"lazy\" decoding=\"async\" width=\"150\" height=\"150\" src=\"https:\/\/mikanews.de\/wp-content\/uploads\/2017\/03\/2017_03_17_TSV_Gelenau_internationale_DM_1703-150x150.jpg\" class=\"attachment-thumbnail size-thumbnail\" alt=\"\" \/><\/a>\n\t\t\t<\/div><\/figure><figure class='gallery-item'>\n\t\t\t<div class='gallery-icon landscape'>\n\t\t\t\t<a href='https:\/\/mikanews.de\/wp-content\/uploads\/2017\/03\/2017_03_17_TSV_Gelenau_internationale_DM_1704.jpg' rel=\"lightbox[102108]\"><img loading=\"lazy\" decoding=\"async\" width=\"150\" height=\"150\" src=\"https:\/\/mikanews.de\/wp-content\/uploads\/2017\/03\/2017_03_17_TSV_Gelenau_internationale_DM_1704-150x150.jpg\" class=\"attachment-thumbnail size-thumbnail\" alt=\"\" \/><\/a>\n\t\t\t<\/div><\/figure><figure class='gallery-item'>\n\t\t\t<div class='gallery-icon landscape'>\n\t\t\t\t<a href='https:\/\/mikanews.de\/wp-content\/uploads\/2017\/03\/2017_03_17_TSV_Gelenau_internationale_DM_1707.jpg' rel=\"lightbox[102108]\"><img loading=\"lazy\" decoding=\"async\" width=\"150\" height=\"150\" src=\"https:\/\/mikanews.de\/wp-content\/uploads\/2017\/03\/2017_03_17_TSV_Gelenau_internationale_DM_1707-150x150.jpg\" class=\"attachment-thumbnail size-thumbnail\" alt=\"\" \/><\/a>\n\t\t\t<\/div><\/figure><figure class='gallery-item'>\n\t\t\t<div class='gallery-icon landscape'>\n\t\t\t\t<a href='https:\/\/mikanews.de\/wp-content\/uploads\/2017\/03\/2017_03_17_TSV_Gelenau_internationale_DM_1717.jpg' rel=\"lightbox[102108]\"><img loading=\"lazy\" decoding=\"async\" width=\"150\" height=\"150\" src=\"https:\/\/mikanews.de\/wp-content\/uploads\/2017\/03\/2017_03_17_TSV_Gelenau_internationale_DM_1717-150x150.jpg\" class=\"attachment-thumbnail size-thumbnail\" alt=\"\" \/><\/a>\n\t\t\t<\/div><\/figure><figure class='gallery-item'>\n\t\t\t<div class='gallery-icon landscape'>\n\t\t\t\t<a href='https:\/\/mikanews.de\/wp-content\/uploads\/2017\/03\/2017_03_17_TSV_Gelenau_internationale_DM_1720.jpg' rel=\"lightbox[102108]\"><img loading=\"lazy\" decoding=\"async\" width=\"150\" height=\"150\" src=\"https:\/\/mikanews.de\/wp-content\/uploads\/2017\/03\/2017_03_17_TSV_Gelenau_internationale_DM_1720-150x150.jpg\" class=\"attachment-thumbnail size-thumbnail\" alt=\"\" \/><\/a>\n\t\t\t<\/div><\/figure><figure class='gallery-item'>\n\t\t\t<div class='gallery-icon landscape'>\n\t\t\t\t<a href='https:\/\/mikanews.de\/wp-content\/uploads\/2017\/03\/2017_03_17_TSV_Gelenau_internationale_DM_1725.jpg' rel=\"lightbox[102108]\"><img loading=\"lazy\" decoding=\"async\" width=\"150\" height=\"150\" src=\"https:\/\/mikanews.de\/wp-content\/uploads\/2017\/03\/2017_03_17_TSV_Gelenau_internationale_DM_1725-150x150.jpg\" class=\"attachment-thumbnail size-thumbnail\" alt=\"\" \/><\/a>\n\t\t\t<\/div><\/figure><figure class='gallery-item'>\n\t\t\t<div class='gallery-icon landscape'>\n\t\t\t\t<a href='https:\/\/mikanews.de\/wp-content\/uploads\/2017\/03\/2017_03_17_TSV_Gelenau_internationale_DM_1726.jpg' rel=\"lightbox[102108]\"><img loading=\"lazy\" decoding=\"async\" width=\"150\" height=\"150\" src=\"https:\/\/mikanews.de\/wp-content\/uploads\/2017\/03\/2017_03_17_TSV_Gelenau_internationale_DM_1726-150x150.jpg\" class=\"attachment-thumbnail size-thumbnail\" alt=\"\" \/><\/a>\n\t\t\t<\/div><\/figure><figure class='gallery-item'>\n\t\t\t<div class='gallery-icon landscape'>\n\t\t\t\t<a href='https:\/\/mikanews.de\/wp-content\/uploads\/2017\/03\/2017_03_17_TSV_Gelenau_internationale_DM_1729.jpg' rel=\"lightbox[102108]\"><img loading=\"lazy\" decoding=\"async\" width=\"150\" height=\"150\" src=\"https:\/\/mikanews.de\/wp-content\/uploads\/2017\/03\/2017_03_17_TSV_Gelenau_internationale_DM_1729-150x150.jpg\" class=\"attachment-thumbnail size-thumbnail\" alt=\"\" \/><\/a>\n\t\t\t<\/div><\/figure><figure class='gallery-item'>\n\t\t\t<div class='gallery-icon landscape'>\n\t\t\t\t<a href='https:\/\/mikanews.de\/wp-content\/uploads\/2017\/03\/2017_03_17_TSV_Gelenau_internationale_DM_1731.jpg' rel=\"lightbox[102108]\"><img loading=\"lazy\" decoding=\"async\" width=\"150\" height=\"150\" src=\"https:\/\/mikanews.de\/wp-content\/uploads\/2017\/03\/2017_03_17_TSV_Gelenau_internationale_DM_1731-150x150.jpg\" class=\"attachment-thumbnail size-thumbnail\" alt=\"\" \/><\/a>\n\t\t\t<\/div><\/figure>\n\t\t<\/div>\n\n<p>In EB siegte Moritz Hilbert zwar im letzten Lauf, aber vorher war fast klar, dass der Titel zwischen Jan und Ollie entschieden wird. Diesen holte Ollie nachdem Jan einen Fehler einbaute. Schade, somit siegte Ollie in EB und GT.<\/p>\n<figure id=\"attachment_102349\" aria-describedby=\"caption-attachment-102349\" style=\"width: 300px\" class=\"wp-caption aligncenter\"><a href=\"https:\/\/mikanews.de\/wp-content\/uploads\/2017\/03\/2017_03_17_TSV_Gelenau_internationale_DM_1672.jpg\" rel=\"lightbox[102108]\"><img loading=\"lazy\" decoding=\"async\" class=\"wp-image-102349 size-medium\" src=\"https:\/\/mikanews.de\/wp-content\/uploads\/2017\/03\/2017_03_17_TSV_Gelenau_internationale_DM_1672-300x200.jpg\" alt=\"\" width=\"300\" height=\"200\" srcset=\"https:\/\/mikanews.de\/wp-content\/uploads\/2017\/03\/2017_03_17_TSV_Gelenau_internationale_DM_1672-300x200.jpg 300w, https:\/\/mikanews.de\/wp-content\/uploads\/2017\/03\/2017_03_17_TSV_Gelenau_internationale_DM_1672.jpg 850w\" sizes=\"auto, (max-width: 300px) 100vw, 300px\" \/><\/a><figcaption id=\"caption-attachment-102349\" class=\"wp-caption-text\">Ollie siegt in EB und GT<\/figcaption><\/figure>\n<figure id=\"attachment_102350\" aria-describedby=\"caption-attachment-102350\" style=\"width: 300px\" class=\"wp-caption aligncenter\"><a href=\"https:\/\/mikanews.de\/wp-content\/uploads\/2017\/03\/2017_03_17_TSV_Gelenau_internationale_DM_1670.jpg\" rel=\"lightbox[102108]\"><img loading=\"lazy\" decoding=\"async\" class=\"wp-image-102350 size-medium\" src=\"https:\/\/mikanews.de\/wp-content\/uploads\/2017\/03\/2017_03_17_TSV_Gelenau_internationale_DM_1670-300x200.jpg\" alt=\"\" width=\"300\" height=\"200\" srcset=\"https:\/\/mikanews.de\/wp-content\/uploads\/2017\/03\/2017_03_17_TSV_Gelenau_internationale_DM_1670-300x200.jpg 300w, https:\/\/mikanews.de\/wp-content\/uploads\/2017\/03\/2017_03_17_TSV_Gelenau_internationale_DM_1670.jpg 850w\" sizes=\"auto, (max-width: 300px) 100vw, 300px\" \/><\/a><figcaption id=\"caption-attachment-102350\" class=\"wp-caption-text\">Moritz Hilbert sichert sich den Sieg im 3.Lauf und wird Gesamtdritter.<\/figcaption><\/figure>\n<h6><a href=\"https:\/\/mikanews.de\/wp-content\/uploads\/2017\/03\/2017_03_17_TSV_Gelenau_internationale_DM_1671.jpg\" rel=\"lightbox[102108]\"><img loading=\"lazy\" decoding=\"async\" class=\"aligncenter size-medium wp-image-102351\" src=\"https:\/\/mikanews.de\/wp-content\/uploads\/2017\/03\/2017_03_17_TSV_Gelenau_internationale_DM_1671-300x200.jpg\" alt=\"\" width=\"300\" height=\"200\" srcset=\"https:\/\/mikanews.de\/wp-content\/uploads\/2017\/03\/2017_03_17_TSV_Gelenau_internationale_DM_1671-300x200.jpg 300w, https:\/\/mikanews.de\/wp-content\/uploads\/2017\/03\/2017_03_17_TSV_Gelenau_internationale_DM_1671.jpg 850w\" sizes=\"auto, (max-width: 300px) 100vw, 300px\" \/><\/a><\/h6>\n<h6>Endergebnis<\/h6>\n<figure id=\"attachment_102366\" aria-describedby=\"caption-attachment-102366\" style=\"width: 300px\" class=\"wp-caption aligncenter\"><a href=\"https:\/\/mikanews.de\/wp-content\/uploads\/2017\/03\/2017_03_17_TSV_Gelenau_internationale_DM_1752.jpg\" rel=\"lightbox[102108]\"><img loading=\"lazy\" decoding=\"async\" class=\"wp-image-102366 size-medium\" src=\"https:\/\/mikanews.de\/wp-content\/uploads\/2017\/03\/2017_03_17_TSV_Gelenau_internationale_DM_1752-300x200.jpg\" alt=\"\" width=\"300\" height=\"200\" srcset=\"https:\/\/mikanews.de\/wp-content\/uploads\/2017\/03\/2017_03_17_TSV_Gelenau_internationale_DM_1752-300x200.jpg 300w, https:\/\/mikanews.de\/wp-content\/uploads\/2017\/03\/2017_03_17_TSV_Gelenau_internationale_DM_1752.jpg 850w\" sizes=\"auto, (max-width: 300px) 100vw, 300px\" \/><\/a><figcaption id=\"caption-attachment-102366\" class=\"wp-caption-text\">Alle drei im Bild<\/figcaption><\/figure>\n<figure id=\"attachment_102364\" aria-describedby=\"caption-attachment-102364\" style=\"width: 200px\" class=\"wp-caption aligncenter\"><a href=\"https:\/\/mikanews.de\/wp-content\/uploads\/2017\/03\/2017_03_17_TSV_Gelenau_internationale_DM_1746.jpg\" rel=\"lightbox[102108]\"><img loading=\"lazy\" decoding=\"async\" class=\"wp-image-102364 size-medium\" src=\"https:\/\/mikanews.de\/wp-content\/uploads\/2017\/03\/2017_03_17_TSV_Gelenau_internationale_DM_1746-200x300.jpg\" alt=\"\" width=\"200\" height=\"300\" srcset=\"https:\/\/mikanews.de\/wp-content\/uploads\/2017\/03\/2017_03_17_TSV_Gelenau_internationale_DM_1746-200x300.jpg 200w, https:\/\/mikanews.de\/wp-content\/uploads\/2017\/03\/2017_03_17_TSV_Gelenau_internationale_DM_1746.jpg 567w\" sizes=\"auto, (max-width: 200px) 100vw, 200px\" \/><\/a><figcaption id=\"caption-attachment-102364\" class=\"wp-caption-text\">Philipp Lischke wird Junioren-Meister<\/figcaption><\/figure>\n<figure id=\"attachment_102365\" aria-describedby=\"caption-attachment-102365\" style=\"width: 200px\" class=\"wp-caption aligncenter\"><a href=\"https:\/\/mikanews.de\/wp-content\/uploads\/2017\/03\/2017_03_17_TSV_Gelenau_internationale_DM_1750.jpg\" rel=\"lightbox[102108]\"><img loading=\"lazy\" decoding=\"async\" class=\"wp-image-102365 size-medium\" src=\"https:\/\/mikanews.de\/wp-content\/uploads\/2017\/03\/2017_03_17_TSV_Gelenau_internationale_DM_1750-200x300.jpg\" alt=\"\" width=\"200\" height=\"300\" srcset=\"https:\/\/mikanews.de\/wp-content\/uploads\/2017\/03\/2017_03_17_TSV_Gelenau_internationale_DM_1750-200x300.jpg 200w, https:\/\/mikanews.de\/wp-content\/uploads\/2017\/03\/2017_03_17_TSV_Gelenau_internationale_DM_1750.jpg 567w\" sizes=\"auto, (max-width: 200px) 100vw, 200px\" \/><\/a><figcaption id=\"caption-attachment-102365\" class=\"wp-caption-text\">Ollie Payne sichert sich den Jugend-Titel vor Antonios Theofilou<\/figcaption><\/figure>\n<h6>EA<\/h6>\n<ol>\n<li>Daniel Sieber &#8211; Black Art Prototype<\/li>\n<li>Markus Mobers &#8211; <a href=\"https:\/\/mikanews.de\/2016\/03\/12\/chassisfokus-crc-xti-wc-edition-jan-dietmar\/\" target=\"_blank\">CRC XTI WC<\/a><\/li>\n<li>Jan Ratheisky &#8211; <a href=\"https:\/\/mikanews.de\/2016\/09\/22\/team-xray-x1217-details\/\" target=\"_blank\">Xray X12`17<\/a><\/li>\n<li>Tim Altmann &#8211; Eigenbau<\/li>\n<li>Martin Wilfinger &#8211; Project Godspeed 12<\/li>\n<li>Martin Bruckner &#8211; <a href=\"https:\/\/mikanews.de\/2016\/09\/22\/team-xray-x1217-details\/\" target=\"_blank\">Xray X12`16<\/a><\/li>\n<li>Norbert Omelanczuk Yokomo R12<\/li>\n<li>Dai Sakaguchi &#8211; <a href=\"https:\/\/mikanews.de\/2016\/03\/31\/chassisfokus-square-rms-001-zeta-dai-sakaguchi\/\" target=\"_blank\">Square RMS<\/a><\/li>\n<\/ol>\n<h6><a href=\"https:\/\/mikanews.de\/wp-content\/uploads\/2017\/03\/2017_03_17_TSV_Gelenau_internationale_DM_1786.jpg\" rel=\"lightbox[102108]\"><img loading=\"lazy\" decoding=\"async\" class=\"aligncenter size-medium wp-image-102358\" src=\"https:\/\/mikanews.de\/wp-content\/uploads\/2017\/03\/2017_03_17_TSV_Gelenau_internationale_DM_1786-300x200.jpg\" alt=\"\" width=\"300\" height=\"200\" srcset=\"https:\/\/mikanews.de\/wp-content\/uploads\/2017\/03\/2017_03_17_TSV_Gelenau_internationale_DM_1786-300x200.jpg 300w, https:\/\/mikanews.de\/wp-content\/uploads\/2017\/03\/2017_03_17_TSV_Gelenau_internationale_DM_1786.jpg 850w\" sizes=\"auto, (max-width: 300px) 100vw, 300px\" \/><\/a> <a href=\"https:\/\/mikanews.de\/wp-content\/uploads\/2017\/03\/2017_03_17_TSV_Gelenau_internationale_DM_1788.jpg\" rel=\"lightbox[102108]\"><img loading=\"lazy\" decoding=\"async\" class=\"aligncenter size-medium wp-image-102359\" src=\"https:\/\/mikanews.de\/wp-content\/uploads\/2017\/03\/2017_03_17_TSV_Gelenau_internationale_DM_1788-300x200.jpg\" alt=\"\" width=\"300\" height=\"200\" srcset=\"https:\/\/mikanews.de\/wp-content\/uploads\/2017\/03\/2017_03_17_TSV_Gelenau_internationale_DM_1788-300x200.jpg 300w, https:\/\/mikanews.de\/wp-content\/uploads\/2017\/03\/2017_03_17_TSV_Gelenau_internationale_DM_1788.jpg 850w\" sizes=\"auto, (max-width: 300px) 100vw, 300px\" \/><\/a>EB<\/h6>\n<ol>\n<li>Ollie Payne &#8211;<\/li>\n<li>Jan Ratheisky &#8211; <a href=\"https:\/\/mikanews.de\/2016\/09\/22\/team-xray-x1217-details\/\" target=\"_blank\">Xray X12`17<\/a><\/li>\n<li>Moritz Hilbert &#8211; Asso RC12B5.2<\/li>\n<li>Robert Klier &#8211; <a href=\"https:\/\/mikanews.de\/2016\/03\/16\/chassisfokus-top-racing-rebel-12-robert-klier\/\" target=\"_blank\">Top Rebel 12<\/a><\/li>\n<li>Stefan Schulz &#8211; <a href=\"https:\/\/mikanews.de\/2016\/12\/21\/neues-aluminium-chassis-und-pod-fuer-den-x1217\/\" target=\"_blank\">Xray X12`17<\/a><\/li>\n<li>Martin Wilfinger &#8211; Project Godspeed 12<\/li>\n<li>Jacques Libar &#8211; <a href=\"https:\/\/mikanews.de\/2016\/03\/12\/chassisfokus-crc-xti-wc-edition-jan-dietmar\/\" target=\"_blank\">CRC<\/a><\/li>\n<li>Sascha Freitag &#8211; Black Art \/ Eigenbau<\/li>\n<li>Antonios Theofilou &#8211; <a href=\"https:\/\/mikanews.de\/2016\/12\/21\/neues-aluminium-chassis-und-pod-fuer-den-x1217\/\" target=\"_blank\">Xray X12`17<\/a><\/li>\n<li>Tim Altmann &#8211; Eigenbau &#8222;Kati&#8220;<\/li>\n<\/ol>\n<figure id=\"attachment_102363\" aria-describedby=\"caption-attachment-102363\" style=\"width: 300px\" class=\"wp-caption aligncenter\"><a href=\"https:\/\/mikanews.de\/wp-content\/uploads\/2017\/03\/2017_03_17_TSV_Gelenau_internationale_DM_1778.jpg\" rel=\"lightbox[102108]\"><img loading=\"lazy\" decoding=\"async\" class=\"wp-image-102363 size-medium\" src=\"https:\/\/mikanews.de\/wp-content\/uploads\/2017\/03\/2017_03_17_TSV_Gelenau_internationale_DM_1778-300x200.jpg\" alt=\"\" width=\"300\" height=\"200\" srcset=\"https:\/\/mikanews.de\/wp-content\/uploads\/2017\/03\/2017_03_17_TSV_Gelenau_internationale_DM_1778-300x200.jpg 300w, https:\/\/mikanews.de\/wp-content\/uploads\/2017\/03\/2017_03_17_TSV_Gelenau_internationale_DM_1778.jpg 850w\" sizes=\"auto, (max-width: 300px) 100vw, 300px\" \/><\/a><figcaption id=\"caption-attachment-102363\" class=\"wp-caption-text\">Die ersten 10 der Klasse EB.<\/figcaption><\/figure>\n<figure id=\"attachment_102362\" aria-describedby=\"caption-attachment-102362\" style=\"width: 300px\" class=\"wp-caption aligncenter\"><a href=\"https:\/\/mikanews.de\/wp-content\/uploads\/2017\/03\/2017_03_17_TSV_Gelenau_internationale_DM_1779.jpg\" rel=\"lightbox[102108]\"><img loading=\"lazy\" decoding=\"async\" class=\"wp-image-102362 size-medium\" src=\"https:\/\/mikanews.de\/wp-content\/uploads\/2017\/03\/2017_03_17_TSV_Gelenau_internationale_DM_1779-300x200.jpg\" alt=\"\" width=\"300\" height=\"200\" srcset=\"https:\/\/mikanews.de\/wp-content\/uploads\/2017\/03\/2017_03_17_TSV_Gelenau_internationale_DM_1779-300x200.jpg 300w, https:\/\/mikanews.de\/wp-content\/uploads\/2017\/03\/2017_03_17_TSV_Gelenau_internationale_DM_1779.jpg 850w\" sizes=\"auto, (max-width: 300px) 100vw, 300px\" \/><\/a><figcaption id=\"caption-attachment-102362\" class=\"wp-caption-text\">&#8230;.jetzt mit den unteren Finalgewinnern<\/figcaption><\/figure>\n<h6>GT<\/h6>\n<ol>\n<li>Ollie Payne &#8211; Zen Racing RXGT12<\/li>\n<li>Christopher Meier &#8211; <a href=\"https:\/\/mikanews.de\/2016\/03\/16\/chassisfokus-top-racing-rebel-12-robert-klier\/\" target=\"_blank\">Top Rebel 12<\/a><\/li>\n<li>Christian Drie\u00dfle &#8211; Asso RC12 5.2<\/li>\n<li>Mark Malzan &#8211; <a href=\"https:\/\/mikanews.de\/2016\/09\/22\/team-xray-x1217-details\/\" target=\"_blank\">Xray X12`16<\/a><\/li>\n<li>Torsten Br\u00e4uer<\/li>\n<li>Erich Niederer &#8211; <a href=\"https:\/\/mikanews.de\/2016\/03\/16\/chassisfokus-top-racing-rebel-12-robert-klier\/\" target=\"_blank\">Top Rebel 12<\/a><\/li>\n<li>Christian Krieg-Eich &#8211; <a href=\"https:\/\/mikanews.de\/2016\/09\/22\/team-xray-x1217-details\/\" target=\"_blank\">Xray X12`16<\/a><\/li>\n<li>Michael Klaus &#8211; Top Racing<\/li>\n<\/ol>\n<h6><a href=\"https:\/\/mikanews.de\/wp-content\/uploads\/2017\/03\/2017_03_17_TSV_Gelenau_internationale_DM_1760.jpg\" rel=\"lightbox[102108]\"><img loading=\"lazy\" decoding=\"async\" class=\"aligncenter size-medium wp-image-102360\" src=\"https:\/\/mikanews.de\/wp-content\/uploads\/2017\/03\/2017_03_17_TSV_Gelenau_internationale_DM_1760-200x300.jpg\" alt=\"\" width=\"200\" height=\"300\" srcset=\"https:\/\/mikanews.de\/wp-content\/uploads\/2017\/03\/2017_03_17_TSV_Gelenau_internationale_DM_1760-200x300.jpg 200w, https:\/\/mikanews.de\/wp-content\/uploads\/2017\/03\/2017_03_17_TSV_Gelenau_internationale_DM_1760.jpg 567w\" sizes=\"auto, (max-width: 200px) 100vw, 200px\" \/><\/a> <a href=\"https:\/\/mikanews.de\/wp-content\/uploads\/2017\/03\/2017_03_17_TSV_Gelenau_internationale_DM_1759.jpg\" rel=\"lightbox[102108]\"><img loading=\"lazy\" decoding=\"async\" class=\"aligncenter size-medium wp-image-102361\" src=\"https:\/\/mikanews.de\/wp-content\/uploads\/2017\/03\/2017_03_17_TSV_Gelenau_internationale_DM_1759-300x200.jpg\" alt=\"\" width=\"300\" height=\"200\" srcset=\"https:\/\/mikanews.de\/wp-content\/uploads\/2017\/03\/2017_03_17_TSV_Gelenau_internationale_DM_1759-300x200.jpg 300w, https:\/\/mikanews.de\/wp-content\/uploads\/2017\/03\/2017_03_17_TSV_Gelenau_internationale_DM_1759.jpg 850w\" sizes=\"auto, (max-width: 300px) 100vw, 300px\" \/><\/a><\/h6>\n<h6>Das komplette Ergebnis findet ihr hier: <a href=\"http:\/\/www.tsv-gelenau.de\/cms\/res_2017_dm\/Gesamtergebnis.pdf\" target=\"_blank\">&#8211;Gesamtergebnis&#8211;<\/a><\/h6>\n<h6>News 14:30 Uhr &#8211; 2.A-Finale &#8211; Entscheidungen in EA und EB vertagt.<\/h6>\n<p>In der Klasse EA und EB sind die Entscheidungen verschoben auf das letzte Finale. Daniel Sieber klebte lange Zeit am Heck vom CRC von Markus und schob sich dann unter jubelten Applaus vorbei. Leider kam dadurch Markus sein Fahrzeug von der Strecke ab und der R\u00fcckstand war zu gro\u00df, jedoch schnupperte Jan Ratheisky kurz an Platz 2.<\/p>\n<figure id=\"attachment_102332\" aria-describedby=\"caption-attachment-102332\" style=\"width: 200px\" class=\"wp-caption aligncenter\"><a href=\"https:\/\/mikanews.de\/wp-content\/uploads\/2017\/03\/2017_03_17_TSV_Gelenau_internationale_DM_1467.jpg\" rel=\"lightbox[102108]\"><img loading=\"lazy\" decoding=\"async\" class=\"size-medium wp-image-102332\" src=\"https:\/\/mikanews.de\/wp-content\/uploads\/2017\/03\/2017_03_17_TSV_Gelenau_internationale_DM_1467-200x300.jpg\" alt=\"\" width=\"200\" height=\"300\" srcset=\"https:\/\/mikanews.de\/wp-content\/uploads\/2017\/03\/2017_03_17_TSV_Gelenau_internationale_DM_1467-200x300.jpg 200w, https:\/\/mikanews.de\/wp-content\/uploads\/2017\/03\/2017_03_17_TSV_Gelenau_internationale_DM_1467.jpg 567w\" sizes=\"auto, (max-width: 200px) 100vw, 200px\" \/><\/a><figcaption id=\"caption-attachment-102332\" class=\"wp-caption-text\">Daniel Sieber siegte im 2.A-Finale EA<\/figcaption><\/figure>\n<div id='gallery-3' class='gallery galleryid-102108 gallery-columns-5 gallery-size-thumbnail'><figure class='gallery-item'>\n\t\t\t<div class='gallery-icon landscape'>\n\t\t\t\t<a href='https:\/\/mikanews.de\/wp-content\/uploads\/2017\/03\/2017_03_17_TSV_Gelenau_internationale_DM_1479.jpg' rel=\"lightbox[102108]\"><img loading=\"lazy\" decoding=\"async\" width=\"150\" height=\"150\" src=\"https:\/\/mikanews.de\/wp-content\/uploads\/2017\/03\/2017_03_17_TSV_Gelenau_internationale_DM_1479-150x150.jpg\" class=\"attachment-thumbnail size-thumbnail\" alt=\"\" \/><\/a>\n\t\t\t<\/div><\/figure><figure class='gallery-item'>\n\t\t\t<div class='gallery-icon landscape'>\n\t\t\t\t<a href='https:\/\/mikanews.de\/wp-content\/uploads\/2017\/03\/2017_03_17_TSV_Gelenau_internationale_DM_1484.jpg' rel=\"lightbox[102108]\"><img loading=\"lazy\" decoding=\"async\" width=\"150\" height=\"150\" src=\"https:\/\/mikanews.de\/wp-content\/uploads\/2017\/03\/2017_03_17_TSV_Gelenau_internationale_DM_1484-150x150.jpg\" class=\"attachment-thumbnail size-thumbnail\" alt=\"\" \/><\/a>\n\t\t\t<\/div><\/figure><figure class='gallery-item'>\n\t\t\t<div class='gallery-icon landscape'>\n\t\t\t\t<a href='https:\/\/mikanews.de\/wp-content\/uploads\/2017\/03\/2017_03_17_TSV_Gelenau_internationale_DM_1485.jpg' rel=\"lightbox[102108]\"><img loading=\"lazy\" decoding=\"async\" width=\"150\" height=\"150\" src=\"https:\/\/mikanews.de\/wp-content\/uploads\/2017\/03\/2017_03_17_TSV_Gelenau_internationale_DM_1485-150x150.jpg\" class=\"attachment-thumbnail size-thumbnail\" alt=\"\" \/><\/a>\n\t\t\t<\/div><\/figure><figure class='gallery-item'>\n\t\t\t<div class='gallery-icon landscape'>\n\t\t\t\t<a href='https:\/\/mikanews.de\/wp-content\/uploads\/2017\/03\/2017_03_17_TSV_Gelenau_internationale_DM_1487.jpg' rel=\"lightbox[102108]\"><img loading=\"lazy\" decoding=\"async\" width=\"150\" height=\"150\" src=\"https:\/\/mikanews.de\/wp-content\/uploads\/2017\/03\/2017_03_17_TSV_Gelenau_internationale_DM_1487-150x150.jpg\" class=\"attachment-thumbnail size-thumbnail\" alt=\"\" \/><\/a>\n\t\t\t<\/div><\/figure><figure class='gallery-item'>\n\t\t\t<div class='gallery-icon landscape'>\n\t\t\t\t<a href='https:\/\/mikanews.de\/wp-content\/uploads\/2017\/03\/2017_03_17_TSV_Gelenau_internationale_DM_1491.jpg' rel=\"lightbox[102108]\"><img loading=\"lazy\" decoding=\"async\" width=\"150\" height=\"150\" src=\"https:\/\/mikanews.de\/wp-content\/uploads\/2017\/03\/2017_03_17_TSV_Gelenau_internationale_DM_1491-150x150.jpg\" class=\"attachment-thumbnail size-thumbnail\" alt=\"\" \/><\/a>\n\t\t\t<\/div><\/figure>\n\t\t<\/div>\n\n<p>In einem echt hei\u00dfumk\u00e4mpften und nerverzerreibenden zweiten A-Finale EB mit tollen Positionsk\u00e4mpften siegte Jan vor Ollie, Moritz und Stefan, nachdem es einige Positionsverschiebungen gab. Jan profitierte von einem Fehler von den beiden F\u00fchrenden und nutzt die L\u00fccke, nachdem Ollie`s Fahrzeug auf dem Dach lag. Entscheidung auch hier vertagt.<\/p>\n<figure id=\"attachment_102333\" aria-describedby=\"caption-attachment-102333\" style=\"width: 200px\" class=\"wp-caption aligncenter\"><a href=\"https:\/\/mikanews.de\/wp-content\/uploads\/2017\/03\/2017_03_17_TSV_Gelenau_internationale_DM_1500.jpg\" rel=\"lightbox[102108]\"><img loading=\"lazy\" decoding=\"async\" class=\"size-medium wp-image-102333\" src=\"https:\/\/mikanews.de\/wp-content\/uploads\/2017\/03\/2017_03_17_TSV_Gelenau_internationale_DM_1500-200x300.jpg\" alt=\"\" width=\"200\" height=\"300\" srcset=\"https:\/\/mikanews.de\/wp-content\/uploads\/2017\/03\/2017_03_17_TSV_Gelenau_internationale_DM_1500-200x300.jpg 200w, https:\/\/mikanews.de\/wp-content\/uploads\/2017\/03\/2017_03_17_TSV_Gelenau_internationale_DM_1500.jpg 567w\" sizes=\"auto, (max-width: 200px) 100vw, 200px\" \/><\/a><figcaption id=\"caption-attachment-102333\" class=\"wp-caption-text\">&#8222;Schlitzohr&#8220; &#8211; Jan gewinnt in Lauf 2 bei EB<\/figcaption><\/figure>\n<p>Ollie Payne gewinnt vorzeitig GT. Der Dritte der inoffiziellen GT-Weltmeisterschaft gewann v\u00f6llig verdient diese Klasse. Auf Platz 2 wird es wohl f\u00fcr Christopher Meier vor Christian Drie\u00dfle reichen. Mal schaun, was der letzte Lauf bringt.<\/p>\n<h6>News 12:30 Uhr &#8211; 1.A-Finale<\/h6>\n<p>EA<\/p>\n<p>Blitzsauber Start der ersten vier Piloten. Wie ein D-Zug ging es auf die 8 min\u00fctige Reise und die bereits zahlreichen Zuschauer sahen einen spannenden Lauf. Markus lie\u00df seinen Kontrahenten kaum Raum zum \u00fcberholen, als sein CRC kurz die Bande ber\u00fchrte und Daniel Sieber mit seinem Black Art Side-by-Side war. Doch es reicht nicht ganz und dies nutzte Jan mit seinem Xray und schob sich auf 2 hinter Markus. Danach entwickelte sich ein Zweikampf zwischen Jan und Daniel um den zweiten Platz, die beide durch kleinere Fehler eine Siegchance verschenkten. In der letzten Minuten sah es f\u00fcr Jan gut aus, aber eine klemmende Karosserie am Hinterrad konnte Daniel nutzen und Platz 2 hinter Markus erreichen. F\u00fcr Spannung bliebt gesorgt. Jan und Daniel k\u00f6nnen locker Markus in den letzten beiden Finas unter Druck setzen.<\/p>\n<h6>EA<\/h6>\n<ol>\n<li>Markus Mobers &#8211; CRC<\/li>\n<li>Daniel Sieber &#8211; Black Art<\/li>\n<li>Jan Ratheisky &#8211; Xray<\/li>\n<li>Tim Altmann &#8211; Eigenbau<\/li>\n<li>Martin Wilfinger<\/li>\n<li>Norbert Omelanczuk &#8211;<\/li>\n<li>Martin Bruckner<\/li>\n<li>Dai Sakaguchi<\/li>\n<\/ol>\n<div id='gallery-4' class='gallery galleryid-102108 gallery-columns-4 gallery-size-thumbnail'><figure class='gallery-item'>\n\t\t\t<div class='gallery-icon landscape'>\n\t\t\t\t<a href='https:\/\/mikanews.de\/wp-content\/uploads\/2017\/03\/2017_03_17_TSV_Gelenau_internationale_DM_1348.jpg' rel=\"lightbox[102108]\"><img loading=\"lazy\" decoding=\"async\" width=\"150\" height=\"150\" src=\"https:\/\/mikanews.de\/wp-content\/uploads\/2017\/03\/2017_03_17_TSV_Gelenau_internationale_DM_1348-150x150.jpg\" class=\"attachment-thumbnail size-thumbnail\" alt=\"\" \/><\/a>\n\t\t\t<\/div><\/figure><figure class='gallery-item'>\n\t\t\t<div class='gallery-icon landscape'>\n\t\t\t\t<a href='https:\/\/mikanews.de\/wp-content\/uploads\/2017\/03\/2017_03_17_TSV_Gelenau_internationale_DM_1350.jpg' rel=\"lightbox[102108]\"><img loading=\"lazy\" decoding=\"async\" width=\"150\" height=\"150\" src=\"https:\/\/mikanews.de\/wp-content\/uploads\/2017\/03\/2017_03_17_TSV_Gelenau_internationale_DM_1350-150x150.jpg\" class=\"attachment-thumbnail size-thumbnail\" alt=\"\" \/><\/a>\n\t\t\t<\/div><\/figure><figure class='gallery-item'>\n\t\t\t<div class='gallery-icon landscape'>\n\t\t\t\t<a href='https:\/\/mikanews.de\/wp-content\/uploads\/2017\/03\/2017_03_17_TSV_Gelenau_internationale_DM_1351.jpg' rel=\"lightbox[102108]\"><img loading=\"lazy\" decoding=\"async\" width=\"150\" height=\"150\" src=\"https:\/\/mikanews.de\/wp-content\/uploads\/2017\/03\/2017_03_17_TSV_Gelenau_internationale_DM_1351-150x150.jpg\" class=\"attachment-thumbnail size-thumbnail\" alt=\"\" \/><\/a>\n\t\t\t<\/div><\/figure><figure class='gallery-item'>\n\t\t\t<div class='gallery-icon landscape'>\n\t\t\t\t<a href='https:\/\/mikanews.de\/wp-content\/uploads\/2017\/03\/2017_03_17_TSV_Gelenau_internationale_DM_1352.jpg' rel=\"lightbox[102108]\"><img loading=\"lazy\" decoding=\"async\" width=\"150\" height=\"150\" src=\"https:\/\/mikanews.de\/wp-content\/uploads\/2017\/03\/2017_03_17_TSV_Gelenau_internationale_DM_1352-150x150.jpg\" class=\"attachment-thumbnail size-thumbnail\" alt=\"\" \/><\/a>\n\t\t\t<\/div><\/figure><figure class='gallery-item'>\n\t\t\t<div class='gallery-icon landscape'>\n\t\t\t\t<a href='https:\/\/mikanews.de\/wp-content\/uploads\/2017\/03\/2017_03_17_TSV_Gelenau_internationale_DM_1353.jpg' rel=\"lightbox[102108]\"><img loading=\"lazy\" decoding=\"async\" width=\"150\" height=\"150\" src=\"https:\/\/mikanews.de\/wp-content\/uploads\/2017\/03\/2017_03_17_TSV_Gelenau_internationale_DM_1353-150x150.jpg\" class=\"attachment-thumbnail size-thumbnail\" alt=\"\" \/><\/a>\n\t\t\t<\/div><\/figure><figure class='gallery-item'>\n\t\t\t<div class='gallery-icon landscape'>\n\t\t\t\t<a href='https:\/\/mikanews.de\/wp-content\/uploads\/2017\/03\/2017_03_17_TSV_Gelenau_internationale_DM_1354.jpg' rel=\"lightbox[102108]\"><img loading=\"lazy\" decoding=\"async\" width=\"150\" height=\"150\" src=\"https:\/\/mikanews.de\/wp-content\/uploads\/2017\/03\/2017_03_17_TSV_Gelenau_internationale_DM_1354-150x150.jpg\" class=\"attachment-thumbnail size-thumbnail\" alt=\"\" \/><\/a>\n\t\t\t<\/div><\/figure><figure class='gallery-item'>\n\t\t\t<div class='gallery-icon landscape'>\n\t\t\t\t<a href='https:\/\/mikanews.de\/wp-content\/uploads\/2017\/03\/2017_03_17_TSV_Gelenau_internationale_DM_1355.jpg' rel=\"lightbox[102108]\"><img loading=\"lazy\" decoding=\"async\" width=\"150\" height=\"150\" src=\"https:\/\/mikanews.de\/wp-content\/uploads\/2017\/03\/2017_03_17_TSV_Gelenau_internationale_DM_1355-150x150.jpg\" class=\"attachment-thumbnail size-thumbnail\" alt=\"\" \/><\/a>\n\t\t\t<\/div><\/figure><figure class='gallery-item'>\n\t\t\t<div class='gallery-icon landscape'>\n\t\t\t\t<a href='https:\/\/mikanews.de\/wp-content\/uploads\/2017\/03\/2017_03_17_TSV_Gelenau_internationale_DM_1356.jpg' rel=\"lightbox[102108]\"><img loading=\"lazy\" decoding=\"async\" width=\"150\" height=\"150\" src=\"https:\/\/mikanews.de\/wp-content\/uploads\/2017\/03\/2017_03_17_TSV_Gelenau_internationale_DM_1356-150x150.jpg\" class=\"attachment-thumbnail size-thumbnail\" alt=\"\" \/><\/a>\n\t\t\t<\/div><\/figure>\n\t\t<\/div>\n\n<h6><a href=\"https:\/\/mikanews.de\/wp-content\/uploads\/2017\/03\/2017_03_17_TSV_Gelenau_internationale_DM_1390.jpg\" rel=\"lightbox[102108]\"><img loading=\"lazy\" decoding=\"async\" class=\"aligncenter size-medium wp-image-102303\" src=\"https:\/\/mikanews.de\/wp-content\/uploads\/2017\/03\/2017_03_17_TSV_Gelenau_internationale_DM_1390-300x200.jpg\" alt=\"\" width=\"300\" height=\"200\" srcset=\"https:\/\/mikanews.de\/wp-content\/uploads\/2017\/03\/2017_03_17_TSV_Gelenau_internationale_DM_1390-300x200.jpg 300w, https:\/\/mikanews.de\/wp-content\/uploads\/2017\/03\/2017_03_17_TSV_Gelenau_internationale_DM_1390.jpg 850w\" sizes=\"auto, (max-width: 300px) 100vw, 300px\" \/><\/a><\/h6>\n<figure id=\"attachment_102312\" aria-describedby=\"caption-attachment-102312\" style=\"width: 300px\" class=\"wp-caption aligncenter\"><a href=\"https:\/\/mikanews.de\/wp-content\/uploads\/2017\/03\/2017_03_17_TSV_Gelenau_internationale_DM_1313.jpg\" rel=\"lightbox[102108]\"><img loading=\"lazy\" decoding=\"async\" class=\"size-medium wp-image-102312\" src=\"https:\/\/mikanews.de\/wp-content\/uploads\/2017\/03\/2017_03_17_TSV_Gelenau_internationale_DM_1313-300x200.jpg\" alt=\"\" width=\"300\" height=\"200\" srcset=\"https:\/\/mikanews.de\/wp-content\/uploads\/2017\/03\/2017_03_17_TSV_Gelenau_internationale_DM_1313-300x200.jpg 300w, https:\/\/mikanews.de\/wp-content\/uploads\/2017\/03\/2017_03_17_TSV_Gelenau_internationale_DM_1313.jpg 850w\" sizes=\"auto, (max-width: 300px) 100vw, 300px\" \/><\/a><figcaption id=\"caption-attachment-102312\" class=\"wp-caption-text\">Thomas Kohmann \u00fcbernahm nicht nur die Motorenkontrolle sondern er nutzt die freie Zeit auch zum Bilder fotografieren.<\/figcaption><\/figure>\n<figure id=\"attachment_102313\" aria-describedby=\"caption-attachment-102313\" style=\"width: 300px\" class=\"wp-caption aligncenter\"><a href=\"https:\/\/mikanews.de\/wp-content\/uploads\/2017\/03\/2017_03_17_TSV_Gelenau_internationale_DM_1392.jpg\" rel=\"lightbox[102108]\"><img loading=\"lazy\" decoding=\"async\" class=\"size-medium wp-image-102313\" src=\"https:\/\/mikanews.de\/wp-content\/uploads\/2017\/03\/2017_03_17_TSV_Gelenau_internationale_DM_1392-300x200.jpg\" alt=\"\" width=\"300\" height=\"200\" srcset=\"https:\/\/mikanews.de\/wp-content\/uploads\/2017\/03\/2017_03_17_TSV_Gelenau_internationale_DM_1392-300x200.jpg 300w, https:\/\/mikanews.de\/wp-content\/uploads\/2017\/03\/2017_03_17_TSV_Gelenau_internationale_DM_1392.jpg 850w\" sizes=\"auto, (max-width: 300px) 100vw, 300px\" \/><\/a><figcaption id=\"caption-attachment-102313\" class=\"wp-caption-text\">Markus gewann das erste Finale.<\/figcaption><\/figure>\n<h6>EB<\/h6>\n<p>Einen noch spannender Beginn sahen die Zuschauer in der Klasse EB. Ollie patzte in den ersten Runden und verlor zwei drei Pl\u00e4tze. Dies nutze Moritz Hilbert vor Jan Ratheisky aus. Seinerseits machte Ollie Druck und wollte unbedingt die verlorene Zeit aufholen. Erst kassierte er Jan und nun musste er die L\u00fccke zu Moritz schlie\u00dfen. Dann pl\u00f6tzlich ein Rauhnen unter den Zuschauern, was war passiert. Das Fahrzeug von Moritz blieb stehen &#8212; Ritzel ab. Was f\u00fcr ein Drama. Dies war die Chance f\u00fcr Ollie, der jetzt seine F\u00fchrungen langsam ausbauen konnte vor Jan. Dahinter schon sich der &#8222;noch&#8220; amtierende deutsche Meister Robert Klier. Von Platz 8 ging er an den Start. In der letzten Minute bekam er Druck von Stefan Schulz, der langsam still und leise die L\u00fccke schlie\u00dfen konnte. Doch kleinere Fehler verhinderten ein \u00dcberholman\u00f6ver. Der Sieg ging an Ollie vor Jan und Robert,<\/p>\n<ol>\n<li>Ollie Payne<\/li>\n<li>Jan Ratheisky &#8211; Xray<\/li>\n<li>Robert Klier &#8211; Top Racing Rebel 12<\/li>\n<li>Stefan Schulz &#8211; Xray<\/li>\n<li>Martin Wilfinger<\/li>\n<li>Jacques Libar<\/li>\n<li>Sascha Freitag<\/li>\n<li>Antonios Theofilou<\/li>\n<li>Tim Altmann<\/li>\n<li>Moritz Hilbert<\/li>\n<\/ol>\n<h6><a href=\"https:\/\/mikanews.de\/wp-content\/uploads\/2017\/03\/2017_03_17_TSV_Gelenau_internationale_DM_1331.jpg\" rel=\"lightbox[102108]\"><img loading=\"lazy\" decoding=\"async\" class=\"aligncenter size-medium wp-image-102302\" src=\"https:\/\/mikanews.de\/wp-content\/uploads\/2017\/03\/2017_03_17_TSV_Gelenau_internationale_DM_1331-300x200.jpg\" alt=\"\" width=\"300\" height=\"200\" srcset=\"https:\/\/mikanews.de\/wp-content\/uploads\/2017\/03\/2017_03_17_TSV_Gelenau_internationale_DM_1331-300x200.jpg 300w, https:\/\/mikanews.de\/wp-content\/uploads\/2017\/03\/2017_03_17_TSV_Gelenau_internationale_DM_1331.jpg 850w\" sizes=\"auto, (max-width: 300px) 100vw, 300px\" \/><\/a>GT<\/h6>\n<p>Es konnte nur einen geben und so war es auch. Ollie dominierte alle Vorl\u00e4ufe und dies zog sich in dem ersten Finale wie ein roter Fanden hin. Mit 2 Runden Vorsprung gewann er sicher vor Christopher Meier und Christian Drie\u00dfle.<\/p>\n<ol>\n<li>Ollie Payne<\/li>\n<li>Christopher Meier<\/li>\n<li>Christian Drie\u00dfle<\/li>\n<li>Erich Niederer<\/li>\n<li>Christian Krieg-Eich<\/li>\n<li>Mark Malzan<\/li>\n<li>Michael Klaus<\/li>\n<li>Torsten Br\u00e4uer<\/li>\n<\/ol>\n<div id='gallery-5' class='gallery galleryid-102108 gallery-columns-4 gallery-size-thumbnail'><figure class='gallery-item'>\n\t\t\t<div class='gallery-icon landscape'>\n\t\t\t\t<a href='https:\/\/mikanews.de\/wp-content\/uploads\/2017\/03\/2017_03_17_TSV_Gelenau_internationale_DM_1194.jpg' rel=\"lightbox[102108]\"><img loading=\"lazy\" decoding=\"async\" width=\"150\" height=\"150\" src=\"https:\/\/mikanews.de\/wp-content\/uploads\/2017\/03\/2017_03_17_TSV_Gelenau_internationale_DM_1194-150x150.jpg\" class=\"attachment-thumbnail size-thumbnail\" alt=\"\" \/><\/a>\n\t\t\t<\/div><\/figure><figure class='gallery-item'>\n\t\t\t<div class='gallery-icon landscape'>\n\t\t\t\t<a href='https:\/\/mikanews.de\/wp-content\/uploads\/2017\/03\/2017_03_17_TSV_Gelenau_internationale_DM_1195.jpg' rel=\"lightbox[102108]\"><img loading=\"lazy\" decoding=\"async\" width=\"150\" height=\"150\" src=\"https:\/\/mikanews.de\/wp-content\/uploads\/2017\/03\/2017_03_17_TSV_Gelenau_internationale_DM_1195-150x150.jpg\" class=\"attachment-thumbnail size-thumbnail\" alt=\"\" \/><\/a>\n\t\t\t<\/div><\/figure><figure class='gallery-item'>\n\t\t\t<div class='gallery-icon landscape'>\n\t\t\t\t<a href='https:\/\/mikanews.de\/wp-content\/uploads\/2017\/03\/2017_03_17_TSV_Gelenau_internationale_DM_1196.jpg' rel=\"lightbox[102108]\"><img loading=\"lazy\" decoding=\"async\" width=\"150\" height=\"150\" src=\"https:\/\/mikanews.de\/wp-content\/uploads\/2017\/03\/2017_03_17_TSV_Gelenau_internationale_DM_1196-150x150.jpg\" class=\"attachment-thumbnail size-thumbnail\" alt=\"\" \/><\/a>\n\t\t\t<\/div><\/figure><figure class='gallery-item'>\n\t\t\t<div class='gallery-icon landscape'>\n\t\t\t\t<a href='https:\/\/mikanews.de\/wp-content\/uploads\/2017\/03\/2017_03_17_TSV_Gelenau_internationale_DM_1197.jpg' rel=\"lightbox[102108]\"><img loading=\"lazy\" decoding=\"async\" width=\"150\" height=\"150\" src=\"https:\/\/mikanews.de\/wp-content\/uploads\/2017\/03\/2017_03_17_TSV_Gelenau_internationale_DM_1197-150x150.jpg\" class=\"attachment-thumbnail size-thumbnail\" alt=\"\" \/><\/a>\n\t\t\t<\/div><\/figure><figure class='gallery-item'>\n\t\t\t<div class='gallery-icon landscape'>\n\t\t\t\t<a href='https:\/\/mikanews.de\/wp-content\/uploads\/2017\/03\/2017_03_17_TSV_Gelenau_internationale_DM_1198.jpg' rel=\"lightbox[102108]\"><img loading=\"lazy\" decoding=\"async\" width=\"150\" height=\"150\" src=\"https:\/\/mikanews.de\/wp-content\/uploads\/2017\/03\/2017_03_17_TSV_Gelenau_internationale_DM_1198-150x150.jpg\" class=\"attachment-thumbnail size-thumbnail\" alt=\"\" \/><\/a>\n\t\t\t<\/div><\/figure><figure class='gallery-item'>\n\t\t\t<div class='gallery-icon landscape'>\n\t\t\t\t<a href='https:\/\/mikanews.de\/wp-content\/uploads\/2017\/03\/2017_03_17_TSV_Gelenau_internationale_DM_1199.jpg' rel=\"lightbox[102108]\"><img loading=\"lazy\" decoding=\"async\" width=\"150\" height=\"150\" src=\"https:\/\/mikanews.de\/wp-content\/uploads\/2017\/03\/2017_03_17_TSV_Gelenau_internationale_DM_1199-150x150.jpg\" class=\"attachment-thumbnail size-thumbnail\" alt=\"\" \/><\/a>\n\t\t\t<\/div><\/figure><figure class='gallery-item'>\n\t\t\t<div class='gallery-icon landscape'>\n\t\t\t\t<a href='https:\/\/mikanews.de\/wp-content\/uploads\/2017\/03\/2017_03_17_TSV_Gelenau_internationale_DM_1200.jpg' rel=\"lightbox[102108]\"><img loading=\"lazy\" decoding=\"async\" width=\"150\" height=\"150\" src=\"https:\/\/mikanews.de\/wp-content\/uploads\/2017\/03\/2017_03_17_TSV_Gelenau_internationale_DM_1200-150x150.jpg\" class=\"attachment-thumbnail size-thumbnail\" alt=\"\" \/><\/a>\n\t\t\t<\/div><\/figure><figure class='gallery-item'>\n\t\t\t<div class='gallery-icon landscape'>\n\t\t\t\t<a href='https:\/\/mikanews.de\/wp-content\/uploads\/2017\/03\/2017_03_17_TSV_Gelenau_internationale_DM_1201.jpg' rel=\"lightbox[102108]\"><img loading=\"lazy\" decoding=\"async\" width=\"150\" height=\"150\" src=\"https:\/\/mikanews.de\/wp-content\/uploads\/2017\/03\/2017_03_17_TSV_Gelenau_internationale_DM_1201-150x150.jpg\" class=\"attachment-thumbnail size-thumbnail\" alt=\"\" \/><\/a>\n\t\t\t<\/div><\/figure>\n\t\t<\/div>\n\n<h6>News Sonntag 10:10 Uhr &#8211; Letzter Vorlauf<\/h6>\n<h6>EA<\/h6>\n<ol>\n<li>Markus Mobers &#8211; CRC<\/li>\n<li>Daniel Sieber &#8211; Black Art<\/li>\n<li>Jan Ratheisky &#8211; Xray<\/li>\n<li>Tim Altmann &#8211; Eigenbau<\/li>\n<li>Norbert Omelanczuk &#8211;<\/li>\n<li>Martin Bruckner<\/li>\n<li>Dai Sakaguchi<\/li>\n<li>Martin Wilfinger<\/li>\n<li>Boyd Chwartacki<\/li>\n<li>Heinz Dewald<\/li>\n<\/ol>\n<figure id=\"attachment_102264\" aria-describedby=\"caption-attachment-102264\" style=\"width: 300px\" class=\"wp-caption aligncenter\"><a href=\"https:\/\/mikanews.de\/wp-content\/uploads\/2017\/03\/2017_03_17_TSV_Gelenau_internationale_DM_737.jpg\" rel=\"lightbox[102108]\"><img loading=\"lazy\" decoding=\"async\" class=\"size-medium wp-image-102264\" src=\"https:\/\/mikanews.de\/wp-content\/uploads\/2017\/03\/2017_03_17_TSV_Gelenau_internationale_DM_737-300x200.jpg\" alt=\"\" width=\"300\" height=\"200\" srcset=\"https:\/\/mikanews.de\/wp-content\/uploads\/2017\/03\/2017_03_17_TSV_Gelenau_internationale_DM_737-300x200.jpg 300w, https:\/\/mikanews.de\/wp-content\/uploads\/2017\/03\/2017_03_17_TSV_Gelenau_internationale_DM_737.jpg 850w\" sizes=\"auto, (max-width: 300px) 100vw, 300px\" \/><\/a><figcaption id=\"caption-attachment-102264\" class=\"wp-caption-text\">Markus Mobers gewinnt Vorlauf 2 und 4 in EA und steht zum Ende der Vorl\u00e4ufe auf Pole..<\/figcaption><\/figure>\n<h6>EB<\/h6>\n<ol>\n<li>Ollie Payne<\/li>\n<li>Moritz Hilbert<\/li>\n<li>Martin Wilfinger<\/li>\n<li>Jan Ratheisky &#8211; Xray<\/li>\n<li>Stefan Schulz &#8211; Xray<\/li>\n<li>Jacques Libar<\/li>\n<li>Tim Altmann<\/li>\n<li>Robert Klier &#8211; Top Racing Rebel 12<\/li>\n<li>Sascha Freitag<\/li>\n<li>Antonios Theofilou<\/li>\n<\/ol>\n<h6>GT<\/h6>\n<ol>\n<li>Ollie Payne<\/li>\n<li>Christopher Meier<\/li>\n<li>Christian Drie\u00dfle<\/li>\n<li>Mark Malzan<\/li>\n<li>Torsten Br\u00e4uer<\/li>\n<li>Christian Krieg-Eich<\/li>\n<li>Michael Klaus<\/li>\n<li>Erich Niederer<\/li>\n<\/ol>\n<figure id=\"attachment_102260\" aria-describedby=\"caption-attachment-102260\" style=\"width: 300px\" class=\"wp-caption aligncenter\"><a href=\"https:\/\/mikanews.de\/wp-content\/uploads\/2017\/03\/2017_03_17_TSV_Gelenau_internationale_DM_735.jpg\" rel=\"lightbox[102108]\"><img loading=\"lazy\" decoding=\"async\" class=\"wp-image-102260 size-medium\" src=\"https:\/\/mikanews.de\/wp-content\/uploads\/2017\/03\/2017_03_17_TSV_Gelenau_internationale_DM_735-300x200.jpg\" alt=\"\" width=\"300\" height=\"200\" srcset=\"https:\/\/mikanews.de\/wp-content\/uploads\/2017\/03\/2017_03_17_TSV_Gelenau_internationale_DM_735-300x200.jpg 300w, https:\/\/mikanews.de\/wp-content\/uploads\/2017\/03\/2017_03_17_TSV_Gelenau_internationale_DM_735.jpg 850w\" sizes=\"auto, (max-width: 300px) 100vw, 300px\" \/><\/a><figcaption id=\"caption-attachment-102260\" class=\"wp-caption-text\">Ollie Payne ist souver\u00e4n auf Pole bei GT und schaffte auch in EB die Pole<\/figcaption><\/figure>\n<p>Vor Ort f\u00fchren Andreas Hanisch (Streckensprecher), Michael Haase (beide Zeitnahme), Thomas Kohmann (Elektro-Referent DMC),\u00a0Josef Dragani und Dominik Fleischmann (Rennleitung) durch das Event.<\/p>\n<figure id=\"attachment_102219\" aria-describedby=\"caption-attachment-102219\" style=\"width: 300px\" class=\"wp-caption aligncenter\"><a href=\"https:\/\/mikanews.de\/wp-content\/uploads\/2017\/03\/2017_03_17_TSV_Gelenau_internationale_DM_446.jpg\" rel=\"lightbox[102108]\"><img loading=\"lazy\" decoding=\"async\" class=\"wp-image-102219 size-medium\" src=\"https:\/\/mikanews.de\/wp-content\/uploads\/2017\/03\/2017_03_17_TSV_Gelenau_internationale_DM_446-300x200.jpg\" alt=\"\" width=\"300\" height=\"200\" srcset=\"https:\/\/mikanews.de\/wp-content\/uploads\/2017\/03\/2017_03_17_TSV_Gelenau_internationale_DM_446-300x200.jpg 300w, https:\/\/mikanews.de\/wp-content\/uploads\/2017\/03\/2017_03_17_TSV_Gelenau_internationale_DM_446.jpg 850w\" sizes=\"auto, (max-width: 300px) 100vw, 300px\" \/><\/a><figcaption id=\"caption-attachment-102219\" class=\"wp-caption-text\">An einem Monitor neben der Strecke werden die aktuellen Zeiten und Ergebnisse angezeigt<\/figcaption><\/figure>\n<h6><a href=\"https:\/\/mikanews.de\/wp-content\/uploads\/2017\/03\/2017_03_17_TSV_Gelenau_internationale_DM_447.jpg\" rel=\"lightbox[102108]\"><img loading=\"lazy\" decoding=\"async\" class=\"aligncenter size-medium wp-image-102218\" src=\"https:\/\/mikanews.de\/wp-content\/uploads\/2017\/03\/2017_03_17_TSV_Gelenau_internationale_DM_447-300x200.jpg\" alt=\"\" width=\"300\" height=\"200\" srcset=\"https:\/\/mikanews.de\/wp-content\/uploads\/2017\/03\/2017_03_17_TSV_Gelenau_internationale_DM_447-300x200.jpg 300w, https:\/\/mikanews.de\/wp-content\/uploads\/2017\/03\/2017_03_17_TSV_Gelenau_internationale_DM_447.jpg 850w\" sizes=\"auto, (max-width: 300px) 100vw, 300px\" \/><\/a>Gestern ging es zur Fahrerparty mit Pommes, Buletten, H\u00e4hnchenkeulen, &#8222;Hackepeter&#8220; und Schnitzel. Als kleines Rahmenprogramm sorgte eine Tanzgruppe f\u00fcr coole Stimmung.<\/h6>\n<h6>News 20:16 Uhr &#8211; 4.Vorlauf<\/h6>\n<p>Der letzte Vorlauf am Samstag Abend brachte noch etwas an Ver\u00e4nderungen an der Spitze. Markus Mobers fuhr den schnellsten Lauf des Tages, womit er \u00fcber Nacht auf TQ steht, wie auch Moritz Hilbert, der die Dominanz von Ollie aus den Trainings und ersten beiden Vorl\u00e4ufen knackte. Der aktuelle Stand ist hier zu sehen.<\/p>\n<h6>EA<\/h6>\n<ol>\n<li>Markus Mobers &#8211; CRC<\/li>\n<li>Daniel Sieber &#8211; Black Art<\/li>\n<li>Tim Altmann &#8211; Eigenbau<\/li>\n<li>Jan Ratheisky &#8211; Xray<\/li>\n<li>Norbert Omelanczuk &#8211;<\/li>\n<li>Martin Bruckner<\/li>\n<li>Dai Sakaguchi<\/li>\n<li>Martin Wilfinger<\/li>\n<li>Boyd Chwartacki<\/li>\n<li>Heinz Dewald<\/li>\n<\/ol>\n<h6>EB<\/h6>\n<ol>\n<li>Moritz Hilbert<\/li>\n<li>Ollie Payne<\/li>\n<li>Martin Wilfinger<\/li>\n<li>Jan Ratheisky &#8211; Xray<\/li>\n<li>Stefan Schulz &#8211; Xray<\/li>\n<li>Jacques Libar<\/li>\n<li>Tim Altmann<\/li>\n<li>Robert Klier &#8211; Top Racing Rebel 12<\/li>\n<li>Sascha Freitag<\/li>\n<li>Dirk Br\u00e4uer<\/li>\n<\/ol>\n<figure id=\"attachment_102274\" aria-describedby=\"caption-attachment-102274\" style=\"width: 200px\" class=\"wp-caption aligncenter\"><a href=\"https:\/\/mikanews.de\/wp-content\/uploads\/2017\/03\/2017_03_17_TSV_Gelenau_internationale_DM_834.jpg\" rel=\"lightbox[102108]\"><img loading=\"lazy\" decoding=\"async\" class=\"size-medium wp-image-102274\" src=\"https:\/\/mikanews.de\/wp-content\/uploads\/2017\/03\/2017_03_17_TSV_Gelenau_internationale_DM_834-200x300.jpg\" alt=\"\" width=\"200\" height=\"300\" srcset=\"https:\/\/mikanews.de\/wp-content\/uploads\/2017\/03\/2017_03_17_TSV_Gelenau_internationale_DM_834-200x300.jpg 200w, https:\/\/mikanews.de\/wp-content\/uploads\/2017\/03\/2017_03_17_TSV_Gelenau_internationale_DM_834.jpg 567w\" sizes=\"auto, (max-width: 200px) 100vw, 200px\" \/><\/a><figcaption id=\"caption-attachment-102274\" class=\"wp-caption-text\">Moritz Hilbert schiebt sich mit dem Sieg im 4 Vorlauf auf Platz 1. Morgen entscheidet der letzte Vorlauf um die Pole.<\/figcaption><\/figure>\n<p>&nbsp;<\/p>\n<h6>GT<\/h6>\n<ol>\n<li>Ollie Payne<\/li>\n<li>Christopher Meier<\/li>\n<li>Christian Drie\u00dfle<\/li>\n<li>Mark Malzan<\/li>\n<li>Torsten Br\u00e4uer<\/li>\n<li>Michael Klaus<\/li>\n<li>Erich Niederer<\/li>\n<li>Christian Krieg-Eich<\/li>\n<\/ol>\n<p><a href=\"https:\/\/mikanews.de\/wp-content\/uploads\/2017\/03\/2017_03_17_TSV_Gelenau_internationale_DM_735.jpg\" rel=\"lightbox[102108]\"><img loading=\"lazy\" decoding=\"async\" class=\"size-medium wp-image-102260\" src=\"https:\/\/mikanews.de\/wp-content\/uploads\/2017\/03\/2017_03_17_TSV_Gelenau_internationale_DM_735-300x200.jpg\" alt=\"\" width=\"300\" height=\"200\" srcset=\"https:\/\/mikanews.de\/wp-content\/uploads\/2017\/03\/2017_03_17_TSV_Gelenau_internationale_DM_735-300x200.jpg 300w, https:\/\/mikanews.de\/wp-content\/uploads\/2017\/03\/2017_03_17_TSV_Gelenau_internationale_DM_735.jpg 850w\" sizes=\"auto, (max-width: 300px) 100vw, 300px\" \/><\/a><\/p>\n<p>Ollie Payne ist souver\u00e4n auf Pole bei GT<\/p>\n<div id='gallery-6' class='gallery galleryid-102108 gallery-columns-3 gallery-size-thumbnail'><figure class='gallery-item'>\n\t\t\t<div class='gallery-icon portrait'>\n\t\t\t\t<a href='https:\/\/mikanews.de\/?attachment_id=102279'><img loading=\"lazy\" decoding=\"async\" width=\"150\" height=\"150\" src=\"https:\/\/mikanews.de\/wp-content\/uploads\/2017\/03\/2017_03_17_gelenau_DM_1-150x150.jpg\" class=\"attachment-thumbnail size-thumbnail\" alt=\"\" \/><\/a>\n\t\t\t<\/div><\/figure><figure class='gallery-item'>\n\t\t\t<div class='gallery-icon portrait'>\n\t\t\t\t<a href='https:\/\/mikanews.de\/?attachment_id=102277'><img loading=\"lazy\" decoding=\"async\" width=\"150\" height=\"150\" src=\"https:\/\/mikanews.de\/wp-content\/uploads\/2017\/03\/2017_03_17_gelenau_DM_2-150x150.jpg\" class=\"attachment-thumbnail size-thumbnail\" alt=\"\" \/><\/a>\n\t\t\t<\/div><\/figure>\n\t\t<\/div>\n\n<h6>News 18:30 Uhr &#8211; 3.Vorlauf<\/h6>\n<p>Mit einem tollen Lauf konnte sich Daniel Sieber die F\u00fchrung in der Klasse EA sichern. Etwas an Boden verloren seine Konkurrenten w\u00e4hrend des Laufes. Bisher zeigte Daniel eine gute Performance \u00fcber den gesamten Lauf, welche Markus und Tim in der schnellsten Rundenzeiten locker mitgehen konnten, aber \u00fcber die Laufzeit nicht ganz mitgehen konnten. In den letzten beiden Vorl\u00e4ufen ist noch alles drin und vielleicht finden beide noch die fehlenden Zehntel.<a href=\"https:\/\/mikanews.de\/wp-content\/uploads\/2017\/03\/2017_03_17_TSV_Gelenau_internationale_DM_726.jpg\" rel=\"lightbox[102108]\"><img loading=\"lazy\" decoding=\"async\" class=\"aligncenter size-medium wp-image-102270\" src=\"https:\/\/mikanews.de\/wp-content\/uploads\/2017\/03\/2017_03_17_TSV_Gelenau_internationale_DM_726-300x200.jpg\" alt=\"\" width=\"300\" height=\"200\" srcset=\"https:\/\/mikanews.de\/wp-content\/uploads\/2017\/03\/2017_03_17_TSV_Gelenau_internationale_DM_726-300x200.jpg 300w, https:\/\/mikanews.de\/wp-content\/uploads\/2017\/03\/2017_03_17_TSV_Gelenau_internationale_DM_726.jpg 850w\" sizes=\"auto, (max-width: 300px) 100vw, 300px\" \/><\/a> <a href=\"https:\/\/mikanews.de\/wp-content\/uploads\/2017\/03\/2017_03_17_TSV_Gelenau_internationale_DM_718.jpg\" rel=\"lightbox[102108]\"><img loading=\"lazy\" decoding=\"async\" class=\"aligncenter size-medium wp-image-102271\" src=\"https:\/\/mikanews.de\/wp-content\/uploads\/2017\/03\/2017_03_17_TSV_Gelenau_internationale_DM_718-300x200.jpg\" alt=\"\" width=\"300\" height=\"200\" srcset=\"https:\/\/mikanews.de\/wp-content\/uploads\/2017\/03\/2017_03_17_TSV_Gelenau_internationale_DM_718-300x200.jpg 300w, https:\/\/mikanews.de\/wp-content\/uploads\/2017\/03\/2017_03_17_TSV_Gelenau_internationale_DM_718.jpg 850w\" sizes=\"auto, (max-width: 300px) 100vw, 300px\" \/><\/a>Dagegen lief es f\u00fcr den f\u00fchrenden Engl\u00e4nder Ollie im 3.Lauf nicht ganz rund. Diesmal siegte Moritz Hilbert vor Martin Wilfingen, Jan Ratheisky, Tim Altmann und Stefan Schulz. Alle drei h\u00e4ngen ihm dicht auf den Fersen. F\u00fcr Spannung ist gesorgt.<\/p>\n<p>In GT kein neues Bild. Ollie Payne f\u00fchrt seine Siegesserie fort. Dahinter festigte Christopher Meier seinen zweiten Platz vor Christian Drie\u00dfle und Marnk Malzan.<\/p>\n<div id='gallery-7' class='gallery galleryid-102108 gallery-columns-3 gallery-size-thumbnail'><figure class='gallery-item'>\n\t\t\t<div class='gallery-icon portrait'>\n\t\t\t\t<a href='https:\/\/mikanews.de\/wp-content\/uploads\/2017\/03\/2017_03_17_Vorlaufrangliste_3_1.jpg' rel=\"lightbox[102108]\"><img loading=\"lazy\" decoding=\"async\" width=\"150\" height=\"150\" src=\"https:\/\/mikanews.de\/wp-content\/uploads\/2017\/03\/2017_03_17_Vorlaufrangliste_3_1-150x150.jpg\" class=\"attachment-thumbnail size-thumbnail\" alt=\"\" \/><\/a>\n\t\t\t<\/div><\/figure><figure class='gallery-item'>\n\t\t\t<div class='gallery-icon portrait'>\n\t\t\t\t<a href='https:\/\/mikanews.de\/wp-content\/uploads\/2017\/03\/2017_03_17_Vorlaufrangliste_3_2.jpg' rel=\"lightbox[102108]\"><img loading=\"lazy\" decoding=\"async\" width=\"150\" height=\"150\" src=\"https:\/\/mikanews.de\/wp-content\/uploads\/2017\/03\/2017_03_17_Vorlaufrangliste_3_2-150x150.jpg\" class=\"attachment-thumbnail size-thumbnail\" alt=\"\" \/><\/a>\n\t\t\t<\/div><\/figure><figure class='gallery-item'>\n\t\t\t<div class='gallery-icon landscape'>\n\t\t\t\t<a href='https:\/\/mikanews.de\/wp-content\/uploads\/2017\/03\/2017_03_17_Vorlaufrangliste_3_3.jpg' rel=\"lightbox[102108]\"><img loading=\"lazy\" decoding=\"async\" width=\"150\" height=\"150\" src=\"https:\/\/mikanews.de\/wp-content\/uploads\/2017\/03\/2017_03_17_Vorlaufrangliste_3_3-150x150.jpg\" class=\"attachment-thumbnail size-thumbnail\" alt=\"\" \/><\/a>\n\t\t\t<\/div><\/figure>\n\t\t<\/div>\n\n<h6>News 16:40 &#8211; 2.Vorlauf<\/h6>\n<p>Es bliebt spannend. Logisch, nach 2 Vorl\u00e4ufen bleibt noch alles offen. Immerhin stehen noch 3 Vorl\u00e4ufe auf dem Zeitplan. Eins wird klar, in GT wird es schwer werden, den 17 j\u00e4hrigen Engl\u00e4nder Ollie Payne zu schlagen, der in EB genauso den Ton angeibt. In dieser Klasse hat er jedoch mit mehreren Konkurrenten zu k\u00e4mpfen, wie Maritz Hilbert, Jan Ratheisky, Martin Wilfinger, Tim Altmann, Jaques Libar&#8230;.um einige zu nennen.<\/p>\n<p>In der schnellsten Klasse bleibt es im Kampf um die Pole nach einem tollen &#8222;Fernduell&#8220; um den Laufsieg zwischen Markus Mobers und Daniel Sieber wieder offen. Daniel musste den Lauf vorzeitig abbrechen.<\/p>\n<figure id=\"attachment_102264\" aria-describedby=\"caption-attachment-102264\" style=\"width: 300px\" class=\"wp-caption aligncenter\"><a href=\"https:\/\/mikanews.de\/wp-content\/uploads\/2017\/03\/2017_03_17_TSV_Gelenau_internationale_DM_737.jpg\" rel=\"lightbox[102108]\"><img loading=\"lazy\" decoding=\"async\" class=\"size-medium wp-image-102264\" src=\"https:\/\/mikanews.de\/wp-content\/uploads\/2017\/03\/2017_03_17_TSV_Gelenau_internationale_DM_737-300x200.jpg\" alt=\"\" width=\"300\" height=\"200\" srcset=\"https:\/\/mikanews.de\/wp-content\/uploads\/2017\/03\/2017_03_17_TSV_Gelenau_internationale_DM_737-300x200.jpg 300w, https:\/\/mikanews.de\/wp-content\/uploads\/2017\/03\/2017_03_17_TSV_Gelenau_internationale_DM_737.jpg 850w\" sizes=\"auto, (max-width: 300px) 100vw, 300px\" \/><\/a><figcaption id=\"caption-attachment-102264\" class=\"wp-caption-text\">Markus Mobers gewinnt Vorlauf 2 in EA.<\/figcaption><\/figure>\n<h6>Unsere G\u00e4ste aus dem Ausland<\/h6>\n<p>Aus England hatte der 17 j\u00e4hrige Ollie Payne mit seinem Papa die weiteste Anreise von insgesamt 1088 km. Diese Entfernung \u00fcberbr\u00fcckten die Beide mit einem Flug nach Berlin (zum Gl\u00fcck gab es keinen Streik des Bodenpersonals wie an den letzten Tagen) und weiter ging es nach Gelenau zur Meisterschaft.<\/p>\n<figure id=\"attachment_102263\" aria-describedby=\"caption-attachment-102263\" style=\"width: 300px\" class=\"wp-caption aligncenter\"><a href=\"https:\/\/mikanews.de\/wp-content\/uploads\/2017\/03\/2017_03_17_TSV_Gelenau_internationale_DM_500.jpg\" rel=\"lightbox[102108]\"><img loading=\"lazy\" decoding=\"async\" class=\"size-medium wp-image-102263\" src=\"https:\/\/mikanews.de\/wp-content\/uploads\/2017\/03\/2017_03_17_TSV_Gelenau_internationale_DM_500-300x200.jpg\" alt=\"\" width=\"300\" height=\"200\" srcset=\"https:\/\/mikanews.de\/wp-content\/uploads\/2017\/03\/2017_03_17_TSV_Gelenau_internationale_DM_500-300x200.jpg 300w, https:\/\/mikanews.de\/wp-content\/uploads\/2017\/03\/2017_03_17_TSV_Gelenau_internationale_DM_500.jpg 850w\" sizes=\"auto, (max-width: 300px) 100vw, 300px\" \/><\/a><figcaption id=\"caption-attachment-102263\" class=\"wp-caption-text\">Ollie (rechts) mit seinem Papa<\/figcaption><\/figure>\n<h6>News 15:00 &#8211; 1.Vorlauf<\/h6>\n<p>Der erste Vorlauf ist beendet und wenig \u00fcberrascht konnten sich die Trainingsschnellsten durchsetzen und ihre gute Performance behaupten.<\/p>\n<div id='gallery-8' class='gallery galleryid-102108 gallery-columns-4 gallery-size-thumbnail'><figure class='gallery-item'>\n\t\t\t<div class='gallery-icon portrait'>\n\t\t\t\t<a href='https:\/\/mikanews.de\/wp-content\/uploads\/2017\/03\/2017_03_17_Vorlaufrangliste_2.jpg' rel=\"lightbox[102108]\"><img loading=\"lazy\" decoding=\"async\" width=\"150\" height=\"150\" src=\"https:\/\/mikanews.de\/wp-content\/uploads\/2017\/03\/2017_03_17_Vorlaufrangliste_2-150x150.jpg\" class=\"attachment-thumbnail size-thumbnail\" alt=\"\" \/><\/a>\n\t\t\t<\/div><\/figure><figure class='gallery-item'>\n\t\t\t<div class='gallery-icon portrait'>\n\t\t\t\t<a href='https:\/\/mikanews.de\/wp-content\/uploads\/2017\/03\/2017_03_17_Vorlaufrangliste_1.jpg' rel=\"lightbox[102108]\"><img loading=\"lazy\" decoding=\"async\" width=\"150\" height=\"150\" src=\"https:\/\/mikanews.de\/wp-content\/uploads\/2017\/03\/2017_03_17_Vorlaufrangliste_1-150x150.jpg\" class=\"attachment-thumbnail size-thumbnail\" alt=\"\" \/><\/a>\n\t\t\t<\/div><\/figure><figure class='gallery-item'>\n\t\t\t<div class='gallery-icon landscape'>\n\t\t\t\t<a href='https:\/\/mikanews.de\/wp-content\/uploads\/2017\/03\/2017_03_17_TSV_Gelenau_internationale_DM_736.jpg' rel=\"lightbox[102108]\"><img loading=\"lazy\" decoding=\"async\" width=\"150\" height=\"150\" src=\"https:\/\/mikanews.de\/wp-content\/uploads\/2017\/03\/2017_03_17_TSV_Gelenau_internationale_DM_736-150x150.jpg\" class=\"attachment-thumbnail size-thumbnail\" alt=\"\" aria-describedby=\"gallery-8-102259\" \/><\/a>\n\t\t\t<\/div>\n\t\t\t\t<figcaption class='wp-caption-text gallery-caption' id='gallery-8-102259'>\n\t\t\t\tDaniel Sieber f\u00fchrt nach Vorlauf 1 in der Klasse EA.\n\t\t\t\t<\/figcaption><\/figure><figure class='gallery-item'>\n\t\t\t<div class='gallery-icon landscape'>\n\t\t\t\t<a href='https:\/\/mikanews.de\/wp-content\/uploads\/2017\/03\/2017_03_17_TSV_Gelenau_internationale_DM_735.jpg' rel=\"lightbox[102108]\"><img loading=\"lazy\" decoding=\"async\" width=\"150\" height=\"150\" src=\"https:\/\/mikanews.de\/wp-content\/uploads\/2017\/03\/2017_03_17_TSV_Gelenau_internationale_DM_735-150x150.jpg\" class=\"attachment-thumbnail size-thumbnail\" alt=\"\" aria-describedby=\"gallery-8-102260\" \/><\/a>\n\t\t\t<\/div>\n\t\t\t\t<figcaption class='wp-caption-text gallery-caption' id='gallery-8-102260'>\n\t\t\t\tOllie Payne \u00fcbernimmt die F\u00fchrung in EB und GT\n\t\t\t\t<\/figcaption><\/figure>\n\t\t<\/div>\n\n<h6>R\u00fcckblick &#8211; Training<\/h6>\n<p>Bis zu den Vorl\u00e4ufen bleibt den Teilnehmern noch Zeit ihre Fahrzeuge in der technischen Abnahme registrieren und kontrollieren zu lassen. F\u00fcr die GT-Piloten hie\u00df es den GM 21,5 Turn Motor (blau) abzuholen und einzul\u00f6ten. F\u00fcr diese Teilnehmer ist dies Pflicht. Nach den beiden Trainingsl\u00e4ufen ergab sich folgende Reihenfolge.<\/p>\n<div id='gallery-9' class='gallery galleryid-102108 gallery-columns-3 gallery-size-thumbnail'><figure class='gallery-item'>\n\t\t\t<div class='gallery-icon portrait'>\n\t\t\t\t<a href='https:\/\/mikanews.de\/wp-content\/uploads\/2017\/03\/2017_03_17_Trainingsrangliste_3.jpg' rel=\"lightbox[102108]\"><img loading=\"lazy\" decoding=\"async\" width=\"150\" height=\"150\" src=\"https:\/\/mikanews.de\/wp-content\/uploads\/2017\/03\/2017_03_17_Trainingsrangliste_3-150x150.jpg\" class=\"attachment-thumbnail size-thumbnail\" alt=\"\" \/><\/a>\n\t\t\t<\/div><\/figure><figure class='gallery-item'>\n\t\t\t<div class='gallery-icon portrait'>\n\t\t\t\t<a href='https:\/\/mikanews.de\/wp-content\/uploads\/2017\/03\/2017_03_17_Trainingsrangliste_1.jpg' rel=\"lightbox[102108]\"><img loading=\"lazy\" decoding=\"async\" width=\"150\" height=\"150\" src=\"https:\/\/mikanews.de\/wp-content\/uploads\/2017\/03\/2017_03_17_Trainingsrangliste_1-150x150.jpg\" class=\"attachment-thumbnail size-thumbnail\" alt=\"\" \/><\/a>\n\t\t\t<\/div><\/figure><figure class='gallery-item'>\n\t\t\t<div class='gallery-icon portrait'>\n\t\t\t\t<a href='https:\/\/mikanews.de\/wp-content\/uploads\/2017\/03\/2017_03_17_Trainingsrangliste_2.jpg' rel=\"lightbox[102108]\"><img loading=\"lazy\" decoding=\"async\" width=\"150\" height=\"150\" src=\"https:\/\/mikanews.de\/wp-content\/uploads\/2017\/03\/2017_03_17_Trainingsrangliste_2-150x150.jpg\" class=\"attachment-thumbnail size-thumbnail\" alt=\"\" \/><\/a>\n\t\t\t<\/div><\/figure>\n\t\t<\/div>\n\n<p>Sehr umk\u00e4mpft geht es in allen drei Klassen zu, wobei es in EB richtig spannend um die A-Finalpl\u00e4tze gehen wird. Heute wird es noch 4 Vorl\u00e4ufe geben.<\/p>\n<figure id=\"attachment_102246\" aria-describedby=\"caption-attachment-102246\" style=\"width: 300px\" class=\"wp-caption aligncenter\"><a href=\"https:\/\/mikanews.de\/wp-content\/uploads\/2017\/03\/2017_03_17_TSV_Gelenau_internationale_DM_614.jpg\" rel=\"lightbox[102108]\"><img loading=\"lazy\" decoding=\"async\" class=\"wp-image-102246 size-medium\" src=\"https:\/\/mikanews.de\/wp-content\/uploads\/2017\/03\/2017_03_17_TSV_Gelenau_internationale_DM_614-300x200.jpg\" alt=\"\" width=\"300\" height=\"200\" srcset=\"https:\/\/mikanews.de\/wp-content\/uploads\/2017\/03\/2017_03_17_TSV_Gelenau_internationale_DM_614-300x200.jpg 300w, https:\/\/mikanews.de\/wp-content\/uploads\/2017\/03\/2017_03_17_TSV_Gelenau_internationale_DM_614.jpg 850w\" sizes=\"auto, (max-width: 300px) 100vw, 300px\" \/><\/a><figcaption id=\"caption-attachment-102246\" class=\"wp-caption-text\">Dominik Fleischmann f\u00fchrte u.a. die Fahrerbesprechung durch. Im Hintergrund Thomas Kohmann.<\/figcaption><\/figure>\n<figure id=\"attachment_102247\" aria-describedby=\"caption-attachment-102247\" style=\"width: 300px\" class=\"wp-caption aligncenter\"><a href=\"https:\/\/mikanews.de\/wp-content\/uploads\/2017\/03\/2017_03_17_TSV_Gelenau_internationale_DM_616.jpg\" rel=\"lightbox[102108]\"><img loading=\"lazy\" decoding=\"async\" class=\"wp-image-102247 size-medium\" src=\"https:\/\/mikanews.de\/wp-content\/uploads\/2017\/03\/2017_03_17_TSV_Gelenau_internationale_DM_616-300x200.jpg\" alt=\"\" width=\"300\" height=\"200\" srcset=\"https:\/\/mikanews.de\/wp-content\/uploads\/2017\/03\/2017_03_17_TSV_Gelenau_internationale_DM_616-300x200.jpg 300w, https:\/\/mikanews.de\/wp-content\/uploads\/2017\/03\/2017_03_17_TSV_Gelenau_internationale_DM_616.jpg 850w\" sizes=\"auto, (max-width: 300px) 100vw, 300px\" \/><\/a><figcaption id=\"caption-attachment-102247\" class=\"wp-caption-text\">Bis zum 1.Vorlauf hatten die Teilnehmer Zeit ihre Fahrzeuge in der technischen Abnahme registrieren zu lassen.<\/figcaption><\/figure>\n<figure id=\"attachment_102248\" aria-describedby=\"caption-attachment-102248\" style=\"width: 300px\" class=\"wp-caption aligncenter\"><a href=\"https:\/\/mikanews.de\/wp-content\/uploads\/2017\/03\/2017_03_17_TSV_Gelenau_internationale_DM_617.jpg\" rel=\"lightbox[102108]\"><img loading=\"lazy\" decoding=\"async\" class=\"wp-image-102248 size-medium\" src=\"https:\/\/mikanews.de\/wp-content\/uploads\/2017\/03\/2017_03_17_TSV_Gelenau_internationale_DM_617-300x200.jpg\" alt=\"\" width=\"300\" height=\"200\" srcset=\"https:\/\/mikanews.de\/wp-content\/uploads\/2017\/03\/2017_03_17_TSV_Gelenau_internationale_DM_617-300x200.jpg 300w, https:\/\/mikanews.de\/wp-content\/uploads\/2017\/03\/2017_03_17_TSV_Gelenau_internationale_DM_617.jpg 850w\" sizes=\"auto, (max-width: 300px) 100vw, 300px\" \/><\/a><figcaption id=\"caption-attachment-102248\" class=\"wp-caption-text\">Gespannt lauschten die Teilnehmer der Fahrerbesprechung zu.<\/figcaption><\/figure>\n<div id='gallery-10' class='gallery galleryid-102108 gallery-columns-3 gallery-size-thumbnail'><figure class='gallery-item'>\n\t\t\t<div class='gallery-icon landscape'>\n\t\t\t\t<a href='https:\/\/mikanews.de\/wp-content\/uploads\/2017\/03\/2017_03_17_TSV_Gelenau_internationale_DM_449.jpg' rel=\"lightbox[102108]\"><img loading=\"lazy\" decoding=\"async\" width=\"150\" height=\"150\" src=\"https:\/\/mikanews.de\/wp-content\/uploads\/2017\/03\/2017_03_17_TSV_Gelenau_internationale_DM_449-150x150.jpg\" class=\"attachment-thumbnail size-thumbnail\" alt=\"\" aria-describedby=\"gallery-10-102217\" \/><\/a>\n\t\t\t<\/div>\n\t\t\t\t<figcaption class='wp-caption-text gallery-caption' id='gallery-10-102217'>\n\t\t\t\tSchick und sicher verpackt waren die Leihmotoren\n\t\t\t\t<\/figcaption><\/figure><figure class='gallery-item'>\n\t\t\t<div class='gallery-icon landscape'>\n\t\t\t\t<a href='https:\/\/mikanews.de\/wp-content\/uploads\/2017\/03\/2017_03_17_TSV_Gelenau_internationale_DM_448.jpg' rel=\"lightbox[102108]\"><img loading=\"lazy\" decoding=\"async\" width=\"150\" height=\"150\" src=\"https:\/\/mikanews.de\/wp-content\/uploads\/2017\/03\/2017_03_17_TSV_Gelenau_internationale_DM_448-150x150.jpg\" class=\"attachment-thumbnail size-thumbnail\" alt=\"\" aria-describedby=\"gallery-10-102216\" \/><\/a>\n\t\t\t<\/div>\n\t\t\t\t<figcaption class='wp-caption-text gallery-caption' id='gallery-10-102216'>\n\t\t\t\tMotor abholen. Jeder Motor hat eine Nummer. \n\t\t\t\t<\/figcaption><\/figure><figure class='gallery-item'>\n\t\t\t<div class='gallery-icon landscape'>\n\t\t\t\t<a href='https:\/\/mikanews.de\/wp-content\/uploads\/2017\/03\/2017_03_17_TSV_Gelenau_internationale_DM_450.jpg' rel=\"lightbox[102108]\"><img loading=\"lazy\" decoding=\"async\" width=\"150\" height=\"150\" src=\"https:\/\/mikanews.de\/wp-content\/uploads\/2017\/03\/2017_03_17_TSV_Gelenau_internationale_DM_450-150x150.jpg\" class=\"attachment-thumbnail size-thumbnail\" alt=\"\" aria-describedby=\"gallery-10-102215\" \/><\/a>\n\t\t\t<\/div>\n\t\t\t\t<figcaption class='wp-caption-text gallery-caption' id='gallery-10-102215'>\n\t\t\t\tGM 21,5 Turn Leihmotor f\u00fcr die GT-Fahrer\n\t\t\t\t<\/figcaption><\/figure>\n\t\t<\/div>\n\n<p>Nun ein paar Bilder vom Event<\/p>\n<div id='gallery-11' class='gallery galleryid-102108 gallery-columns-5 gallery-size-thumbnail'><figure class='gallery-item'>\n\t\t\t<div class='gallery-icon landscape'>\n\t\t\t\t<a href='https:\/\/mikanews.de\/wp-content\/uploads\/2017\/03\/2017_03_17_TSV_Gelenau_internationale_DM_2.jpg' rel=\"lightbox[102108]\"><img loading=\"lazy\" decoding=\"async\" width=\"150\" height=\"150\" src=\"https:\/\/mikanews.de\/wp-content\/uploads\/2017\/03\/2017_03_17_TSV_Gelenau_internationale_DM_2-150x150.jpg\" class=\"attachment-thumbnail size-thumbnail\" alt=\"\" \/><\/a>\n\t\t\t<\/div><\/figure><figure class='gallery-item'>\n\t\t\t<div class='gallery-icon landscape'>\n\t\t\t\t<a href='https:\/\/mikanews.de\/wp-content\/uploads\/2017\/03\/2017_03_17_TSV_Gelenau_internationale_DM_5.jpg' rel=\"lightbox[102108]\"><img loading=\"lazy\" decoding=\"async\" width=\"150\" height=\"150\" src=\"https:\/\/mikanews.de\/wp-content\/uploads\/2017\/03\/2017_03_17_TSV_Gelenau_internationale_DM_5-150x150.jpg\" class=\"attachment-thumbnail size-thumbnail\" alt=\"\" \/><\/a>\n\t\t\t<\/div><\/figure><figure class='gallery-item'>\n\t\t\t<div class='gallery-icon landscape'>\n\t\t\t\t<a href='https:\/\/mikanews.de\/wp-content\/uploads\/2017\/03\/2017_03_17_TSV_Gelenau_internationale_DM_11.jpg' rel=\"lightbox[102108]\"><img loading=\"lazy\" decoding=\"async\" width=\"150\" height=\"150\" src=\"https:\/\/mikanews.de\/wp-content\/uploads\/2017\/03\/2017_03_17_TSV_Gelenau_internationale_DM_11-150x150.jpg\" class=\"attachment-thumbnail size-thumbnail\" alt=\"\" \/><\/a>\n\t\t\t<\/div><\/figure><figure class='gallery-item'>\n\t\t\t<div class='gallery-icon landscape'>\n\t\t\t\t<a href='https:\/\/mikanews.de\/wp-content\/uploads\/2017\/03\/2017_03_17_TSV_Gelenau_internationale_DM_14.jpg' rel=\"lightbox[102108]\"><img loading=\"lazy\" decoding=\"async\" width=\"150\" height=\"150\" src=\"https:\/\/mikanews.de\/wp-content\/uploads\/2017\/03\/2017_03_17_TSV_Gelenau_internationale_DM_14-150x150.jpg\" class=\"attachment-thumbnail size-thumbnail\" alt=\"\" \/><\/a>\n\t\t\t<\/div><\/figure><figure class='gallery-item'>\n\t\t\t<div class='gallery-icon landscape'>\n\t\t\t\t<a href='https:\/\/mikanews.de\/wp-content\/uploads\/2017\/03\/2017_03_17_TSV_Gelenau_internationale_DM_16.jpg' rel=\"lightbox[102108]\"><img loading=\"lazy\" decoding=\"async\" width=\"150\" height=\"150\" src=\"https:\/\/mikanews.de\/wp-content\/uploads\/2017\/03\/2017_03_17_TSV_Gelenau_internationale_DM_16-150x150.jpg\" class=\"attachment-thumbnail size-thumbnail\" alt=\"\" \/><\/a>\n\t\t\t<\/div><\/figure><figure class='gallery-item'>\n\t\t\t<div class='gallery-icon landscape'>\n\t\t\t\t<a href='https:\/\/mikanews.de\/wp-content\/uploads\/2017\/03\/2017_03_17_TSV_Gelenau_internationale_DM_45.jpg' rel=\"lightbox[102108]\"><img loading=\"lazy\" decoding=\"async\" width=\"150\" height=\"150\" src=\"https:\/\/mikanews.de\/wp-content\/uploads\/2017\/03\/2017_03_17_TSV_Gelenau_internationale_DM_45-150x150.jpg\" class=\"attachment-thumbnail size-thumbnail\" alt=\"\" \/><\/a>\n\t\t\t<\/div><\/figure><figure class='gallery-item'>\n\t\t\t<div class='gallery-icon landscape'>\n\t\t\t\t<a href='https:\/\/mikanews.de\/wp-content\/uploads\/2017\/03\/2017_03_17_TSV_Gelenau_internationale_DM_52.jpg' rel=\"lightbox[102108]\"><img loading=\"lazy\" decoding=\"async\" width=\"150\" height=\"150\" src=\"https:\/\/mikanews.de\/wp-content\/uploads\/2017\/03\/2017_03_17_TSV_Gelenau_internationale_DM_52-150x150.jpg\" class=\"attachment-thumbnail size-thumbnail\" alt=\"\" \/><\/a>\n\t\t\t<\/div><\/figure><figure class='gallery-item'>\n\t\t\t<div class='gallery-icon landscape'>\n\t\t\t\t<a href='https:\/\/mikanews.de\/wp-content\/uploads\/2017\/03\/2017_03_17_TSV_Gelenau_internationale_DM_58.jpg' rel=\"lightbox[102108]\"><img loading=\"lazy\" decoding=\"async\" width=\"150\" height=\"150\" src=\"https:\/\/mikanews.de\/wp-content\/uploads\/2017\/03\/2017_03_17_TSV_Gelenau_internationale_DM_58-150x150.jpg\" class=\"attachment-thumbnail size-thumbnail\" alt=\"\" \/><\/a>\n\t\t\t<\/div><\/figure><figure class='gallery-item'>\n\t\t\t<div class='gallery-icon landscape'>\n\t\t\t\t<a href='https:\/\/mikanews.de\/wp-content\/uploads\/2017\/03\/2017_03_17_TSV_Gelenau_internationale_DM_453.jpg' rel=\"lightbox[102108]\"><img loading=\"lazy\" decoding=\"async\" width=\"150\" height=\"150\" src=\"https:\/\/mikanews.de\/wp-content\/uploads\/2017\/03\/2017_03_17_TSV_Gelenau_internationale_DM_453-150x150.jpg\" class=\"attachment-thumbnail size-thumbnail\" alt=\"\" \/><\/a>\n\t\t\t<\/div><\/figure><figure class='gallery-item'>\n\t\t\t<div class='gallery-icon landscape'>\n\t\t\t\t<a href='https:\/\/mikanews.de\/wp-content\/uploads\/2017\/03\/2017_03_17_TSV_Gelenau_internationale_DM_505.jpg' rel=\"lightbox[102108]\"><img loading=\"lazy\" decoding=\"async\" width=\"150\" height=\"150\" src=\"https:\/\/mikanews.de\/wp-content\/uploads\/2017\/03\/2017_03_17_TSV_Gelenau_internationale_DM_505-150x150.jpg\" class=\"attachment-thumbnail size-thumbnail\" alt=\"\" \/><\/a>\n\t\t\t<\/div><\/figure><figure class='gallery-item'>\n\t\t\t<div class='gallery-icon landscape'>\n\t\t\t\t<a href='https:\/\/mikanews.de\/wp-content\/uploads\/2017\/03\/2017_03_17_TSV_Gelenau_internationale_DM_507.jpg' rel=\"lightbox[102108]\"><img loading=\"lazy\" decoding=\"async\" width=\"150\" height=\"150\" src=\"https:\/\/mikanews.de\/wp-content\/uploads\/2017\/03\/2017_03_17_TSV_Gelenau_internationale_DM_507-150x150.jpg\" class=\"attachment-thumbnail size-thumbnail\" alt=\"\" \/><\/a>\n\t\t\t<\/div><\/figure><figure class='gallery-item'>\n\t\t\t<div class='gallery-icon landscape'>\n\t\t\t\t<a href='https:\/\/mikanews.de\/wp-content\/uploads\/2017\/03\/2017_03_17_TSV_Gelenau_internationale_DM_510.jpg' rel=\"lightbox[102108]\"><img loading=\"lazy\" decoding=\"async\" width=\"150\" height=\"150\" src=\"https:\/\/mikanews.de\/wp-content\/uploads\/2017\/03\/2017_03_17_TSV_Gelenau_internationale_DM_510-150x150.jpg\" class=\"attachment-thumbnail size-thumbnail\" alt=\"\" \/><\/a>\n\t\t\t<\/div><\/figure><figure class='gallery-item'>\n\t\t\t<div class='gallery-icon landscape'>\n\t\t\t\t<a href='https:\/\/mikanews.de\/wp-content\/uploads\/2017\/03\/2017_03_17_TSV_Gelenau_internationale_DM_513.jpg' rel=\"lightbox[102108]\"><img loading=\"lazy\" decoding=\"async\" width=\"150\" height=\"150\" src=\"https:\/\/mikanews.de\/wp-content\/uploads\/2017\/03\/2017_03_17_TSV_Gelenau_internationale_DM_513-150x150.jpg\" class=\"attachment-thumbnail size-thumbnail\" alt=\"\" \/><\/a>\n\t\t\t<\/div><\/figure><figure class='gallery-item'>\n\t\t\t<div class='gallery-icon landscape'>\n\t\t\t\t<a href='https:\/\/mikanews.de\/wp-content\/uploads\/2017\/03\/2017_03_17_TSV_Gelenau_internationale_DM_514.jpg' rel=\"lightbox[102108]\"><img loading=\"lazy\" decoding=\"async\" width=\"150\" height=\"150\" src=\"https:\/\/mikanews.de\/wp-content\/uploads\/2017\/03\/2017_03_17_TSV_Gelenau_internationale_DM_514-150x150.jpg\" class=\"attachment-thumbnail size-thumbnail\" alt=\"\" \/><\/a>\n\t\t\t<\/div><\/figure><figure class='gallery-item'>\n\t\t\t<div class='gallery-icon landscape'>\n\t\t\t\t<a href='https:\/\/mikanews.de\/wp-content\/uploads\/2017\/03\/2017_03_17_TSV_Gelenau_internationale_DM_516.jpg' rel=\"lightbox[102108]\"><img loading=\"lazy\" decoding=\"async\" width=\"150\" height=\"150\" src=\"https:\/\/mikanews.de\/wp-content\/uploads\/2017\/03\/2017_03_17_TSV_Gelenau_internationale_DM_516-150x150.jpg\" class=\"attachment-thumbnail size-thumbnail\" alt=\"\" \/><\/a>\n\t\t\t<\/div><\/figure><figure class='gallery-item'>\n\t\t\t<div class='gallery-icon landscape'>\n\t\t\t\t<a href='https:\/\/mikanews.de\/wp-content\/uploads\/2017\/03\/2017_03_17_TSV_Gelenau_internationale_DM_517.jpg' rel=\"lightbox[102108]\"><img loading=\"lazy\" decoding=\"async\" width=\"150\" height=\"150\" src=\"https:\/\/mikanews.de\/wp-content\/uploads\/2017\/03\/2017_03_17_TSV_Gelenau_internationale_DM_517-150x150.jpg\" class=\"attachment-thumbnail size-thumbnail\" alt=\"\" \/><\/a>\n\t\t\t<\/div><\/figure><figure class='gallery-item'>\n\t\t\t<div class='gallery-icon portrait'>\n\t\t\t\t<a href='https:\/\/mikanews.de\/wp-content\/uploads\/2017\/03\/2017_03_17_TSV_Gelenau_internationale_DM_519.jpg' rel=\"lightbox[102108]\"><img loading=\"lazy\" decoding=\"async\" width=\"150\" height=\"150\" src=\"https:\/\/mikanews.de\/wp-content\/uploads\/2017\/03\/2017_03_17_TSV_Gelenau_internationale_DM_519-150x150.jpg\" class=\"attachment-thumbnail size-thumbnail\" alt=\"\" \/><\/a>\n\t\t\t<\/div><\/figure><figure class='gallery-item'>\n\t\t\t<div class='gallery-icon landscape'>\n\t\t\t\t<a href='https:\/\/mikanews.de\/wp-content\/uploads\/2017\/03\/2017_03_17_TSV_Gelenau_internationale_DM_520.jpg' rel=\"lightbox[102108]\"><img loading=\"lazy\" decoding=\"async\" width=\"150\" height=\"150\" src=\"https:\/\/mikanews.de\/wp-content\/uploads\/2017\/03\/2017_03_17_TSV_Gelenau_internationale_DM_520-150x150.jpg\" class=\"attachment-thumbnail size-thumbnail\" alt=\"\" \/><\/a>\n\t\t\t<\/div><\/figure><figure class='gallery-item'>\n\t\t\t<div class='gallery-icon landscape'>\n\t\t\t\t<a href='https:\/\/mikanews.de\/wp-content\/uploads\/2017\/03\/2017_03_17_TSV_Gelenau_internationale_DM_533.jpg' rel=\"lightbox[102108]\"><img loading=\"lazy\" decoding=\"async\" width=\"150\" height=\"150\" src=\"https:\/\/mikanews.de\/wp-content\/uploads\/2017\/03\/2017_03_17_TSV_Gelenau_internationale_DM_533-150x150.jpg\" class=\"attachment-thumbnail size-thumbnail\" alt=\"\" \/><\/a>\n\t\t\t<\/div><\/figure><figure class='gallery-item'>\n\t\t\t<div class='gallery-icon landscape'>\n\t\t\t\t<a href='https:\/\/mikanews.de\/wp-content\/uploads\/2017\/03\/2017_03_17_TSV_Gelenau_internationale_DM_534.jpg' rel=\"lightbox[102108]\"><img loading=\"lazy\" decoding=\"async\" width=\"150\" height=\"150\" src=\"https:\/\/mikanews.de\/wp-content\/uploads\/2017\/03\/2017_03_17_TSV_Gelenau_internationale_DM_534-150x150.jpg\" class=\"attachment-thumbnail size-thumbnail\" alt=\"\" \/><\/a>\n\t\t\t<\/div><\/figure><figure class='gallery-item'>\n\t\t\t<div class='gallery-icon landscape'>\n\t\t\t\t<a href='https:\/\/mikanews.de\/wp-content\/uploads\/2017\/03\/2017_03_17_TSV_Gelenau_internationale_DM_535.jpg' rel=\"lightbox[102108]\"><img loading=\"lazy\" decoding=\"async\" width=\"150\" height=\"150\" src=\"https:\/\/mikanews.de\/wp-content\/uploads\/2017\/03\/2017_03_17_TSV_Gelenau_internationale_DM_535-150x150.jpg\" class=\"attachment-thumbnail size-thumbnail\" alt=\"\" \/><\/a>\n\t\t\t<\/div><\/figure><figure class='gallery-item'>\n\t\t\t<div class='gallery-icon landscape'>\n\t\t\t\t<a href='https:\/\/mikanews.de\/wp-content\/uploads\/2017\/03\/2017_03_17_TSV_Gelenau_internationale_DM_536.jpg' rel=\"lightbox[102108]\"><img loading=\"lazy\" decoding=\"async\" width=\"150\" height=\"150\" src=\"https:\/\/mikanews.de\/wp-content\/uploads\/2017\/03\/2017_03_17_TSV_Gelenau_internationale_DM_536-150x150.jpg\" class=\"attachment-thumbnail size-thumbnail\" alt=\"\" \/><\/a>\n\t\t\t<\/div><\/figure><figure class='gallery-item'>\n\t\t\t<div class='gallery-icon landscape'>\n\t\t\t\t<a href='https:\/\/mikanews.de\/wp-content\/uploads\/2017\/03\/2017_03_17_TSV_Gelenau_internationale_DM_511.jpg' rel=\"lightbox[102108]\"><img loading=\"lazy\" decoding=\"async\" width=\"150\" height=\"150\" src=\"https:\/\/mikanews.de\/wp-content\/uploads\/2017\/03\/2017_03_17_TSV_Gelenau_internationale_DM_511-150x150.jpg\" class=\"attachment-thumbnail size-thumbnail\" alt=\"\" \/><\/a>\n\t\t\t<\/div><\/figure><figure class='gallery-item'>\n\t\t\t<div class='gallery-icon landscape'>\n\t\t\t\t<a href='https:\/\/mikanews.de\/wp-content\/uploads\/2017\/03\/2017_03_17_TSV_Gelenau_internationale_DM_506.jpg' rel=\"lightbox[102108]\"><img loading=\"lazy\" decoding=\"async\" width=\"150\" height=\"150\" src=\"https:\/\/mikanews.de\/wp-content\/uploads\/2017\/03\/2017_03_17_TSV_Gelenau_internationale_DM_506-150x150.jpg\" class=\"attachment-thumbnail size-thumbnail\" alt=\"\" \/><\/a>\n\t\t\t<\/div><\/figure><figure class='gallery-item'>\n\t\t\t<div class='gallery-icon landscape'>\n\t\t\t\t<a href='https:\/\/mikanews.de\/wp-content\/uploads\/2017\/03\/2017_03_17_TSV_Gelenau_internationale_DM_508.jpg' rel=\"lightbox[102108]\"><img loading=\"lazy\" decoding=\"async\" width=\"150\" height=\"150\" src=\"https:\/\/mikanews.de\/wp-content\/uploads\/2017\/03\/2017_03_17_TSV_Gelenau_internationale_DM_508-150x150.jpg\" class=\"attachment-thumbnail size-thumbnail\" alt=\"\" \/><\/a>\n\t\t\t<\/div><\/figure>\n\t\t<\/div>\n\n<h6>R\u00fcckblick auf den Freitag<\/h6>\n<p>Der Startschuss f\u00fcr die INTERNATIONALE DEUTSCHE MEISTERSCHAFT 1\/12 BEIM TSV-GELENAU ist am Freitag, den 17.03.2017 inoffiziell gefallen.<\/p>\n<p>Im Laufe des Trainings konnten die Rundenzeiten weiter nach unter verbessert werden, was nicht ungew\u00f6hnlich war. Zuerst musste der nagelneuen ETS-Teppich den n\u00f6tigen Griff aufbauen und logisch tasteten sich die Fahrer an die Streckenf\u00fchrungen heran. Von Lauf zu Lauf wurde die Zeit zum Small-Talk und Fachsimplen genutzt. Andere Reifen, mehr oder weniger schmieren, Setup\u00e4nderungen am Fahrzeug&#8230;..damit konnten die Zeiten verbessert werden.. Die schnellsten Rundenzeiten lagen am Ende bei 10,9 sec. in EA von Daniel Sieber und 11,9 sec. f\u00fcr eine Runde von Moritz Hilbert und Stefan Schulz in EB. In der dritten Klasse, welche f\u00fcr die GT-Fahrzeuge als FR-Lauf ausgeschrieben ist, liegen die Zeiten bei knapp \u00fcber 14 Sekunden. Im Verh\u00e4ltnis ist diese Klasse &#8222;relativ&#8220; langsam und mit Untersetzungen ab 85 mm (Rollout) extrem weit von den beiden anderen Klassen entfernt. Gro\u00dfe Ritzel sind gefragt, wie schon im letzten Jahr in Ingolstadt.<\/p>\n<figure id=\"attachment_102131\" aria-describedby=\"caption-attachment-102131\" style=\"width: 300px\" class=\"wp-caption aligncenter\"><a href=\"https:\/\/mikanews.de\/wp-content\/uploads\/2017\/03\/2017_03_17_TSV_Gelenau_internationale_DM_28.jpg\" rel=\"lightbox[102108]\"><img loading=\"lazy\" decoding=\"async\" class=\"wp-image-102131 size-medium\" src=\"https:\/\/mikanews.de\/wp-content\/uploads\/2017\/03\/2017_03_17_TSV_Gelenau_internationale_DM_28-300x200.jpg\" alt=\"\" width=\"300\" height=\"200\" srcset=\"https:\/\/mikanews.de\/wp-content\/uploads\/2017\/03\/2017_03_17_TSV_Gelenau_internationale_DM_28-300x200.jpg 300w, https:\/\/mikanews.de\/wp-content\/uploads\/2017\/03\/2017_03_17_TSV_Gelenau_internationale_DM_28.jpg 850w\" sizes=\"auto, (max-width: 300px) 100vw, 300px\" \/><\/a><figcaption id=\"caption-attachment-102131\" class=\"wp-caption-text\">Blick auf die Strecke.<\/figcaption><\/figure>\n<figure id=\"attachment_102132\" aria-describedby=\"caption-attachment-102132\" style=\"width: 300px\" class=\"wp-caption aligncenter\"><a href=\"https:\/\/mikanews.de\/wp-content\/uploads\/2017\/03\/2017_03_17_TSV_Gelenau_internationale_DM_25.jpg\" rel=\"lightbox[102108]\"><img loading=\"lazy\" decoding=\"async\" class=\"wp-image-102132 size-medium\" src=\"https:\/\/mikanews.de\/wp-content\/uploads\/2017\/03\/2017_03_17_TSV_Gelenau_internationale_DM_25-300x200.jpg\" alt=\"\" width=\"300\" height=\"200\" srcset=\"https:\/\/mikanews.de\/wp-content\/uploads\/2017\/03\/2017_03_17_TSV_Gelenau_internationale_DM_25-300x200.jpg 300w, https:\/\/mikanews.de\/wp-content\/uploads\/2017\/03\/2017_03_17_TSV_Gelenau_internationale_DM_25.jpg 850w\" sizes=\"auto, (max-width: 300px) 100vw, 300px\" \/><\/a><figcaption id=\"caption-attachment-102132\" class=\"wp-caption-text\">In den Kurven sind sogenannte &#8222;Flaps&#8220; angebaut.<\/figcaption><\/figure>\n<h6>Vorank\u00fcndigung:<\/h6>\n<p>Schon von Beginn an der Nennphase wurde vom TSV-Gelenau e.V. bekanntgegeben, dass am Freitag die Strecke zum Training fertig sein wird. Dies wurde von den Teilnehmern gerne angenommen. Das Fahrerlager f\u00fcllte sich bereits am Freitag morgen, nachdem die Strecke vorzeitig zum Training aufgebaut war. Schon konnten die ersten angereisten Teilnehmer einen ersten Blick auf die Strecke, werfen welche auf dem bekannten und nagelneuen ETS-Teppich aufgebaut wurde. Als Abgrenzung wurden robuste Kunststoffbalken verwendet, welche mit Winkel fest verschraubt sind. In den Kurven d\u00e4mpfen &#8222;Flaps&#8220; die Ber\u00fchrungen durch die Fahrzeuge ab. F\u00e4hrt man die Kurve zu eng an, dann dr\u00fcckt sich dieser &#8222;Flap&#8220; leicht zur Seite, was schonend f\u00fcr die Fahrzeuge ist.<\/p>\n<div id='gallery-12' class='gallery galleryid-102108 gallery-columns-3 gallery-size-thumbnail'><figure class='gallery-item'>\n\t\t\t<div class='gallery-icon landscape'>\n\t\t\t\t<a href='https:\/\/mikanews.de\/wp-content\/uploads\/2017\/03\/2017_03_17_TSV_Gelenau_internationale_DM_23.jpg' rel=\"lightbox[102108]\"><img loading=\"lazy\" decoding=\"async\" width=\"150\" height=\"150\" src=\"https:\/\/mikanews.de\/wp-content\/uploads\/2017\/03\/2017_03_17_TSV_Gelenau_internationale_DM_23-150x150.jpg\" class=\"attachment-thumbnail size-thumbnail\" alt=\"\" \/><\/a>\n\t\t\t<\/div><\/figure><figure class='gallery-item'>\n\t\t\t<div class='gallery-icon landscape'>\n\t\t\t\t<a href='https:\/\/mikanews.de\/wp-content\/uploads\/2017\/03\/2017_03_17_TSV_Gelenau_internationale_DM_24.jpg' rel=\"lightbox[102108]\"><img loading=\"lazy\" decoding=\"async\" width=\"150\" height=\"150\" src=\"https:\/\/mikanews.de\/wp-content\/uploads\/2017\/03\/2017_03_17_TSV_Gelenau_internationale_DM_24-150x150.jpg\" class=\"attachment-thumbnail size-thumbnail\" alt=\"\" \/><\/a>\n\t\t\t<\/div><\/figure><figure class='gallery-item'>\n\t\t\t<div class='gallery-icon landscape'>\n\t\t\t\t<a href='https:\/\/mikanews.de\/wp-content\/uploads\/2017\/03\/2017_03_17_TSV_Gelenau_internationale_DM_26.jpg' rel=\"lightbox[102108]\"><img loading=\"lazy\" decoding=\"async\" width=\"150\" height=\"150\" src=\"https:\/\/mikanews.de\/wp-content\/uploads\/2017\/03\/2017_03_17_TSV_Gelenau_internationale_DM_26-150x150.jpg\" class=\"attachment-thumbnail size-thumbnail\" alt=\"\" \/><\/a>\n\t\t\t<\/div><\/figure><figure class='gallery-item'>\n\t\t\t<div class='gallery-icon landscape'>\n\t\t\t\t<a href='https:\/\/mikanews.de\/wp-content\/uploads\/2017\/03\/2017_03_17_TSV_Gelenau_internationale_DM_29.jpg' rel=\"lightbox[102108]\"><img loading=\"lazy\" decoding=\"async\" width=\"150\" height=\"150\" src=\"https:\/\/mikanews.de\/wp-content\/uploads\/2017\/03\/2017_03_17_TSV_Gelenau_internationale_DM_29-150x150.jpg\" class=\"attachment-thumbnail size-thumbnail\" alt=\"\" \/><\/a>\n\t\t\t<\/div><\/figure><figure class='gallery-item'>\n\t\t\t<div class='gallery-icon landscape'>\n\t\t\t\t<a href='https:\/\/mikanews.de\/wp-content\/uploads\/2017\/03\/2017_03_17_TSV_Gelenau_internationale_DM_22.jpg' rel=\"lightbox[102108]\"><img loading=\"lazy\" decoding=\"async\" width=\"150\" height=\"150\" src=\"https:\/\/mikanews.de\/wp-content\/uploads\/2017\/03\/2017_03_17_TSV_Gelenau_internationale_DM_22-150x150.jpg\" class=\"attachment-thumbnail size-thumbnail\" alt=\"\" \/><\/a>\n\t\t\t<\/div><\/figure><figure class='gallery-item'>\n\t\t\t<div class='gallery-icon landscape'>\n\t\t\t\t<a href='https:\/\/mikanews.de\/wp-content\/uploads\/2017\/03\/2017_03_17_TSV_Gelenau_internationale_DM_27-1.jpg' rel=\"lightbox[102108]\"><img loading=\"lazy\" decoding=\"async\" width=\"150\" height=\"150\" src=\"https:\/\/mikanews.de\/wp-content\/uploads\/2017\/03\/2017_03_17_TSV_Gelenau_internationale_DM_27-1-150x150.jpg\" class=\"attachment-thumbnail size-thumbnail\" alt=\"\" \/><\/a>\n\t\t\t<\/div><\/figure>\n\t\t<\/div>\n\n<p>F\u00fcr Markus Mobers (EA), Robert Klier (EB) und Jan Dietmar (GT \u2013 FR-Lauf) geht es um die Titelverteidigung, wobei Markus als mehrfacher Deutscher Meister schon \u00f6fters vor dieser Situation stand. Einfach wird es f\u00fcr beide Piloten nicht werden. Die Konkurrenz schl\u00e4ft nicht. Mit Moritz Hilbert, Tim Altmann, Jacques Libar, Daniel Sieber, Sascha Freitag&#8230;&#8230;..um nur ein paar zu nennen, gibt es einige starke Fahrer im gesamten Teilnehmerfeld.<\/p>\n<p>Einen Blick auf die aktuelle Teilnehmerliste k\u00f6nnt ihr hier werfen: <a href=\"http:\/\/www.myrcm.ch\/myrcm\/main?hId[1]=bkg&amp;dId[E]=30763&amp;dLt=reg&amp;pLa=de&amp;lType=rList&amp;pId[E]=2\" target=\"_blank\">\u2013Zur Teilnehmerliste\u2013<\/a><\/p>\n<h6>Impressionen von Freitag:<\/h6>\n<div id='gallery-13' class='gallery galleryid-102108 gallery-columns-5 gallery-size-thumbnail'><figure class='gallery-item'>\n\t\t\t<div class='gallery-icon landscape'>\n\t\t\t\t<a href='https:\/\/mikanews.de\/wp-content\/uploads\/2017\/03\/2017_03_17_TSV_Gelenau_internationale_DM_10.jpg' rel=\"lightbox[102108]\"><img loading=\"lazy\" decoding=\"async\" width=\"150\" height=\"150\" src=\"https:\/\/mikanews.de\/wp-content\/uploads\/2017\/03\/2017_03_17_TSV_Gelenau_internationale_DM_10-150x150.jpg\" class=\"attachment-thumbnail size-thumbnail\" alt=\"\" \/><\/a>\n\t\t\t<\/div><\/figure><figure class='gallery-item'>\n\t\t\t<div class='gallery-icon landscape'>\n\t\t\t\t<a href='https:\/\/mikanews.de\/wp-content\/uploads\/2017\/03\/2017_03_17_TSV_Gelenau_internationale_DM_12.jpg' rel=\"lightbox[102108]\"><img loading=\"lazy\" decoding=\"async\" width=\"150\" height=\"150\" src=\"https:\/\/mikanews.de\/wp-content\/uploads\/2017\/03\/2017_03_17_TSV_Gelenau_internationale_DM_12-150x150.jpg\" class=\"attachment-thumbnail size-thumbnail\" alt=\"\" \/><\/a>\n\t\t\t<\/div><\/figure><figure class='gallery-item'>\n\t\t\t<div class='gallery-icon landscape'>\n\t\t\t\t<a href='https:\/\/mikanews.de\/wp-content\/uploads\/2017\/03\/2017_03_17_TSV_Gelenau_internationale_DM_13.jpg' rel=\"lightbox[102108]\"><img loading=\"lazy\" decoding=\"async\" width=\"150\" height=\"150\" src=\"https:\/\/mikanews.de\/wp-content\/uploads\/2017\/03\/2017_03_17_TSV_Gelenau_internationale_DM_13-150x150.jpg\" class=\"attachment-thumbnail size-thumbnail\" alt=\"\" \/><\/a>\n\t\t\t<\/div><\/figure><figure class='gallery-item'>\n\t\t\t<div class='gallery-icon landscape'>\n\t\t\t\t<a href='https:\/\/mikanews.de\/wp-content\/uploads\/2017\/03\/2017_03_17_TSV_Gelenau_internationale_DM_15.jpg' rel=\"lightbox[102108]\"><img loading=\"lazy\" decoding=\"async\" width=\"150\" height=\"150\" src=\"https:\/\/mikanews.de\/wp-content\/uploads\/2017\/03\/2017_03_17_TSV_Gelenau_internationale_DM_15-150x150.jpg\" class=\"attachment-thumbnail size-thumbnail\" alt=\"\" \/><\/a>\n\t\t\t<\/div><\/figure><figure class='gallery-item'>\n\t\t\t<div class='gallery-icon landscape'>\n\t\t\t\t<a href='https:\/\/mikanews.de\/wp-content\/uploads\/2017\/03\/2017_03_17_TSV_Gelenau_internationale_DM_17.jpg' rel=\"lightbox[102108]\"><img loading=\"lazy\" decoding=\"async\" width=\"150\" height=\"150\" src=\"https:\/\/mikanews.de\/wp-content\/uploads\/2017\/03\/2017_03_17_TSV_Gelenau_internationale_DM_17-150x150.jpg\" class=\"attachment-thumbnail size-thumbnail\" alt=\"\" \/><\/a>\n\t\t\t<\/div><\/figure><figure class='gallery-item'>\n\t\t\t<div class='gallery-icon landscape'>\n\t\t\t\t<a href='https:\/\/mikanews.de\/wp-content\/uploads\/2017\/03\/2017_03_17_TSV_Gelenau_internationale_DM_18.jpg' rel=\"lightbox[102108]\"><img loading=\"lazy\" decoding=\"async\" width=\"150\" height=\"150\" src=\"https:\/\/mikanews.de\/wp-content\/uploads\/2017\/03\/2017_03_17_TSV_Gelenau_internationale_DM_18-150x150.jpg\" class=\"attachment-thumbnail size-thumbnail\" alt=\"\" \/><\/a>\n\t\t\t<\/div><\/figure><figure class='gallery-item'>\n\t\t\t<div class='gallery-icon landscape'>\n\t\t\t\t<a href='https:\/\/mikanews.de\/wp-content\/uploads\/2017\/03\/2017_03_17_TSV_Gelenau_internationale_DM_19.jpg' rel=\"lightbox[102108]\"><img loading=\"lazy\" decoding=\"async\" width=\"150\" height=\"150\" src=\"https:\/\/mikanews.de\/wp-content\/uploads\/2017\/03\/2017_03_17_TSV_Gelenau_internationale_DM_19-150x150.jpg\" class=\"attachment-thumbnail size-thumbnail\" alt=\"\" \/><\/a>\n\t\t\t<\/div><\/figure><figure class='gallery-item'>\n\t\t\t<div class='gallery-icon landscape'>\n\t\t\t\t<a href='https:\/\/mikanews.de\/wp-content\/uploads\/2017\/03\/2017_03_17_TSV_Gelenau_internationale_DM_20.jpg' rel=\"lightbox[102108]\"><img loading=\"lazy\" decoding=\"async\" width=\"150\" height=\"150\" src=\"https:\/\/mikanews.de\/wp-content\/uploads\/2017\/03\/2017_03_17_TSV_Gelenau_internationale_DM_20-150x150.jpg\" class=\"attachment-thumbnail size-thumbnail\" alt=\"\" \/><\/a>\n\t\t\t<\/div><\/figure><figure class='gallery-item'>\n\t\t\t<div class='gallery-icon landscape'>\n\t\t\t\t<a href='https:\/\/mikanews.de\/wp-content\/uploads\/2017\/03\/2017_03_17_TSV_Gelenau_internationale_DM_21.jpg' rel=\"lightbox[102108]\"><img loading=\"lazy\" decoding=\"async\" width=\"150\" height=\"150\" src=\"https:\/\/mikanews.de\/wp-content\/uploads\/2017\/03\/2017_03_17_TSV_Gelenau_internationale_DM_21-150x150.jpg\" class=\"attachment-thumbnail size-thumbnail\" alt=\"\" \/><\/a>\n\t\t\t<\/div><\/figure><figure class='gallery-item'>\n\t\t\t<div class='gallery-icon landscape'>\n\t\t\t\t<a href='https:\/\/mikanews.de\/wp-content\/uploads\/2017\/03\/2017_03_17_TSV_Gelenau_internationale_DM_30.jpg' rel=\"lightbox[102108]\"><img loading=\"lazy\" decoding=\"async\" width=\"150\" height=\"150\" src=\"https:\/\/mikanews.de\/wp-content\/uploads\/2017\/03\/2017_03_17_TSV_Gelenau_internationale_DM_30-150x150.jpg\" class=\"attachment-thumbnail size-thumbnail\" alt=\"\" \/><\/a>\n\t\t\t<\/div><\/figure><figure class='gallery-item'>\n\t\t\t<div class='gallery-icon landscape'>\n\t\t\t\t<a href='https:\/\/mikanews.de\/wp-content\/uploads\/2017\/03\/2017_03_17_TSV_Gelenau_internationale_DM_31.jpg' rel=\"lightbox[102108]\"><img loading=\"lazy\" decoding=\"async\" width=\"150\" height=\"150\" src=\"https:\/\/mikanews.de\/wp-content\/uploads\/2017\/03\/2017_03_17_TSV_Gelenau_internationale_DM_31-150x150.jpg\" class=\"attachment-thumbnail size-thumbnail\" alt=\"\" \/><\/a>\n\t\t\t<\/div><\/figure><figure class='gallery-item'>\n\t\t\t<div class='gallery-icon landscape'>\n\t\t\t\t<a href='https:\/\/mikanews.de\/wp-content\/uploads\/2017\/03\/2017_03_17_TSV_Gelenau_internationale_DM_32.jpg' rel=\"lightbox[102108]\"><img loading=\"lazy\" decoding=\"async\" width=\"150\" height=\"150\" src=\"https:\/\/mikanews.de\/wp-content\/uploads\/2017\/03\/2017_03_17_TSV_Gelenau_internationale_DM_32-150x150.jpg\" class=\"attachment-thumbnail size-thumbnail\" alt=\"\" \/><\/a>\n\t\t\t<\/div><\/figure><figure class='gallery-item'>\n\t\t\t<div class='gallery-icon landscape'>\n\t\t\t\t<a href='https:\/\/mikanews.de\/wp-content\/uploads\/2017\/03\/2017_03_17_TSV_Gelenau_internationale_DM_33.jpg' rel=\"lightbox[102108]\"><img loading=\"lazy\" decoding=\"async\" width=\"150\" height=\"150\" src=\"https:\/\/mikanews.de\/wp-content\/uploads\/2017\/03\/2017_03_17_TSV_Gelenau_internationale_DM_33-150x150.jpg\" class=\"attachment-thumbnail size-thumbnail\" alt=\"\" \/><\/a>\n\t\t\t<\/div><\/figure><figure class='gallery-item'>\n\t\t\t<div class='gallery-icon landscape'>\n\t\t\t\t<a href='https:\/\/mikanews.de\/wp-content\/uploads\/2017\/03\/2017_03_17_TSV_Gelenau_internationale_DM_34.jpg' rel=\"lightbox[102108]\"><img loading=\"lazy\" decoding=\"async\" width=\"150\" height=\"150\" src=\"https:\/\/mikanews.de\/wp-content\/uploads\/2017\/03\/2017_03_17_TSV_Gelenau_internationale_DM_34-150x150.jpg\" class=\"attachment-thumbnail size-thumbnail\" alt=\"\" \/><\/a>\n\t\t\t<\/div><\/figure><figure class='gallery-item'>\n\t\t\t<div class='gallery-icon landscape'>\n\t\t\t\t<a href='https:\/\/mikanews.de\/wp-content\/uploads\/2017\/03\/2017_03_17_TSV_Gelenau_internationale_DM_35.jpg' rel=\"lightbox[102108]\"><img loading=\"lazy\" decoding=\"async\" width=\"150\" height=\"150\" src=\"https:\/\/mikanews.de\/wp-content\/uploads\/2017\/03\/2017_03_17_TSV_Gelenau_internationale_DM_35-150x150.jpg\" class=\"attachment-thumbnail size-thumbnail\" alt=\"\" \/><\/a>\n\t\t\t<\/div><\/figure><figure class='gallery-item'>\n\t\t\t<div class='gallery-icon landscape'>\n\t\t\t\t<a href='https:\/\/mikanews.de\/wp-content\/uploads\/2017\/03\/2017_03_17_TSV_Gelenau_internationale_DM_40.jpg' rel=\"lightbox[102108]\"><img loading=\"lazy\" decoding=\"async\" width=\"150\" height=\"150\" src=\"https:\/\/mikanews.de\/wp-content\/uploads\/2017\/03\/2017_03_17_TSV_Gelenau_internationale_DM_40-150x150.jpg\" class=\"attachment-thumbnail size-thumbnail\" alt=\"\" \/><\/a>\n\t\t\t<\/div><\/figure><figure class='gallery-item'>\n\t\t\t<div class='gallery-icon landscape'>\n\t\t\t\t<a href='https:\/\/mikanews.de\/wp-content\/uploads\/2017\/03\/2017_03_17_TSV_Gelenau_internationale_DM_43.jpg' rel=\"lightbox[102108]\"><img loading=\"lazy\" decoding=\"async\" width=\"150\" height=\"150\" src=\"https:\/\/mikanews.de\/wp-content\/uploads\/2017\/03\/2017_03_17_TSV_Gelenau_internationale_DM_43-150x150.jpg\" class=\"attachment-thumbnail size-thumbnail\" alt=\"\" \/><\/a>\n\t\t\t<\/div><\/figure><figure class='gallery-item'>\n\t\t\t<div class='gallery-icon landscape'>\n\t\t\t\t<a href='https:\/\/mikanews.de\/wp-content\/uploads\/2017\/03\/2017_03_17_TSV_Gelenau_internationale_DM_48.jpg' rel=\"lightbox[102108]\"><img loading=\"lazy\" decoding=\"async\" width=\"150\" height=\"150\" src=\"https:\/\/mikanews.de\/wp-content\/uploads\/2017\/03\/2017_03_17_TSV_Gelenau_internationale_DM_48-150x150.jpg\" class=\"attachment-thumbnail size-thumbnail\" alt=\"\" \/><\/a>\n\t\t\t<\/div><\/figure><figure class='gallery-item'>\n\t\t\t<div class='gallery-icon landscape'>\n\t\t\t\t<a href='https:\/\/mikanews.de\/wp-content\/uploads\/2017\/03\/2017_03_17_TSV_Gelenau_internationale_DM_54.jpg' rel=\"lightbox[102108]\"><img loading=\"lazy\" decoding=\"async\" width=\"150\" height=\"150\" src=\"https:\/\/mikanews.de\/wp-content\/uploads\/2017\/03\/2017_03_17_TSV_Gelenau_internationale_DM_54-150x150.jpg\" class=\"attachment-thumbnail size-thumbnail\" alt=\"\" \/><\/a>\n\t\t\t<\/div><\/figure><figure class='gallery-item'>\n\t\t\t<div class='gallery-icon landscape'>\n\t\t\t\t<a href='https:\/\/mikanews.de\/wp-content\/uploads\/2017\/03\/2017_03_17_TSV_Gelenau_internationale_DM_61.jpg' rel=\"lightbox[102108]\"><img loading=\"lazy\" decoding=\"async\" width=\"150\" height=\"150\" src=\"https:\/\/mikanews.de\/wp-content\/uploads\/2017\/03\/2017_03_17_TSV_Gelenau_internationale_DM_61-150x150.jpg\" class=\"attachment-thumbnail size-thumbnail\" alt=\"\" \/><\/a>\n\t\t\t<\/div><\/figure><figure class='gallery-item'>\n\t\t\t<div class='gallery-icon landscape'>\n\t\t\t\t<a href='https:\/\/mikanews.de\/wp-content\/uploads\/2017\/03\/2017_03_17_TSV_Gelenau_internationale_DM_65.jpg' rel=\"lightbox[102108]\"><img loading=\"lazy\" decoding=\"async\" width=\"150\" height=\"150\" src=\"https:\/\/mikanews.de\/wp-content\/uploads\/2017\/03\/2017_03_17_TSV_Gelenau_internationale_DM_65-150x150.jpg\" class=\"attachment-thumbnail size-thumbnail\" alt=\"\" \/><\/a>\n\t\t\t<\/div><\/figure><figure class='gallery-item'>\n\t\t\t<div class='gallery-icon landscape'>\n\t\t\t\t<a href='https:\/\/mikanews.de\/wp-content\/uploads\/2017\/03\/2017_03_17_TSV_Gelenau_internationale_DM_66.jpg' rel=\"lightbox[102108]\"><img loading=\"lazy\" decoding=\"async\" width=\"150\" height=\"150\" src=\"https:\/\/mikanews.de\/wp-content\/uploads\/2017\/03\/2017_03_17_TSV_Gelenau_internationale_DM_66-150x150.jpg\" class=\"attachment-thumbnail size-thumbnail\" alt=\"\" \/><\/a>\n\t\t\t<\/div><\/figure><figure class='gallery-item'>\n\t\t\t<div class='gallery-icon landscape'>\n\t\t\t\t<a href='https:\/\/mikanews.de\/wp-content\/uploads\/2017\/03\/2017_03_17_TSV_Gelenau_internationale_DM_67.jpg' rel=\"lightbox[102108]\"><img loading=\"lazy\" decoding=\"async\" width=\"150\" height=\"150\" src=\"https:\/\/mikanews.de\/wp-content\/uploads\/2017\/03\/2017_03_17_TSV_Gelenau_internationale_DM_67-150x150.jpg\" class=\"attachment-thumbnail size-thumbnail\" alt=\"\" \/><\/a>\n\t\t\t<\/div><\/figure><figure class='gallery-item'>\n\t\t\t<div class='gallery-icon landscape'>\n\t\t\t\t<a href='https:\/\/mikanews.de\/wp-content\/uploads\/2017\/03\/2017_03_17_TSV_Gelenau_internationale_DM_68.jpg' rel=\"lightbox[102108]\"><img loading=\"lazy\" decoding=\"async\" width=\"150\" height=\"150\" src=\"https:\/\/mikanews.de\/wp-content\/uploads\/2017\/03\/2017_03_17_TSV_Gelenau_internationale_DM_68-150x150.jpg\" class=\"attachment-thumbnail size-thumbnail\" alt=\"\" \/><\/a>\n\t\t\t<\/div><\/figure><figure class='gallery-item'>\n\t\t\t<div class='gallery-icon landscape'>\n\t\t\t\t<a href='https:\/\/mikanews.de\/wp-content\/uploads\/2017\/03\/2017_03_17_TSV_Gelenau_internationale_DM_69.jpg' rel=\"lightbox[102108]\"><img loading=\"lazy\" decoding=\"async\" width=\"150\" height=\"150\" src=\"https:\/\/mikanews.de\/wp-content\/uploads\/2017\/03\/2017_03_17_TSV_Gelenau_internationale_DM_69-150x150.jpg\" class=\"attachment-thumbnail size-thumbnail\" alt=\"\" \/><\/a>\n\t\t\t<\/div><\/figure><figure class='gallery-item'>\n\t\t\t<div class='gallery-icon landscape'>\n\t\t\t\t<a href='https:\/\/mikanews.de\/wp-content\/uploads\/2017\/03\/2017_03_17_TSV_Gelenau_internationale_DM_70.jpg' rel=\"lightbox[102108]\"><img loading=\"lazy\" decoding=\"async\" width=\"150\" height=\"150\" src=\"https:\/\/mikanews.de\/wp-content\/uploads\/2017\/03\/2017_03_17_TSV_Gelenau_internationale_DM_70-150x150.jpg\" class=\"attachment-thumbnail size-thumbnail\" alt=\"\" \/><\/a>\n\t\t\t<\/div><\/figure><figure class='gallery-item'>\n\t\t\t<div class='gallery-icon landscape'>\n\t\t\t\t<a href='https:\/\/mikanews.de\/wp-content\/uploads\/2017\/03\/2017_03_17_TSV_Gelenau_internationale_DM_1.jpg' rel=\"lightbox[102108]\"><img loading=\"lazy\" decoding=\"async\" width=\"150\" height=\"150\" src=\"https:\/\/mikanews.de\/wp-content\/uploads\/2017\/03\/2017_03_17_TSV_Gelenau_internationale_DM_1-150x150.jpg\" class=\"attachment-thumbnail size-thumbnail\" alt=\"\" \/><\/a>\n\t\t\t<\/div><\/figure><figure class='gallery-item'>\n\t\t\t<div class='gallery-icon landscape'>\n\t\t\t\t<a href='https:\/\/mikanews.de\/wp-content\/uploads\/2017\/03\/2017_03_17_TSV_Gelenau_internationale_DM_6.jpg' rel=\"lightbox[102108]\"><img loading=\"lazy\" decoding=\"async\" width=\"150\" height=\"150\" src=\"https:\/\/mikanews.de\/wp-content\/uploads\/2017\/03\/2017_03_17_TSV_Gelenau_internationale_DM_6-150x150.jpg\" class=\"attachment-thumbnail size-thumbnail\" alt=\"\" \/><\/a>\n\t\t\t<\/div><\/figure><figure class='gallery-item'>\n\t\t\t<div class='gallery-icon landscape'>\n\t\t\t\t<a href='https:\/\/mikanews.de\/wp-content\/uploads\/2017\/03\/2017_03_17_TSV_Gelenau_internationale_DM_7.jpg' rel=\"lightbox[102108]\"><img loading=\"lazy\" decoding=\"async\" width=\"150\" height=\"150\" src=\"https:\/\/mikanews.de\/wp-content\/uploads\/2017\/03\/2017_03_17_TSV_Gelenau_internationale_DM_7-150x150.jpg\" class=\"attachment-thumbnail size-thumbnail\" alt=\"\" \/><\/a>\n\t\t\t<\/div><\/figure><figure class='gallery-item'>\n\t\t\t<div class='gallery-icon landscape'>\n\t\t\t\t<a href='https:\/\/mikanews.de\/wp-content\/uploads\/2017\/03\/2017_03_17_TSV_Gelenau_internationale_DM_9.jpg' rel=\"lightbox[102108]\"><img loading=\"lazy\" decoding=\"async\" width=\"150\" height=\"150\" src=\"https:\/\/mikanews.de\/wp-content\/uploads\/2017\/03\/2017_03_17_TSV_Gelenau_internationale_DM_9-150x150.jpg\" class=\"attachment-thumbnail size-thumbnail\" alt=\"\" \/><\/a>\n\t\t\t<\/div><\/figure>\n\t\t<\/div>\n\n<p>Das aktuelle Reglement und die Ausschreibung findet ihr \u00fcbrigens beim <a href=\"http:\/\/www.dmc-online.com\/\" target=\"_blank\">DMC (Deutscher Minicar Club)<\/a> und dem <a href=\"https:\/\/www.facebook.com\/TsvGelenau\/?fref=ts\" target=\"_blank\">TSV-Gelenau<\/a>.<\/p>\n<p>Wer einen R\u00fcckblick auf die letzte DM sehen m\u00f6chte, der kann hier st\u00f6bern:<a href=\"https:\/\/mikanews.de\/2016\/03\/13\/deutsche-meisterschaft-112-beim-slr-ingolstadt-der-sonntag\/\" target=\"_blank\"> \u2013HIER\u2013 <\/a>und in der <a href=\"http:\/\/michaelklaus-fotografie.de\/galeriebilder\/04032012_DM_Gelenau\/\" target=\"_blank\">\u2013Zur Bildergalerie\u2013.<\/a><\/p>\n<p><strong>Quelle \/ Weitere Infos:\u00a0<\/strong><a href=\"http:\/\/www.tsv-gelenau.de\/\" target=\"_blank\">TSV-Gelenau<\/a><\/p>\n<h5>Weitere Links<\/h5>\n<p>https:\/\/mikanews.de\/2016\/03\/31\/chassisfokus-square-rms-001-zeta-dai-sakaguchi\/<\/p>\n<p><iframe loading=\"lazy\" class=\"wp-embedded-content\" title=\"\u201eDeutsche Meisterschaft 1\/12 beim SLR-Ingolstadt \u2013 Der Sonntag\u201c \u2014 mikanews.de\" src=\"https:\/\/mikanews.de\/2016\/03\/13\/deutsche-meisterschaft-112-beim-slr-ingolstadt-der-sonntag\/embed\/#?secret=OffIClS1x2\" width=\"474\" height=\"564\" frameborder=\"0\" marginwidth=\"0\" marginheight=\"0\" scrolling=\"no\" sandbox=\"allow-scripts\" data-secret=\"OffIClS1x2\" data-mce-fragment=\"1\"><\/iframe><\/p>\n<p><iframe loading=\"lazy\" class=\"wp-embedded-content\" title=\"\u201eCHASSISFOKUS TOP RACING REBEL 12 \u2013 ROBERT KLIER\u201c \u2014 mikanews.de\" src=\"https:\/\/mikanews.de\/2016\/03\/16\/chassisfokus-top-racing-rebel-12-robert-klier\/embed\/#?secret=Kqn0ZERrc6\" width=\"474\" height=\"564\" frameborder=\"0\" marginwidth=\"0\" marginheight=\"0\" scrolling=\"no\" sandbox=\"allow-scripts\" data-secret=\"Kqn0ZERrc6\" data-mce-fragment=\"1\"><\/iframe><\/p>\n<p><iframe loading=\"lazy\" class=\"wp-embedded-content\" title=\"\u201eSchumacher Eclipse 1\/12 LMP\u201c \u2014 mikanews.de\" src=\"https:\/\/mikanews.de\/2016\/11\/14\/schumacher-eclipse-112-lmp\/embed\/#?secret=3pdfb2dReX\" width=\"474\" height=\"536\" frameborder=\"0\" marginwidth=\"0\" marginheight=\"0\" scrolling=\"no\" sandbox=\"allow-scripts\" data-secret=\"3pdfb2dReX\" data-mce-fragment=\"1\"><\/iframe><\/p>\n<p><iframe loading=\"lazy\" class=\"wp-embedded-content\" title=\"\u201eCHASSISFOKUS ASSO 12R5.2 \u2013 CHRISTIAN LANDINGER\u201c \u2014 mikanews.de\" src=\"https:\/\/mikanews.de\/2016\/03\/18\/chassisfokus-asso-12r5-2-christian-landinger\/embed\/#?secret=mHGwIQ5evF\" width=\"474\" height=\"564\" frameborder=\"0\" marginwidth=\"0\" marginheight=\"0\" scrolling=\"no\" sandbox=\"allow-scripts\" data-secret=\"mHGwIQ5evF\" data-mce-fragment=\"1\"><\/iframe><\/p>\n<p><iframe loading=\"lazy\" class=\"wp-embedded-content\" title=\"\u201eCHASSISFOKUS XRAY X12&#96;16 \u2013 DIONYS STADLER\u201c \u2014 mikanews.de\" src=\"https:\/\/mikanews.de\/2016\/03\/14\/chassisfokus-xray-x1216-dionys-stadler\/embed\/#?secret=6vCFyADDzs\" width=\"474\" height=\"564\" frameborder=\"0\" marginwidth=\"0\" marginheight=\"0\" scrolling=\"no\" sandbox=\"allow-scripts\" data-secret=\"6vCFyADDzs\" data-mce-fragment=\"1\"><\/iframe><\/p>\n<p><iframe loading=\"lazy\" class=\"wp-embedded-content\" title=\"\u201eChassisfokus Roche Prototyp \u2013 Naoto Matsukura\u201c \u2014 mikanews.de\" src=\"https:\/\/mikanews.de\/2016\/08\/21\/chassisfokus-roche-prototyp-naoto-matsukura\/embed\/#?secret=vFUwsFl9Ty\" width=\"474\" height=\"564\" frameborder=\"0\" marginwidth=\"0\" marginheight=\"0\" scrolling=\"no\" sandbox=\"allow-scripts\" data-secret=\"vFUwsFl9Ty\" data-mce-fragment=\"1\"><\/iframe><\/p>\n<p><iframe loading=\"lazy\" class=\"wp-embedded-content\" title=\"\u201eCHASSISFOKUS SCHUMACHER SUPASTOX ATOM \u2013 NOBUHIRO KANABE\u201c \u2014 mikanews.de\" src=\"https:\/\/mikanews.de\/2016\/03\/19\/chassisfokus-schumacher-atom-nobuhiro-kanabe\/embed\/#?secret=kNeaigrpVL\" width=\"474\" height=\"585\" frameborder=\"0\" marginwidth=\"0\" marginheight=\"0\" scrolling=\"no\" sandbox=\"allow-scripts\" data-secret=\"kNeaigrpVL\" data-mce-fragment=\"1\"><\/iframe><\/p>\n<p><iframe loading=\"lazy\" class=\"wp-embedded-content\" title=\"\u201eDeutsche Meisterschaft 1\/12 beim SLR-Ingolstadt \u2013 Bildergalerie\u201c \u2014 mikanews.de\" src=\"https:\/\/mikanews.de\/2016\/03\/25\/deutsche-meisterschaft-112-beim-slr-ingolstadt-bildergalerie\/embed\/#?secret=1SMHMK1Ilk\" width=\"474\" height=\"564\" frameborder=\"0\" marginwidth=\"0\" marginheight=\"0\" scrolling=\"no\" sandbox=\"allow-scripts\" data-secret=\"1SMHMK1Ilk\" data-mce-fragment=\"1\"><\/iframe><\/p>\n","protected":false},"excerpt":{"rendered":"<p>Heute sind die Titelentscheidungen beim TSV-Gelenau e.V. bei der internationalen Deutschen Meisterschaft 2017 gefallen. Der Sonntag begann morgens um 8 Uhr mit dem letzten Vorlauf. Es<\/p>\n","protected":false},"author":1,"featured_media":102270,"comment_status":"closed","ping_status":"closed","sticky":false,"template":"","format":"standard","meta":{"ngg_post_thumbnail":0,"_jetpack_memberships_contains_paid_content":false,"footnotes":"","jetpack_publicize_message":"","jetpack_publicize_feature_enabled":true,"jetpack_social_post_already_shared":true,"jetpack_social_options":{"image_generator_settings":{"template":"highway","default_image_id":0,"font":"","enabled":false},"version":2}},"categories":[3],"tags":[36,65,266,267,649,797,888,939,957,1792,1991,1992,3129,3302,3510,3747,4088,4330,4622,4798],"class_list":["post-102108","post","type-post","status-publish","format-standard","has-post-thumbnail","hentry","category-rennberichte","tag-dmc","tag-gt","tag-ea","tag-eb","tag-tsv-gelenau","tag-rcweb","tag-deutscherminicarclub","tag-gelenau","tag-daniel-sieber","tag-rc","tag-markus-mobers","tag-robert-klier","tag-internationale-deutsche-meisterschaft","tag-mikanews","tag-mika-news","tag-rcnews","tag-tsv-gelenau-e-v","tag-rcneuigkeiten","tag-deutscher-minicar-club","tag-rennberichte"],"jetpack_publicize_connections":[],"jetpack_featured_media_url":"https:\/\/mikanews.de\/wp-content\/uploads\/2017\/03\/2017_03_17_TSV_Gelenau_internationale_DM_726.jpg","jetpack_sharing_enabled":true,"jetpack_shortlink":"https:\/\/wp.me\/p6wBBU-qyU","_links":{"self":[{"href":"https:\/\/mikanews.de\/index.php?rest_route=\/wp\/v2\/posts\/102108","targetHints":{"allow":["GET"]}}],"collection":[{"href":"https:\/\/mikanews.de\/index.php?rest_route=\/wp\/v2\/posts"}],"about":[{"href":"https:\/\/mikanews.de\/index.php?rest_route=\/wp\/v2\/types\/post"}],"author":[{"embeddable":true,"href":"https:\/\/mikanews.de\/index.php?rest_route=\/wp\/v2\/users\/1"}],"replies":[{"embeddable":true,"href":"https:\/\/mikanews.de\/index.php?rest_route=%2Fwp%2Fv2%2Fcomments&post=102108"}],"version-history":[{"count":32,"href":"https:\/\/mikanews.de\/index.php?rest_route=\/wp\/v2\/posts\/102108\/revisions"}],"predecessor-version":[{"id":102373,"href":"https:\/\/mikanews.de\/index.php?rest_route=\/wp\/v2\/posts\/102108\/revisions\/102373"}],"wp:featuredmedia":[{"embeddable":true,"href":"https:\/\/mikanews.de\/index.php?rest_route=\/wp\/v2\/media\/102270"}],"wp:attachment":[{"href":"https:\/\/mikanews.de\/index.php?rest_route=%2Fwp%2Fv2%2Fmedia&parent=102108"}],"wp:term":[{"taxonomy":"category","embeddable":true,"href":"https:\/\/mikanews.de\/index.php?rest_route=%2Fwp%2Fv2%2Fcategories&post=102108"},{"taxonomy":"post_tag","embeddable":true,"href":"https:\/\/mikanews.de\/index.php?rest_route=%2Fwp%2Fv2%2Ftags&post=102108"}],"curies":[{"name":"wp","href":"https:\/\/api.w.org\/{rel}","templated":true}]}}