{"id":122895,"date":"2017-07-28T22:21:05","date_gmt":"2017-07-28T20:21:05","guid":{"rendered":"http:\/\/mikanews.de\/?p=122895"},"modified":"2017-07-29T03:41:32","modified_gmt":"2017-07-29T01:41:32","slug":"efra-large-scale-off-road-european-championships-qualifying-report","status":"publish","type":"post","link":"https:\/\/mikanews.de\/?p=122895","title":{"rendered":"EFRA LARGE SCALE OFF ROAD EUROPEAN CHAMPIONSHIPS QUALIFYING REPORT."},"content":{"rendered":"<p>Wechselbare Witterung war die Tagesordnung im Qualifying f\u00fcr die dritten Europameisterschaften, die hier im Nene Valley Raceway in Gro\u00dfbritannien gestartet wurden.<!--more-->Mit ziwschenzeitlich Regen hatten die Fahrer auf der Kunstrasenstrecke zu k\u00e4mpfen. Die Bedingungen waren f\u00fcr alle gleich und die Fahrer mussten sich auf die unterschiedlichen Griffverh\u00e4ltnisse einstellen. Wer dies am besten schaffte, seht ihr am Vorlaufergebnis. Etwas umstritten ist die neue Regel, dass die Fahrer nur in einer Klasse starten konnten.<\/p>\n<p>Nach den Vorl\u00e4ufen ging es bereits am Freitag mit den ersten Finall\u00e4ufen weiter. Am Samstag, den 29.07.2017 geht es weiter. Hier bei RC Racing TV k\u00f6nnt ihr auf YouTube die Finals weiterverfolgen:<\/p>\n<p><span class=\"embed-youtube\" style=\"text-align:center; display: block;\"><iframe loading=\"lazy\" class=\"youtube-player\" width=\"474\" height=\"267\" src=\"https:\/\/www.youtube.com\/embed\/xHAylWvU8JE?version=3&#038;rel=1&#038;showsearch=0&#038;showinfo=1&#038;iv_load_policy=1&#038;fs=1&#038;hl=de-DE&#038;autohide=2&#038;wmode=transparent\" allowfullscreen=\"true\" style=\"border:0;\" sandbox=\"allow-scripts allow-same-origin allow-popups allow-presentation allow-popups-to-escape-sandbox\"><\/iframe><\/span><\/p>\n<p>Onlinestream: <a href=\"http:\/\/www.myrcm.ch\/myrcm\/main?pSr=1&amp;dId[E]=34762\" target=\"_blank\" rel=\"noopener noreferrer\">&#8211;Hier bei MYRCM&#8211;<\/a><\/p>\n<h6>Englische Version<\/h6>\n<p>Changeable weather was the order of the day throughout Qualifying for the\u00a0 3 European championships up for grabs here at the Nene Valley Raceway in the UK.<br \/>\nWith rain showers coming and going on the Astroturf surface the constantly changing levels of grip challenged all the drivers.<\/p>\n<p>With a new rule forcing drivers to enter just one class, al 3 are now \u00a0hotly contested championship in it\u2019s own right.<\/p>\n<h6>4WD<\/h6>\n<p>Seen as the premier class the 4WD qualifying was a fantastically open event. After 3 rounds 3 different drivers \u2013 Ivonen, Vaseli and Peuziat were tied with a 1<sup>st<\/sup>, 2<sup>nd<\/sup> and 3<sup>rd<\/sup> apiece. In the pivitol 4<sup>th<\/sup> round it was 14 year old Finnish sensation Pekko Iivonen who took the heat and with it the TQ for the championship.<\/p>\n<p>The Top Qualifiers are-<\/p>\n<table width=\"354\">\n<tbody>\n<tr>\n<td><strong>Rank<\/strong><\/td>\n<td><strong>Pilot<\/strong><\/td>\n<td><strong>Country<\/strong><\/td>\n<\/tr>\n<tr>\n<td>1<\/td>\n<td>Pekko\u00a0Iivonen<\/td>\n<td>FIN &#8211; <a href=\"https:\/\/mikanews.de\/2017\/05\/09\/chassisfokus-elcon-mmx-michael-schulze\/\" target=\"_blank\" rel=\"noopener noreferrer\">Elcon<\/a><\/td>\n<\/tr>\n<tr>\n<td>2<\/td>\n<td>Dario\u00a0Veseli<\/td>\n<td>Croatia<\/td>\n<\/tr>\n<tr>\n<td>3<\/td>\n<td>Valentin\u00a0PEUZIAT<\/td>\n<td>FRA \u2013 <a href=\"https:\/\/mikanews.de\/2016\/09\/13\/chassisfokus-mcd-rr5-ultimate-factory-team-sven-rodewald\/\" target=\"_blank\" rel=\"noopener noreferrer\">MCD<\/a><\/td>\n<\/tr>\n<tr>\n<td>4<\/td>\n<td>J\u00a0SARTEL<\/td>\n<td>FRA<\/td>\n<\/tr>\n<tr>\n<td>5<\/td>\n<td>Sven\u00a0Rodewald<\/td>\n<td>DEU \u2013 <a href=\"https:\/\/mikanews.de\/2016\/12\/17\/mcd-rr5-cf-ultimate\/\" target=\"_blank\" rel=\"noopener noreferrer\">MCD Ultimate<\/a><\/td>\n<\/tr>\n<tr>\n<td>6<\/td>\n<td>Stu\u00a0Wood<\/td>\n<td>Great Britain \u2013 <a href=\"https:\/\/mikanews.de\/2016\/12\/17\/mcd-rr5-cf-ultimate\/\" target=\"_blank\" rel=\"noopener noreferrer\">MCD Ultimate<\/a><\/td>\n<\/tr>\n<\/tbody>\n<\/table>\n<h6>2WD<\/h6>\n<p>Ken Walckiers was unstoppable in 2WD Qualifying taking the first 3 rounds in fine style. Choosing to do some testing in the final round the round TQ went to Mike Plekkopoel who also claimed 2<sup>nd<\/sup> overall.<\/p>\n<p>The Top Qualifiers were &#8211;<\/p>\n<table width=\"374\">\n<tbody>\n<tr>\n<td><strong>Rank<\/strong><\/td>\n<td><strong>Pilot<\/strong><\/td>\n<td><strong>Country<\/strong><\/td>\n<\/tr>\n<tr>\n<td>1<\/td>\n<td>Ken\u00a0Walckiers<\/td>\n<td>BEL \u2013 <a href=\"https:\/\/mikanews.de\/2017\/06\/28\/chassisfokus-losi-5ive-t-uwe-neumann\/\" target=\"_blank\" rel=\"noopener noreferrer\">Losi 5ive -T<\/a><\/td>\n<\/tr>\n<tr>\n<td>2<\/td>\n<td>Mike\u00a0Plekkepoel<\/td>\n<td>NLD \u2013 <a href=\"https:\/\/mikanews.de\/2017\/06\/28\/chassisfokus-losi-5ive-t-uwe-neumann\/\" target=\"_blank\" rel=\"noopener noreferrer\">Losi 5ive -T<\/a><\/td>\n<\/tr>\n<tr>\n<td>3<\/td>\n<td>Karl\u00a0Norris<\/td>\n<td>Great Britain<\/td>\n<\/tr>\n<tr>\n<td>4<\/td>\n<td>Alex\u00a0Mulder<\/td>\n<td>NLD \u2013 <a href=\"https:\/\/mikanews.de\/2017\/06\/28\/chassisfokus-losi-5ive-t-uwe-neumann\/\" target=\"_blank\" rel=\"noopener noreferrer\">Losi 5ive -T<\/a><\/td>\n<\/tr>\n<tr>\n<td>5<\/td>\n<td>Petr\u00a0HARTMAN<\/td>\n<td>CZE<\/td>\n<\/tr>\n<tr>\n<td>6<\/td>\n<td>Luke\u00a0van den Berg<\/td>\n<td>NLD<\/td>\n<\/tr>\n<\/tbody>\n<\/table>\n<h6><a href=\"https:\/\/mikanews.de\/wp-content\/uploads\/2017\/07\/EFRA_Europameisterschaft_Large_Scale_Offroad__2.jpg\" rel=\"lightbox[122895]\"><img loading=\"lazy\" decoding=\"async\" class=\"aligncenter size-medium wp-image-122897\" src=\"https:\/\/mikanews.de\/wp-content\/uploads\/2017\/07\/EFRA_Europameisterschaft_Large_Scale_Offroad__2-300x200.jpg\" alt=\"\" width=\"300\" height=\"200\" srcset=\"https:\/\/mikanews.de\/wp-content\/uploads\/2017\/07\/EFRA_Europameisterschaft_Large_Scale_Offroad__2-300x200.jpg 300w, https:\/\/mikanews.de\/wp-content\/uploads\/2017\/07\/EFRA_Europameisterschaft_Large_Scale_Offroad__2.jpg 850w\" sizes=\"auto, (max-width: 300px) 100vw, 300px\" \/><\/a><\/h6>\n<h6>Short Course<\/h6>\n<p>After running as an invitation class last year for 2017 Large Scale 4WD Short Course is an official European Championship and it was local driver Mathew Perry who dominated from fellow Brit Tommy Chung.<\/p>\n<p>The Top Qualifiers were &#8211;<\/p>\n<table width=\"386\">\n<tbody>\n<tr>\n<td><strong>Rank<\/strong><\/td>\n<td><strong>Pilot<\/strong><\/td>\n<td><strong>Country<\/strong><\/td>\n<\/tr>\n<tr>\n<td>1<\/td>\n<td>Mathew\u00a0Perry<\/td>\n<td>Great Britain \u2013 <a href=\"https:\/\/mikanews.de\/2017\/06\/28\/chassisfokus-losi-5ive-t-uwe-neumann\/\" target=\"_blank\" rel=\"noopener noreferrer\">Losi 5ive -T<\/a><\/td>\n<\/tr>\n<tr>\n<td>2<\/td>\n<td>Tommy\u00a0Chung<\/td>\n<td>Great Britain \u2013 <a href=\"https:\/\/mikanews.de\/2017\/06\/28\/chassisfokus-losi-5ive-t-uwe-neumann\/\" target=\"_blank\" rel=\"noopener noreferrer\">Losi 5ive -T<\/a><\/td>\n<\/tr>\n<tr>\n<td>3<\/td>\n<td>Marc\u00a0Kreisig<\/td>\n<td>DEU \u2013 <a href=\"https:\/\/mikanews.de\/2016\/09\/13\/chassisfokus-mcd-rr5-ultimate-factory-team-sven-rodewald\/\" target=\"_blank\" rel=\"noopener noreferrer\">MCD<\/a><\/td>\n<\/tr>\n<tr>\n<td>4<\/td>\n<td>David\u00a0Parish<\/td>\n<td>Great Britain \u2013 <a href=\"https:\/\/mikanews.de\/2017\/06\/28\/chassisfokus-losi-5ive-t-uwe-neumann\/\" target=\"_blank\" rel=\"noopener noreferrer\">Losi 5ive -T<\/a><\/td>\n<\/tr>\n<tr>\n<td>5<\/td>\n<td>Matthew\u00a0Stokes<\/td>\n<td>Great Britain<\/td>\n<\/tr>\n<tr>\n<td>6<\/td>\n<td>Tobias\u00a0Westhoff<\/td>\n<td>DEU<\/td>\n<\/tr>\n<\/tbody>\n<\/table>\n<p><a href=\"https:\/\/mikanews.de\/wp-content\/uploads\/2017\/07\/EFRA_Europameisterschaft_Large_Scale_Offroad__1.jpg\" rel=\"lightbox[122895]\"><img loading=\"lazy\" decoding=\"async\" class=\"aligncenter size-medium wp-image-122896\" src=\"https:\/\/mikanews.de\/wp-content\/uploads\/2017\/07\/EFRA_Europameisterschaft_Large_Scale_Offroad__1-300x200.jpg\" alt=\"\" width=\"300\" height=\"200\" srcset=\"https:\/\/mikanews.de\/wp-content\/uploads\/2017\/07\/EFRA_Europameisterschaft_Large_Scale_Offroad__1-300x200.jpg 300w, https:\/\/mikanews.de\/wp-content\/uploads\/2017\/07\/EFRA_Europameisterschaft_Large_Scale_Offroad__1.jpg 850w\" sizes=\"auto, (max-width: 300px) 100vw, 300px\" \/><\/a><\/p>\n<p><strong>Quelle<\/strong><strong>:<\/strong> <a href=\"http:\/\/www.efra.ws\/efra-news\/general-news\/\" target=\"_blank\" rel=\"noopener noreferrer\">EFRA<\/a><\/p>\n\n<h5>Weitere Links<\/h5>\n<p><iframe loading=\"lazy\" class=\"wp-embedded-content\" title=\"\u201eMCD RR5 CF Ultimate\u201c \u2014 mikanews.de\" src=\"https:\/\/mikanews.de\/2016\/12\/17\/mcd-rr5-cf-ultimate\/embed\/#?secret=G4JgtsYNaW\" width=\"474\" height=\"340\" frameborder=\"0\" marginwidth=\"0\" marginheight=\"0\" scrolling=\"no\" sandbox=\"allow-scripts\" data-secret=\"G4JgtsYNaW\" data-mce-fragment=\"1\"><\/iframe><\/p>\n<p><iframe loading=\"lazy\" class=\"wp-embedded-content\" title=\"\u201eCHASSISFOKUS Elcon MMX \u2013 Michael Schulze\u201c \u2014 mikanews.de\" src=\"https:\/\/mikanews.de\/2017\/05\/09\/chassisfokus-elcon-mmx-michael-schulze\/embed\/#?secret=734xibrHeb\" width=\"474\" height=\"564\" frameborder=\"0\" marginwidth=\"0\" marginheight=\"0\" scrolling=\"no\" sandbox=\"allow-scripts\" data-secret=\"734xibrHeb\" data-mce-fragment=\"1\"><\/iframe><\/p>\n<p>Mike\u00a0Plekkepoel \u2013 NLD<\/p>\n<p><iframe loading=\"lazy\" class=\"wp-embedded-content\" title=\"\u201eInterview mit Sven Rodewald \u2013 Neuer Europameister OR6 Short Course\u201c \u2014 mikanews.de\" src=\"https:\/\/mikanews.de\/2016\/08\/11\/interview-mit-sven-rodewald-neuer-europameister-or6-short-course\/embed\/#?secret=U6NW8g3YU2\" width=\"474\" height=\"564\" frameborder=\"0\" marginwidth=\"0\" marginheight=\"0\" scrolling=\"no\" sandbox=\"allow-scripts\" data-secret=\"U6NW8g3YU2\" data-mce-fragment=\"1\"><\/iframe><\/p>\n<p><iframe loading=\"lazy\" class=\"wp-embedded-content\" title=\"\u201eEURO EC 1: 6 Off Road in Frankreich \u2013 Entscheidung\u201c \u2014 mikanews.de\" src=\"https:\/\/mikanews.de\/2016\/07\/30\/euro-ec-1-6-off-road-in-frankreich-entscheidung\/embed\/#?secret=c59r87EuuH\" width=\"474\" height=\"589\" frameborder=\"0\" marginwidth=\"0\" marginheight=\"0\" scrolling=\"no\" sandbox=\"allow-scripts\" data-secret=\"c59r87EuuH\" data-mce-fragment=\"1\"><\/iframe><\/p>\n<p><iframe loading=\"lazy\" class=\"wp-embedded-content\" title=\"\u201eCHASSISFOKUS Losi 5ive-T \u2013 Uwe Neumann\u201c \u2014 mikanews.de\" src=\"https:\/\/mikanews.de\/2017\/06\/28\/chassisfokus-losi-5ive-t-uwe-neumann\/embed\/#?secret=AnVJqzIzQL\" width=\"474\" height=\"564\" frameborder=\"0\" marginwidth=\"0\" marginheight=\"0\" scrolling=\"no\" sandbox=\"allow-scripts\" data-secret=\"AnVJqzIzQL\" data-mce-fragment=\"1\"><\/iframe><\/p>\n<p><iframe loading=\"lazy\" class=\"wp-embedded-content\" title=\"\u201eDeutsche Meisterschaft OR6 beim RC-Club-Gro\u00dfheubach e.V. \u2013 Offroad\u201c \u2014 mikanews.de\" src=\"https:\/\/mikanews.de\/2016\/09\/08\/deutsche-meisterschaft-or6-beim-rc-club-grossheubach-e-v-offroad\/embed\/#?secret=zdfYb0FHSP\" width=\"474\" height=\"564\" frameborder=\"0\" marginwidth=\"0\" marginheight=\"0\" scrolling=\"no\" sandbox=\"allow-scripts\" data-secret=\"zdfYb0FHSP\" data-mce-fragment=\"1\"><\/iframe><\/p>\n<p><iframe loading=\"lazy\" class=\"wp-embedded-content\" title=\"\u201e9.Midlandrace beim 1.RCBC ERFURT\u201c \u2014 mikanews.de\" src=\"https:\/\/mikanews.de\/2016\/03\/20\/9-midlandrace-beim-1-rcbc-erfurt\/embed\/#?secret=nHauGD5a5j\" width=\"474\" height=\"535\" frameborder=\"0\" marginwidth=\"0\" marginheight=\"0\" scrolling=\"no\" sandbox=\"allow-scripts\" data-secret=\"nHauGD5a5j\" data-mce-fragment=\"1\"><\/iframe><\/p>\n<p><iframe loading=\"lazy\" class=\"wp-embedded-content\" title=\"\u201eCHASSISFOKUS LOSI 5ive-T \u2013 BASTIAN B\u00dcHRIG\u201c \u2014 mikanews.de\" src=\"https:\/\/mikanews.de\/2016\/07\/01\/chassisfokus-losi-5ive-t-bastian-buehrig\/embed\/#?secret=yHLAeZpWIy\" width=\"474\" height=\"564\" frameborder=\"0\" marginwidth=\"0\" marginheight=\"0\" scrolling=\"no\" sandbox=\"allow-scripts\" data-secret=\"yHLAeZpWIy\" data-mce-fragment=\"1\"><\/iframe><\/p>\n<p><iframe loading=\"lazy\" class=\"wp-embedded-content\" title=\"\u201eCHASSISFOKUS LOSI 5IVE-T \u2013 STEFFEN LABINSKI\u201c \u2014 mikanews.de\" src=\"https:\/\/mikanews.de\/2016\/07\/17\/chassisfokus-losi-5ive-t-steffen-labinski\/embed\/#?secret=Z6yXKr3z7D\" width=\"474\" height=\"585\" frameborder=\"0\" marginwidth=\"0\" marginheight=\"0\" scrolling=\"no\" sandbox=\"allow-scripts\" data-secret=\"Z6yXKr3z7D\" data-mce-fragment=\"1\"><\/iframe><\/p>\n<p><iframe loading=\"lazy\" class=\"wp-embedded-content\" title=\"\u201eCHASSISFOKUS MCD RR5 Ultimate Factory Team \u2013 SVEN RODEWALD\u201c \u2014 mikanews.de\" src=\"https:\/\/mikanews.de\/2016\/09\/13\/chassisfokus-mcd-rr5-ultimate-factory-team-sven-rodewald\/embed\/#?secret=Lbz6fw7jFT\" width=\"474\" height=\"585\" frameborder=\"0\" marginwidth=\"0\" marginheight=\"0\" scrolling=\"no\" sandbox=\"allow-scripts\" data-secret=\"Lbz6fw7jFT\" data-mce-fragment=\"1\"><\/iframe><\/p>\n<p>#mikanews<\/p>\n","protected":false},"excerpt":{"rendered":"<p>Wechselbare Witterung war die Tagesordnung im Qualifying f\u00fcr die dritten Europameisterschaften, die hier im Nene Valley Raceway in Gro\u00dfbritannien gestartet wurden.<\/p>\n","protected":false},"author":1,"featured_media":122897,"comment_status":"closed","ping_status":"closed","sticky":false,"template":"","format":"standard","meta":{"ngg_post_thumbnail":0,"_jetpack_memberships_contains_paid_content":false,"footnotes":"","jetpack_publicize_message":"","jetpack_publicize_feature_enabled":true,"jetpack_social_post_already_shared":true,"jetpack_social_options":{"image_generator_settings":{"template":"highway","default_image_id":0,"font":"","enabled":false},"version":2}},"categories":[3],"tags":[42,44,1792,2739,3302,3510,5679],"class_list":["post-122895","post","type-post","status-publish","format-standard","has-post-thumbnail","hentry","category-rennberichte","tag-efra","tag-or6","tag-rc","tag-large-scale","tag-mikanews","tag-mika-news","tag-2017-large-scale-off-road-european-championship"],"jetpack_publicize_connections":[],"jetpack_featured_media_url":"https:\/\/mikanews.de\/wp-content\/uploads\/2017\/07\/EFRA_Europameisterschaft_Large_Scale_Offroad__2.jpg","jetpack_sharing_enabled":true,"jetpack_shortlink":"https:\/\/wp.me\/p6wBBU-vYb","_links":{"self":[{"href":"https:\/\/mikanews.de\/index.php?rest_route=\/wp\/v2\/posts\/122895","targetHints":{"allow":["GET"]}}],"collection":[{"href":"https:\/\/mikanews.de\/index.php?rest_route=\/wp\/v2\/posts"}],"about":[{"href":"https:\/\/mikanews.de\/index.php?rest_route=\/wp\/v2\/types\/post"}],"author":[{"embeddable":true,"href":"https:\/\/mikanews.de\/index.php?rest_route=\/wp\/v2\/users\/1"}],"replies":[{"embeddable":true,"href":"https:\/\/mikanews.de\/index.php?rest_route=%2Fwp%2Fv2%2Fcomments&post=122895"}],"version-history":[{"count":5,"href":"https:\/\/mikanews.de\/index.php?rest_route=\/wp\/v2\/posts\/122895\/revisions"}],"predecessor-version":[{"id":122937,"href":"https:\/\/mikanews.de\/index.php?rest_route=\/wp\/v2\/posts\/122895\/revisions\/122937"}],"wp:featuredmedia":[{"embeddable":true,"href":"https:\/\/mikanews.de\/index.php?rest_route=\/wp\/v2\/media\/122897"}],"wp:attachment":[{"href":"https:\/\/mikanews.de\/index.php?rest_route=%2Fwp%2Fv2%2Fmedia&parent=122895"}],"wp:term":[{"taxonomy":"category","embeddable":true,"href":"https:\/\/mikanews.de\/index.php?rest_route=%2Fwp%2Fv2%2Fcategories&post=122895"},{"taxonomy":"post_tag","embeddable":true,"href":"https:\/\/mikanews.de\/index.php?rest_route=%2Fwp%2Fv2%2Ftags&post=122895"}],"curies":[{"name":"wp","href":"https:\/\/api.w.org\/{rel}","templated":true}]}}