{"id":127998,"date":"2017-08-28T21:16:06","date_gmt":"2017-08-28T19:16:06","guid":{"rendered":"http:\/\/mikanews.de\/?p=127998"},"modified":"2017-09-02T06:48:35","modified_gmt":"2017-09-02T04:48:35","slug":"internationale-deutsche-meisterschaft-pro10-beim-amc-hildesheim-e-v","status":"publish","type":"post","link":"https:\/\/mikanews.de\/?p=127998","title":{"rendered":"Internationale Deutsche Meisterschaft Pro10 beim AMC-Hildesheim e.V."},"content":{"rendered":"<p>Am 02.\/03.September 2017 findet auf der permanenten Rennstrecke beim <a href=\"http:\/\/www.amc-hildesheim.de\/\" target=\"_blank\" rel=\"noopener noreferrer\">AMC-Hildesheim e.V.<\/a> die internationale Deutsche Meisterschaft Pro 10 statt. Auf der knapp 270 m langen und 4 m <!--more-->breite Strecke werden neben den Pro 10 Fahrzeugen noch die EG8e Fahrzeuge als Gastklasse an den Start gehen. Mit den \u00fcberh\u00f6hten Kurven versehen, geh\u00f6rt die Strecke beim AMC zu den sch\u00f6nsten Modellrennstrecken Deutschlands. Lasst euch das Event nicht entgehen. Das Nenntool ist mittlerweile geschlossen.<\/p>\n<p>Das Rennen k\u00f6nnt ihr bei MYRCM mitverfolgen: <a href=\"http:\/\/www.myrcm.ch\/myrcm\/main?pLa=de&amp;hId[1]=com&amp;dId[E]=32730\" target=\"_blank\" rel=\"noopener noreferrer\">&#8211;Hier zu dem Event&#8211;<\/a><\/p>\n<p>An dieser Stelle ein paar Infos vom EG Referent Thomas Kohmann:<\/p>\n<ul>\n<li><strong>EGPRO10 SP ist seit diesem Jahr keine \u201eGastlasse\u201c mehr!!! <\/strong><strong><u><br \/>\n<\/u><\/strong>Am letzten Sportbundtag wurde die Klasse <strong>EGPRO10 Sport<\/strong> wieder als Pr\u00e4dikat f\u00fcr die IDM aufgenommen.<\/li>\n<\/ul>\n<p><a href=\"https:\/\/mikanews.de\/wp-content\/uploads\/2017\/08\/EGPRO10.png\" rel=\"lightbox[127998]\"><img loading=\"lazy\" decoding=\"async\" class=\"aligncenter size-medium wp-image-129162\" src=\"https:\/\/mikanews.de\/wp-content\/uploads\/2017\/08\/EGPRO10-300x77.png\" alt=\"\" width=\"300\" height=\"77\" srcset=\"https:\/\/mikanews.de\/wp-content\/uploads\/2017\/08\/EGPRO10-300x77.png 300w, https:\/\/mikanews.de\/wp-content\/uploads\/2017\/08\/EGPRO10.png 597w\" sizes=\"auto, (max-width: 300px) 100vw, 300px\" \/><\/a><\/p>\n<ul>\n<li>Hier wird der Internationale Dt. Meister EGPRO10SP ermittelt.<\/li>\n<li>Zur Teilnahme an der IDM war keine Qualifikation notwendig und es darf jeder starten.<\/li>\n<li>Deshalb ist auch der Start von Fahrern aus NL, BE oder CZ m\u00f6glich.<\/li>\n<\/ul>\n<h6>Rangliste 2016 \u2013 <a href=\"https:\/\/mikanews.de\/2016\/09\/01\/internationale-deutsche-meisterschaft-egpro10-roetz\/\" target=\"_blank\" rel=\"noopener noreferrer\">MSC R\u00f6tz &#8211; Ergebnis 2016 (Bericht)<\/a><\/h6>\n<p><a href=\"http:\/\/www.dmc-online.com\/NeueSeite\/pages\/ranglistenResult.php?sk=0&amp;klasse=EGPRO10&amp;jahr=2016\">http:\/\/www.dmc-online.com\/NeueSeite\/pages\/ranglistenResult.php?sk=0&amp;klasse=EGPRO10&amp;jahr=2016<\/a><\/p>\n<figure id=\"attachment_127999\" aria-describedby=\"caption-attachment-127999\" style=\"width: 300px\" class=\"wp-caption aligncenter\"><a href=\"https:\/\/mikanews.de\/wp-content\/uploads\/2017\/08\/Strecke_AMC_Hildesheim_1.jpg\" rel=\"lightbox[127998]\"><img loading=\"lazy\" decoding=\"async\" class=\"wp-image-127999 size-medium\" src=\"https:\/\/mikanews.de\/wp-content\/uploads\/2017\/08\/Strecke_AMC_Hildesheim_1-300x200.jpg\" alt=\"\" width=\"300\" height=\"200\" srcset=\"https:\/\/mikanews.de\/wp-content\/uploads\/2017\/08\/Strecke_AMC_Hildesheim_1-300x200.jpg 300w, https:\/\/mikanews.de\/wp-content\/uploads\/2017\/08\/Strecke_AMC_Hildesheim_1-850x565.jpg 850w, https:\/\/mikanews.de\/wp-content\/uploads\/2017\/08\/Strecke_AMC_Hildesheim_1.jpg 1200w\" sizes=\"auto, (max-width: 300px) 100vw, 300px\" \/><\/a><figcaption id=\"caption-attachment-127999\" class=\"wp-caption-text\">Quelle: AMC-Hildesheim e.V.<\/figcaption><\/figure>\n<figure id=\"attachment_128000\" aria-describedby=\"caption-attachment-128000\" style=\"width: 300px\" class=\"wp-caption aligncenter\"><a href=\"https:\/\/mikanews.de\/wp-content\/uploads\/2017\/08\/Strecke_AMC_Hildesheim.jpg\" rel=\"lightbox[127998]\"><img loading=\"lazy\" decoding=\"async\" class=\"wp-image-128000 size-medium\" src=\"https:\/\/mikanews.de\/wp-content\/uploads\/2017\/08\/Strecke_AMC_Hildesheim-300x200.jpg\" alt=\"\" width=\"300\" height=\"200\" srcset=\"https:\/\/mikanews.de\/wp-content\/uploads\/2017\/08\/Strecke_AMC_Hildesheim-300x200.jpg 300w, https:\/\/mikanews.de\/wp-content\/uploads\/2017\/08\/Strecke_AMC_Hildesheim-850x565.jpg 850w, https:\/\/mikanews.de\/wp-content\/uploads\/2017\/08\/Strecke_AMC_Hildesheim.jpg 1200w\" sizes=\"auto, (max-width: 300px) 100vw, 300px\" \/><\/a><figcaption id=\"caption-attachment-128000\" class=\"wp-caption-text\">Quelle: AMC-Hildesheim e.V.<\/figcaption><\/figure>\n<h6>Die Klassen<\/h6>\n<p>1. EGPRO10 , 2. EGPRO10SPORT,\u00a0 Gastklasse EG8e<\/p>\n<p>Zu den Ergebnissen des Rennens einfach bei <a href=\"http:\/\/www.myrcm.ch\/myrcm\/main?pLa=de&amp;hId[1]=com&amp;dId[E]=32730\" target=\"_blank\" rel=\"noopener noreferrer\">MYRCM <\/a>klicken.<\/p>\n<h6>Der Link zur Nennung:<\/h6>\n<p><a href=\"https:\/\/www.myrcm.ch\/myrcm\/main?hId[1]=bkg&amp;dId[E]=32730&amp;pLa=de\" target=\"_blank\" rel=\"noopener noreferrer\" data-ft=\"{&quot;tn&quot;:&quot;-U&quot;}\" data-lynx-mode=\"async\" data-lynx-uri=\"https:\/\/l.facebook.com\/l.php?u=https%3A%2F%2Fwww.myrcm.ch%2Fmyrcm%2Fmain%3FhId%5B1%5D%3Dbkg%26dId%5BE%5D%3D32730%26pLa%3Dde&amp;h=ATMQP138lZURpJiDA7tv1Z469vwPCcOHlOGynLU-gBrHJb4-l8rc6w_hAvYXdGvYNJBtyxs4OWeMOWmMqKki1hYDvHIhN-ZdywAU0L2wEle9muVojq5ul_1Q0vuJwggpHOa0ykgZNRt7cLGmiz5Q5DRj07DxJcaSQa3EX-x4enJ1GDjHCTjRAuHLca1kqtP2t7mWUJ8aRN3Ygtqcp36cv5NVc43tzPkXOepCfIeAII5nWHzuHjkjL3Vo6bo18N1IHFPkS11owhZRHfQTEJdgj8FVM1MTM7mGt4qKD9RMp46OixqS\">https:\/\/www.myrcm.ch\/myrcm\/main\u2026<\/a><\/p>\n<h6>Nennliste:<\/h6>\n<p><a href=\"http:\/\/www.myrcm.ch\/myrcm\/main?hId[1]=bkg&amp;dId[E]=32730&amp;dLt=reg&amp;pLa=de&amp;lType=rList\" target=\"_blank\" rel=\"noopener noreferrer\" data-ft=\"{&quot;tn&quot;:&quot;-U&quot;}\" data-lynx-mode=\"async\" data-lynx-uri=\"https:\/\/l.facebook.com\/l.php?u=http%3A%2F%2Fwww.myrcm.ch%2Fmyrcm%2Fmain%3FhId%5B1%5D%3Dbkg%26dId%5BE%5D%3D32730%26dLt%3Dreg%26pLa%3Dde%26lType%3DrList&amp;h=ATNt55RQ8UDK6UJDRs6cp0tpK-yePgB9uAdTwr4VE473CQDo-7Nv68Pcso3e4LpKO9TLHq3du5naS018be4w843niJgpmTK5q80-bP5YC4jTYmjHguTCm_ywFKmz8GYHMTLHrnuXYCdIRT6OHJUNu2CDEnIvoK7tdmRPcYyHAsx7JoXB2wQ9rYfE9UmxoAd14IFLbRYQ5x21T6vzrmco9-wDuAleUEOVQ80o6zJodIYh4elcWLvEZjm1RBTvUSNUwyDUhrBrP5hN6fT6hQomsmVcu6lur89Qmz9qJWqnDWgpd0jx\">http:\/\/www.myrcm.ch\/myrcm\/main\u2026<\/a><\/p>\n<p><strong>Ausschreibung:<\/strong> <a href=\"http:\/\/81.20.139.54\/AMC_Hildesheim_SE\/download.php?fileID=68\" target=\"_blank\" rel=\"noopener noreferrer\">&#8211;Hier klicken&#8211;<\/a><\/p>\n<h6>Geplanter Zeitplan:<\/h6>\n<h6>Samstag<\/h6>\n<ul>\n<li>9:00 \u2013 14:30 Uhr gezeitetes Training<\/li>\n<li>12:00 &#8211; 13:00 Uhr Mittag<\/li>\n<li>14:30 \u2013 14:45 Uhr Fahrerbesprechung<\/li>\n<li>15:00 &#8211; 19:00 Uhr Vorl\u00e4ufe 1-3<\/li>\n<\/ul>\n<h6>Sonntag<\/h6>\n<ul>\n<li>8:00 &#8211; 8:30 Uhr Fahrerbesprechung<\/li>\n<li>ab ca. 8:30 Uhr Vorl\u00e4ufe 4-6<\/li>\n<li>12:00 &#8211; 13:00 Uhr Mittagspause<\/li>\n<li>ab ca. 13:00 Uhr Finall\u00e4ufe<\/li>\n<li>ca. 17:00 Uhr Siegerehrung<\/li>\n<\/ul>\n<p><strong>Quelle \/ Bilder:<\/strong> <a href=\"http:\/\/www.amc-hildesheim.de\/\" target=\"_blank\" rel=\"noopener noreferrer\">AMC-Hildesheim e.V. (Danke Merlin)<\/a><\/p>\n\n<h5>Weitere Links<\/h5>\n<p>https:\/\/mikanews.de\/2017\/08\/14\/5-lauf-der-rc-lemans-2017-beim-mrc-dueren\/<\/p>\n<h5>Weitere Links<\/h5>\n<p><iframe loading=\"lazy\" class=\"wp-embedded-content\" title=\"\u201eR\u00fcckblick deutsche Meisterschaft R\u00f6tz - Pro 10 2017\u201c \u2014 mikanews.de\" src=\"https:\/\/mikanews.de\/2016\/09\/01\/internationale-deutsche-meisterschaft-egpro10-roetz\/embed\/#?secret=KZLOnvSNRL\" width=\"474\" height=\"585\" frameborder=\"0\" marginwidth=\"0\" marginheight=\"0\" scrolling=\"no\" sandbox=\"allow-scripts\" data-secret=\"KZLOnvSNRL\" data-mce-fragment=\"1\"><\/iframe><\/p>\n<p><iframe loading=\"lazy\" class=\"wp-embedded-content\" title=\"\u201eCHASSISFOKUS VIP Vorlon \u2013 Christian W\u00fcnsch\u201c \u2014 mikanews.de\" src=\"https:\/\/mikanews.de\/2017\/05\/04\/chassisfokus-vip-vorlon-christian-wuensch\/embed\/#?secret=DIJSfkBUZj\" width=\"474\" height=\"585\" frameborder=\"0\" marginwidth=\"0\" marginheight=\"0\" scrolling=\"no\" sandbox=\"allow-scripts\" data-secret=\"DIJSfkBUZj\" data-mce-fragment=\"1\"><\/iframe><\/p>\n<p><iframe loading=\"lazy\" class=\"wp-embedded-content\" title=\"\u201eChassisfokus RC Devil PC10H3X \u2013 Nico Gro\u00dfheim\u201c \u2014 mikanews.de\" src=\"https:\/\/mikanews.de\/2017\/06\/27\/chassisfokus-rc-devil-pc10h3x-nico-grossheim\/embed\/#?secret=sn0IOo5M6p\" width=\"474\" height=\"564\" frameborder=\"0\" marginwidth=\"0\" marginheight=\"0\" scrolling=\"no\" sandbox=\"allow-scripts\" data-secret=\"sn0IOo5M6p\" data-mce-fragment=\"1\"><\/iframe><\/p>\n<p><iframe loading=\"lazy\" class=\"wp-embedded-content\" title=\"\u201eWRC PRO1 PRO2 und PRO3\u201c \u2014 mikanews.de\" src=\"https:\/\/mikanews.de\/2017\/03\/13\/wrc-pro1-pro2-and-pro3\/embed\/#?secret=upkm0CmiTK\" width=\"474\" height=\"535\" frameborder=\"0\" marginwidth=\"0\" marginheight=\"0\" scrolling=\"no\" sandbox=\"allow-scripts\" data-secret=\"upkm0CmiTK\" data-mce-fragment=\"1\"><\/iframe><\/p>\n<p><iframe loading=\"lazy\" class=\"wp-embedded-content\" title=\"\u201eInternationale Deutsche Meisterschaft 2017 \u2014 mikanews.de\" src=\"https:\/\/mikanews.de\/2016\/09\/14\/internationale-deutsche-meisterschaft-egpro10-beim-msc-roetz-e-v-rueckblick\/embed\/#?secret=KZLOnvSNRL\" width=\"474\" height=\"613\" frameborder=\"0\" marginwidth=\"0\" marginheight=\"0\" scrolling=\"no\" sandbox=\"allow-scripts\" data-secret=\"KZLOnvSNRL\" data-mce-fragment=\"1\"><\/iframe><\/p>\n<p><iframe loading=\"lazy\" class=\"wp-embedded-content\" title=\"\u201e2. Lauf der RC Lemans in Apeldoorn \/ NL\u201c \u2014 mikanews.de\" src=\"https:\/\/mikanews.de\/2017\/05\/31\/2-lauf-der-rc-lemans-in-apeldoorn-nl\/embed\/#?secret=CIwKNmIba6\" width=\"474\" height=\"535\" frameborder=\"0\" marginwidth=\"0\" marginheight=\"0\" scrolling=\"no\" sandbox=\"allow-scripts\" data-secret=\"CIwKNmIba6\" data-mce-fragment=\"1\"><\/iframe><\/p>\n<p><iframe loading=\"lazy\" class=\"wp-embedded-content\" title=\"\u201e4. Lauf der RC Lemans beim Model Race Genk Club\u201c \u2014 mikanews.de\" src=\"https:\/\/mikanews.de\/2017\/07\/19\/4-lauf-der-rc-lemans-beim-model-race-genk-club\/embed\/#?secret=3ERUYBxW4u\" width=\"474\" height=\"564\" frameborder=\"0\" marginwidth=\"0\" marginheight=\"0\" scrolling=\"no\" sandbox=\"allow-scripts\" data-secret=\"3ERUYBxW4u\" data-mce-fragment=\"1\"><\/iframe><\/p>\n<p><iframe loading=\"lazy\" class=\"wp-embedded-content\" title=\"\u201eLMP-Challenge \u2013 die Le Mans Prototype Challenge kommt!\u201c \u2014 mikanews.de\" src=\"https:\/\/mikanews.de\/2017\/03\/18\/lmp-challenge-die-le-mans-prototype-challenge-kommt\/embed\/#?secret=Y4z5SXqU1k\" width=\"474\" height=\"564\" frameborder=\"0\" marginwidth=\"0\" marginheight=\"0\" scrolling=\"no\" sandbox=\"allow-scripts\" data-secret=\"Y4z5SXqU1k\" data-mce-fragment=\"1\"><\/iframe><\/p>\n<div class=\"text_exposed_show\">\n<p>#mikanews<\/p>\n<\/div>\n<p>&nbsp;<\/p>\n","protected":false},"excerpt":{"rendered":"<p>Am 02.\/03.September 2017 findet auf der permanenten Rennstrecke beim AMC-Hildesheim e.V. die internationale Deutsche Meisterschaft Pro 10 statt. Auf der knapp 270 m langen und 4 m<\/p>\n","protected":false},"author":1,"featured_media":128000,"comment_status":"closed","ping_status":"closed","sticky":false,"template":"","format":"standard","meta":{"ngg_post_thumbnail":0,"_jetpack_memberships_contains_paid_content":false,"footnotes":"","jetpack_publicize_message":"","jetpack_publicize_feature_enabled":true,"jetpack_social_post_already_shared":true,"jetpack_social_options":{"image_generator_settings":{"template":"highway","default_image_id":0,"font":"","enabled":false},"version":2}},"categories":[145],"tags":[797,1333,1334,1792,2038,3255,3302,3510,4357,5376,5641],"class_list":["post-127998","post","type-post","status-publish","format-standard","has-post-thumbnail","hentry","category-events","tag-rcweb","tag-pro10","tag-pro10s","tag-rc","tag-lemans","tag-egpro10","tag-mikanews","tag-mika-news","tag-pro10-modified","tag-pro10-stock","tag-rc-lemans"],"jetpack_publicize_connections":[],"jetpack_featured_media_url":"https:\/\/mikanews.de\/wp-content\/uploads\/2017\/08\/Strecke_AMC_Hildesheim.jpg","jetpack_sharing_enabled":true,"jetpack_shortlink":"https:\/\/wp.me\/p6wBBU-xiu","_links":{"self":[{"href":"https:\/\/mikanews.de\/index.php?rest_route=\/wp\/v2\/posts\/127998","targetHints":{"allow":["GET"]}}],"collection":[{"href":"https:\/\/mikanews.de\/index.php?rest_route=\/wp\/v2\/posts"}],"about":[{"href":"https:\/\/mikanews.de\/index.php?rest_route=\/wp\/v2\/types\/post"}],"author":[{"embeddable":true,"href":"https:\/\/mikanews.de\/index.php?rest_route=\/wp\/v2\/users\/1"}],"replies":[{"embeddable":true,"href":"https:\/\/mikanews.de\/index.php?rest_route=%2Fwp%2Fv2%2Fcomments&post=127998"}],"version-history":[{"count":5,"href":"https:\/\/mikanews.de\/index.php?rest_route=\/wp\/v2\/posts\/127998\/revisions"}],"predecessor-version":[{"id":129273,"href":"https:\/\/mikanews.de\/index.php?rest_route=\/wp\/v2\/posts\/127998\/revisions\/129273"}],"wp:featuredmedia":[{"embeddable":true,"href":"https:\/\/mikanews.de\/index.php?rest_route=\/wp\/v2\/media\/128000"}],"wp:attachment":[{"href":"https:\/\/mikanews.de\/index.php?rest_route=%2Fwp%2Fv2%2Fmedia&parent=127998"}],"wp:term":[{"taxonomy":"category","embeddable":true,"href":"https:\/\/mikanews.de\/index.php?rest_route=%2Fwp%2Fv2%2Fcategories&post=127998"},{"taxonomy":"post_tag","embeddable":true,"href":"https:\/\/mikanews.de\/index.php?rest_route=%2Fwp%2Fv2%2Ftags&post=127998"}],"curies":[{"name":"wp","href":"https:\/\/api.w.org\/{rel}","templated":true}]}}