{"id":129295,"date":"2017-09-03T20:15:42","date_gmt":"2017-09-03T18:15:42","guid":{"rendered":"http:\/\/mikanews.de\/?p=129295"},"modified":"2017-09-03T01:28:24","modified_gmt":"2017-09-02T23:28:24","slug":"tamiya-euro-cup-startete-in-die-neue-saison-201718","status":"publish","type":"post","link":"https:\/\/mikanews.de\/?p=129295","title":{"rendered":"Tamiya-Euro-Cup startete in die neue Saison 2017\/18"},"content":{"rendered":"<p>Mit der DM-Revanche 2017 beim MSC-H\u00f6ckendorf e. V. am 3.September 2017 wurde die neue Tamiya-Euro-Cup Saison 2017\/18 offiziell gestartet. Dieses Rennen <!--more-->startete zum sechsten Mal nach dem Deutschlandfinale in Sonneberg. Kurz vor dem Rennen stellte Tamiya ihr neues Reglement und erste Termine (f\u00fcr Deutschland und \u00d6sterreich) vor. Diese k\u00f6nnt ihr hier downloaden.<\/p>\n<p><a href=\"https:\/\/mikanews.de\/wp-content\/uploads\/2016\/11\/logo_Eurocup.jpg\" rel=\"lightbox[129295]\"><img loading=\"lazy\" decoding=\"async\" class=\"aligncenter size-medium wp-image-82575\" src=\"https:\/\/mikanews.de\/wp-content\/uploads\/2016\/11\/logo_Eurocup-300x114.jpg\" alt=\"\" width=\"300\" height=\"114\" srcset=\"https:\/\/mikanews.de\/wp-content\/uploads\/2016\/11\/logo_Eurocup-300x114.jpg 300w, https:\/\/mikanews.de\/wp-content\/uploads\/2016\/11\/logo_Eurocup.jpg 742w\" sizes=\"auto, (max-width: 300px) 100vw, 300px\" \/><\/a><\/p>\n<p><strong>Tamiya-Euro-Cup Reglement f\u00fcr die Saison 2017\/18 (Stand: 01.09.2017) :<\/strong><\/p>\n<ul>\n<li><a href=\"http:\/\/www.tamiya.de\/CommonFiles\/Dickie-Tamiya\/SDM_Data\/Tamiya\/05_Events_und_Cups\/01_TAMIYA_EURO-CUP\/01_Termine__Reglement\/Termine__Reglement_EC-Saison_201718\/EC_Reglement_17-18_TP-1.pdf\" target=\"_blank\" rel=\"noopener noreferrer\">Download (PDF \/ 1,08 MB)<\/a><\/li>\n<\/ul>\n<p><b>Die ersten Termine stehen bereits fest. Schaut hier f\u00fcr Deutschland (Stand: 01.09.2017):<\/b><\/p>\n<ul>\n<li><a href=\"http:\/\/www.tamiya.de\/CommonFiles\/Dickie-Tamiya\/SDM_Data\/Tamiya\/05_Events_und_Cups\/01_TAMIYA_EURO-CUP\/01_Termine__Reglement\/Termine__Reglement_EC-Saison_201718\/230817_TP1_2017-18.pdf\" target=\"_blank\" rel=\"noopener noreferrer\">Download (PDF \/ 115 KB)<\/a><\/li>\n<\/ul>\n<p><strong>F\u00fcr \u00d6sterreich (Stand: 28.08.2017) :<\/strong><\/p>\n<ul>\n<li><a href=\"http:\/\/www.tamiya.de\/CommonFiles\/Dickie-Tamiya\/SDM_Data\/Tamiya\/05_Events_und_Cups\/01_TAMIYA_EURO-CUP\/01_Termine__Reglement\/Termine_A_201718\/Termine_A_Saison_17-18.pdf\" target=\"_blank\" rel=\"noopener noreferrer\">Download (PDF \/ 85 KB)<\/a><\/li>\n<\/ul>\n<p><strong>Quelle:<\/strong>\u00a0<a href=\"http:\/\/www.msc-hoeckendorf.de\/\" target=\"_blank\" rel=\"noopener noreferrer\">MSC-H\u00f6ckendorf<\/a><\/p>\n\n<h5>Weitere Links<\/h5>\n<p><iframe loading=\"lazy\" class=\"wp-embedded-content\" title=\"\u201eTAMIYA EURO-CUP Deutschland-Finale 2017 \u2013 Titelvergabe\u201c \u2014 mikanews.de\" src=\"https:\/\/mikanews.de\/2017\/08\/16\/tamiya-euro-cup-deutschland-finale-2017-titelvergabe\/embed\/#?secret=dWlkfZFKni\" width=\"474\" height=\"583\" frameborder=\"0\" marginwidth=\"0\" marginheight=\"0\" scrolling=\"no\" sandbox=\"allow-scripts\" data-secret=\"dWlkfZFKni\" data-mce-fragment=\"1\"><\/iframe><\/p>\n<p><iframe loading=\"lazy\" class=\"wp-embedded-content\" title=\"\u201eFr\u00fchjahrs-Cup zum \u201eGro\u00dfen Preis von H\u00f6ckendorf\u201c\u201c \u2014 mikanews.de\" src=\"https:\/\/mikanews.de\/2017\/06\/21\/fruehjahrs-cup-zum-grossen-preis-von-hoeckendorf-2\/embed\/#?secret=krjXEUJ0ju\" width=\"474\" height=\"555\" frameborder=\"0\" marginwidth=\"0\" marginheight=\"0\" scrolling=\"no\" sandbox=\"allow-scripts\" data-secret=\"krjXEUJ0ju\" data-mce-fragment=\"1\"><\/iframe><\/p>\n<p><iframe loading=\"lazy\" class=\"wp-embedded-content\" title=\"\u201eChassisfokus Tamiya TT-02R \u2013 Alexander Heym\u201c \u2014 mikanews.de\" src=\"https:\/\/mikanews.de\/2017\/05\/02\/chassisfokus-tamiya-tt-02r-alexander-heym\/embed\/#?secret=M16SU6ryTs\" width=\"474\" height=\"555\" frameborder=\"0\" marginwidth=\"0\" marginheight=\"0\" scrolling=\"no\" sandbox=\"allow-scripts\" data-secret=\"M16SU6ryTs\" data-mce-fragment=\"1\"><\/iframe><\/p>\n<p>https:\/\/mikanews.de\/2017\/05\/04\/chassisfokus-tamiya-ta-05-version-2-joerg-toennies\/<\/p>\n<p>https:\/\/mikanews.de\/2017\/08\/29\/tamiya-konghead-6&#215;6-aufbaubericht-teil-1\/<\/p>\n<p>https:\/\/mikanews.de\/2017\/05\/08\/chassisfokus-tamiya-tt-02s-andreas-alsdorf\/<\/p>\n<p>https:\/\/mikanews.de\/2017\/05\/07\/chassisfokus-tamiya-ta07-pro-jan-woidasky\/<\/p>\n<p>#mikanews<\/p>\n","protected":false},"excerpt":{"rendered":"<p>Mit der DM-Revanche 2017 beim MSC-H\u00f6ckendorf e. V. am 3.September 2017 wurde die neue Tamiya-Euro-Cup Saison 2017\/18 offiziell gestartet. Dieses Rennen<\/p>\n","protected":false},"author":1,"featured_media":82575,"comment_status":"closed","ping_status":"closed","sticky":false,"template":"","format":"standard","meta":{"ngg_post_thumbnail":0,"_jetpack_memberships_contains_paid_content":false,"footnotes":"","jetpack_publicize_message":"","jetpack_publicize_feature_enabled":true,"jetpack_social_post_already_shared":true,"jetpack_social_options":{"image_generator_settings":{"template":"highway","default_image_id":0,"font":"","enabled":false},"version":2}},"categories":[145],"tags":[321,797,1187,1206,1792,3302,3510,3747,5041,5334,5752],"class_list":["post-129295","post","type-post","status-publish","format-standard","has-post-thumbnail","hentry","category-events","tag-tamiya","tag-rcweb","tag-tamiya-eurocup","tag-tamiya-euro-cup","tag-rc","tag-mikanews","tag-mika-news","tag-rcnews","tag-tamiya-fighter-cup","tag-tamiya-raceway","tag-rc-car-news"],"jetpack_publicize_connections":[],"jetpack_featured_media_url":"https:\/\/mikanews.de\/wp-content\/uploads\/2016\/11\/logo_Eurocup.jpg","jetpack_sharing_enabled":true,"jetpack_shortlink":"https:\/\/wp.me\/p6wBBU-xDp","_links":{"self":[{"href":"https:\/\/mikanews.de\/index.php?rest_route=\/wp\/v2\/posts\/129295","targetHints":{"allow":["GET"]}}],"collection":[{"href":"https:\/\/mikanews.de\/index.php?rest_route=\/wp\/v2\/posts"}],"about":[{"href":"https:\/\/mikanews.de\/index.php?rest_route=\/wp\/v2\/types\/post"}],"author":[{"embeddable":true,"href":"https:\/\/mikanews.de\/index.php?rest_route=\/wp\/v2\/users\/1"}],"replies":[{"embeddable":true,"href":"https:\/\/mikanews.de\/index.php?rest_route=%2Fwp%2Fv2%2Fcomments&post=129295"}],"version-history":[{"count":7,"href":"https:\/\/mikanews.de\/index.php?rest_route=\/wp\/v2\/posts\/129295\/revisions"}],"predecessor-version":[{"id":129302,"href":"https:\/\/mikanews.de\/index.php?rest_route=\/wp\/v2\/posts\/129295\/revisions\/129302"}],"wp:featuredmedia":[{"embeddable":true,"href":"https:\/\/mikanews.de\/index.php?rest_route=\/wp\/v2\/media\/82575"}],"wp:attachment":[{"href":"https:\/\/mikanews.de\/index.php?rest_route=%2Fwp%2Fv2%2Fmedia&parent=129295"}],"wp:term":[{"taxonomy":"category","embeddable":true,"href":"https:\/\/mikanews.de\/index.php?rest_route=%2Fwp%2Fv2%2Fcategories&post=129295"},{"taxonomy":"post_tag","embeddable":true,"href":"https:\/\/mikanews.de\/index.php?rest_route=%2Fwp%2Fv2%2Ftags&post=129295"}],"curies":[{"name":"wp","href":"https:\/\/api.w.org\/{rel}","templated":true}]}}