{"id":132006,"date":"2017-09-18T13:57:10","date_gmt":"2017-09-18T11:57:10","guid":{"rendered":"http:\/\/mikanews.de\/?p=132006"},"modified":"2017-09-18T13:57:10","modified_gmt":"2017-09-18T11:57:10","slug":"saisonfinale-der-offroad-serie-ost","status":"publish","type":"post","link":"https:\/\/mikanews.de\/?p=132006","title":{"rendered":"Saisonfinale der OFFROAD SERIE OST"},"content":{"rendered":"<p>Mit dem sechsten Wertungslauf ging die\u00a0<a href=\"http:\/\/www.offroadserieost.de\/\" target=\"_blank\" rel=\"noopener noreferrer\">Offroad Serie Ost<\/a>\u00a0am Samstag, \u00a0den 16.September 2017 in ihr diesj\u00e4hriges Saisonfinale.<!--more--><br \/>\nBei bestem Rennwetter trafen sich die OR6 Fahrer in der RC Modellbau Arena Zschornewitz, \u00a0um die entscheidenden<br \/>\nletzten Punkte in dieser noch jungen von ZENOAH gef\u00f6rderten Rennserie einzufahren.<\/p>\n<figure id=\"attachment_132012\" aria-describedby=\"caption-attachment-132012\" style=\"width: 300px\" class=\"wp-caption aligncenter\"><a href=\"https:\/\/mikanews.de\/wp-content\/uploads\/2017\/09\/2017_09_16_oso_or6_bautzen_5.jpg\" rel=\"lightbox[132006]\"><img loading=\"lazy\" decoding=\"async\" class=\"size-medium wp-image-132012\" src=\"https:\/\/mikanews.de\/wp-content\/uploads\/2017\/09\/2017_09_16_oso_or6_bautzen_5-300x200.jpg\" alt=\"\" width=\"300\" height=\"200\" srcset=\"https:\/\/mikanews.de\/wp-content\/uploads\/2017\/09\/2017_09_16_oso_or6_bautzen_5-300x200.jpg 300w, https:\/\/mikanews.de\/wp-content\/uploads\/2017\/09\/2017_09_16_oso_or6_bautzen_5.jpg 850w\" sizes=\"auto, (max-width: 300px) 100vw, 300px\" \/><\/a><figcaption id=\"caption-attachment-132012\" class=\"wp-caption-text\">Gruppenbild<\/figcaption><\/figure>\n<p>Das st\u00e4ndig steigende Niveau des Fahrerfeldes bot den Zuschauern wieder einmal eine gro\u00dfartige Modellsportaction mit spannenden Positionsk\u00e4mpfen, Drifts und spektakul\u00e4ren Spr\u00fcngen.<a href=\"https:\/\/mikanews.de\/wp-content\/uploads\/2017\/09\/2017_09_16_oso_or6_bautzen_2.jpg\" rel=\"lightbox[132006]\"><img loading=\"lazy\" decoding=\"async\" class=\"aligncenter size-medium wp-image-132010\" src=\"https:\/\/mikanews.de\/wp-content\/uploads\/2017\/09\/2017_09_16_oso_or6_bautzen_2-300x225.jpg\" alt=\"\" width=\"300\" height=\"225\" srcset=\"https:\/\/mikanews.de\/wp-content\/uploads\/2017\/09\/2017_09_16_oso_or6_bautzen_2-300x225.jpg 300w, https:\/\/mikanews.de\/wp-content\/uploads\/2017\/09\/2017_09_16_oso_or6_bautzen_2.jpg 850w\" sizes=\"auto, (max-width: 300px) 100vw, 300px\" \/><\/a><\/p>\n<p>In der Klasse 2WD gewann Michael Heinz die Tageswertung dicht gefolgt von Christian Jagielki auf Platz 2 und Robert Walther auf Platz 3. Michael konnte damit dem mit bereits vier eingefahrenen Siegen als Spitzenreiter gesetzten Stefan Sebald zwar nicht mehr gef\u00e4hrlich werden, sicherte sich so aber souver\u00e4n die Vizeposition gefolgt von Marco Graf der mit konstant guten Leistungen den dritten Platz der Gesamtwertung 2WD erreichen konnte.<a href=\"https:\/\/mikanews.de\/wp-content\/uploads\/2017\/09\/2017_09_16_oso_or6_bautzen_6.jpg\" rel=\"lightbox[132006]\"><img loading=\"lazy\" decoding=\"async\" class=\"aligncenter size-medium wp-image-132011\" src=\"https:\/\/mikanews.de\/wp-content\/uploads\/2017\/09\/2017_09_16_oso_or6_bautzen_6-300x225.jpg\" alt=\"\" width=\"300\" height=\"225\" srcset=\"https:\/\/mikanews.de\/wp-content\/uploads\/2017\/09\/2017_09_16_oso_or6_bautzen_6-300x225.jpg 300w, https:\/\/mikanews.de\/wp-content\/uploads\/2017\/09\/2017_09_16_oso_or6_bautzen_6.jpg 850w\" sizes=\"auto, (max-width: 300px) 100vw, 300px\" \/><\/a><\/p>\n<p>Abgerechnet wird zum Schluss&#8230;dieses Motto hatte sich das Fahrerfeld im 4WD verschrieben und hielt die Gesamtwertung bis zum letzten Lauf noch recht offen. Offensiv aber gewohnt fair pilotierte Uwe Neumann sein Fahrzeug als Schnellster \u00fcber den abwechslungsreichen Kurs und gewann diesen Wertungslauf knapp vor seinem Kontrahenten Robert Berg auf Platz 2 und dem Routinier Bj\u00f6rn Riesebeck auf Platz 3. Das die Gesamtwertung spannend werden w\u00fcrde, war bekannt, aber wie eng und spannend zeigte sich erst jetzt: Uwe Neumann schon sich mit seinem Erfolg im letzten Wertungslauf mit einem Punkt Vorsprung auf Platz 1 zum Gesamtsieger 4WD der OffroadSerieOst 2017 gefolgt von den bei 4 von 6 L\u00e4ufen punktgleichen Fahrern Robert Berg und Carsten Marke. Beide nahmen sich in Ihren Leistungen die Saison \u00fcber so gut wie nichts &#8211; aber das Streichresultat ergab eine bessere Platzierung f\u00fcr Robert, der damit auf Platz 2 kam und Carsten auf den 3. Platz verwies.<\/p>\n<p>Doch nicht nur die &#8222;Gro\u00dfen&#8220; messen sich in der OSO &#8211; auch die jungen Nachwuchsfahrer sind an jedem der Renntage mit am Start um Ihre 1:8er Buggys geschickt \u00fcber den Kurs zu man\u00f6vrieren. Als Zieleinlauf in der RC Modellbau Arena Zschornewitz ergab sich dabei das selbe Resultat wie letztlich in der Gesamtwertung: Sieger im OSO KidsRace 2017 wurde Felix Gr\u00e4fe dicht gefolgt von. Jean Riesebeck auf Platz 2 und Johnny Graf auf Platz 3.<\/p>\n<h6>Bilder der Siegerehrung<\/h6>\n<div id='gallery-1' class='gallery galleryid-132006 gallery-columns-3 gallery-size-thumbnail'><figure class='gallery-item'>\n\t\t\t<div class='gallery-icon landscape'>\n\t\t\t\t<a href='https:\/\/mikanews.de\/wp-content\/uploads\/2017\/09\/2017_09_16_oso_or6_bautzen_7.jpg' rel=\"lightbox[132006]\"><img loading=\"lazy\" decoding=\"async\" width=\"150\" height=\"150\" src=\"https:\/\/mikanews.de\/wp-content\/uploads\/2017\/09\/2017_09_16_oso_or6_bautzen_7-150x150.jpg\" class=\"attachment-thumbnail size-thumbnail\" alt=\"\" \/><\/a>\n\t\t\t<\/div><\/figure><figure class='gallery-item'>\n\t\t\t<div class='gallery-icon landscape'>\n\t\t\t\t<a href='https:\/\/mikanews.de\/wp-content\/uploads\/2017\/09\/2017_09_16_oso_or6_bautzen_4.jpg' rel=\"lightbox[132006]\"><img loading=\"lazy\" decoding=\"async\" width=\"150\" height=\"150\" src=\"https:\/\/mikanews.de\/wp-content\/uploads\/2017\/09\/2017_09_16_oso_or6_bautzen_4-150x150.jpg\" class=\"attachment-thumbnail size-thumbnail\" alt=\"\" \/><\/a>\n\t\t\t<\/div><\/figure><figure class='gallery-item'>\n\t\t\t<div class='gallery-icon landscape'>\n\t\t\t\t<a href='https:\/\/mikanews.de\/wp-content\/uploads\/2017\/09\/2017_09_16_oso_or6_bautzen_9.jpg' rel=\"lightbox[132006]\"><img loading=\"lazy\" decoding=\"async\" width=\"150\" height=\"150\" src=\"https:\/\/mikanews.de\/wp-content\/uploads\/2017\/09\/2017_09_16_oso_or6_bautzen_9-150x150.jpg\" class=\"attachment-thumbnail size-thumbnail\" alt=\"\" \/><\/a>\n\t\t\t<\/div><\/figure><figure class='gallery-item'>\n\t\t\t<div class='gallery-icon landscape'>\n\t\t\t\t<a href='https:\/\/mikanews.de\/wp-content\/uploads\/2017\/09\/2017_09_16_oso_or6_bautzen_3.jpg' rel=\"lightbox[132006]\"><img loading=\"lazy\" decoding=\"async\" width=\"150\" height=\"150\" src=\"https:\/\/mikanews.de\/wp-content\/uploads\/2017\/09\/2017_09_16_oso_or6_bautzen_3-150x150.jpg\" class=\"attachment-thumbnail size-thumbnail\" alt=\"\" \/><\/a>\n\t\t\t<\/div><\/figure><figure class='gallery-item'>\n\t\t\t<div class='gallery-icon landscape'>\n\t\t\t\t<a href='https:\/\/mikanews.de\/wp-content\/uploads\/2017\/09\/2017_09_16_oso_or6_bautzen_8.jpg' rel=\"lightbox[132006]\"><img loading=\"lazy\" decoding=\"async\" width=\"150\" height=\"150\" src=\"https:\/\/mikanews.de\/wp-content\/uploads\/2017\/09\/2017_09_16_oso_or6_bautzen_8-150x150.jpg\" class=\"attachment-thumbnail size-thumbnail\" alt=\"\" \/><\/a>\n\t\t\t<\/div><\/figure><figure class='gallery-item'>\n\t\t\t<div class='gallery-icon landscape'>\n\t\t\t\t<a href='https:\/\/mikanews.de\/wp-content\/uploads\/2017\/09\/2017_09_16_oso_or6_bautzen_1.jpg' rel=\"lightbox[132006]\"><img loading=\"lazy\" decoding=\"async\" width=\"150\" height=\"150\" src=\"https:\/\/mikanews.de\/wp-content\/uploads\/2017\/09\/2017_09_16_oso_or6_bautzen_1-150x150.jpg\" class=\"attachment-thumbnail size-thumbnail\" alt=\"\" \/><\/a>\n\t\t\t<\/div><\/figure>\n\t\t<\/div>\n\n<p>Vielen Dank an Danny Gr\u00e4fe f\u00fcr den Bericht und die Bilder.<\/p>\n<p>Mehr Bilder hier in der Galerie bei Facebook: <a href=\"https:\/\/www.facebook.com\/media\/set\/?set=a.1253831481395064.1073741847.1013095528801995&amp;type=1&amp;l=87e72d3d1c\" target=\"_blank\" rel=\"noopener noreferrer\">&#8211;Zur Galerie&#8211;<\/a><\/p>\n<p><a href=\"http:\/\/www.offroadserieost.de\/\" target=\"_blank\" rel=\"noopener noreferrer\">Offroad Serie Ost<\/a>\u00a0 Organisation im Grossmodelle-Bautzen e.V.<\/p>\n\n<h5>Weitere Links<\/h5>\n<p>https:\/\/mikanews.de\/2017\/06\/28\/chassisfokus-losi-5ive-t-uwe-neumann\/<\/p>\n<p>https:\/\/mikanews.de\/2017\/05\/15\/offroad-serie-ost-2-lauf-beim-1-rc-buggy-club-erfurt\/<\/p>\n<p><iframe loading=\"lazy\" class=\"wp-embedded-content\" title=\"\u201eRSN-Saisonstart beim MCC-Schenkenhorst \u2013 Bildergalerie 1\u201c \u2014 mikanews.de\" src=\"https:\/\/mikanews.de\/2017\/05\/08\/rsn-saisonstart-beim-mcc-schenkenhorst-bildergalerie-1\/embed\/#?secret=isr44QPPp6\" width=\"474\" height=\"604\" frameborder=\"0\" marginwidth=\"0\" marginheight=\"0\" scrolling=\"no\" sandbox=\"allow-scripts\" data-secret=\"isr44QPPp6\" data-mce-fragment=\"1\"><\/iframe><\/p>\n<p><iframe loading=\"lazy\" class=\"wp-embedded-content\" title=\"\u201eCHASSISFOKUS Elcon Impact \u2013 Gerhard Umst\u00e4dter\u201c \u2014 mikanews.de\" src=\"https:\/\/mikanews.de\/2017\/05\/04\/chassisfokus-elcon-impact-gerhard-umstaedter\/embed\/#?secret=Wbu1j6nVxb\" width=\"474\" height=\"555\" frameborder=\"0\" marginwidth=\"0\" marginheight=\"0\" scrolling=\"no\" sandbox=\"allow-scripts\" data-secret=\"Wbu1j6nVxb\" data-mce-fragment=\"1\"><\/iframe><\/p>\n<p><iframe loading=\"lazy\" class=\"wp-embedded-content\" title=\"\u201eRSN-Saisonstart beim MCC-Schenkenhorst \u2013 Bildergalerie\u201c \u2014 mikanews.de\" src=\"https:\/\/mikanews.de\/2017\/05\/03\/rsn-saisonstart-beim-mcc-schenkenhorst-bildergalerie\/embed\/#?secret=ruGqbhmSXi\" width=\"474\" height=\"604\" frameborder=\"0\" marginwidth=\"0\" marginheight=\"0\" scrolling=\"no\" sandbox=\"allow-scripts\" data-secret=\"ruGqbhmSXi\" data-mce-fragment=\"1\"><\/iframe><\/p>\n<p><iframe loading=\"lazy\" class=\"wp-embedded-content\" title=\"\u201eCHASSISFOKUS LOSI 5IVE-T \u2013 STEFFEN LABINSKI\u201c \u2014 mikanews.de\" src=\"https:\/\/mikanews.de\/2016\/07\/17\/chassisfokus-losi-5ive-t-steffen-labinski\/embed\/#?secret=XTJiGxQVpU\" width=\"474\" height=\"576\" frameborder=\"0\" marginwidth=\"0\" marginheight=\"0\" scrolling=\"no\" sandbox=\"allow-scripts\" data-secret=\"XTJiGxQVpU\" data-mce-fragment=\"1\"><\/iframe><\/p>\n<p><iframe loading=\"lazy\" class=\"wp-embedded-content\" title=\"\u201eCHASSISFOKUS MCD RR5 Ultimate Factory Team \u2013 SVEN RODEWALD\u201c \u2014 mikanews.de\" src=\"https:\/\/mikanews.de\/2016\/09\/13\/chassisfokus-mcd-rr5-ultimate-factory-team-sven-rodewald\/embed\/#?secret=vnK1yJwASo\" width=\"474\" height=\"604\" frameborder=\"0\" marginwidth=\"0\" marginheight=\"0\" scrolling=\"no\" sandbox=\"allow-scripts\" data-secret=\"vnK1yJwASo\" data-mce-fragment=\"1\"><\/iframe><\/p>\n<p>#mikanews<\/p>\n","protected":false},"excerpt":{"rendered":"<p>Mit dem sechsten Wertungslauf ging die\u00a0Offroad Serie Ost\u00a0am Samstag, \u00a0den 16.September 2017 in ihr diesj\u00e4hriges Saisonfinale.<\/p>\n","protected":false},"author":1,"featured_media":132012,"comment_status":"closed","ping_status":"closed","sticky":false,"template":"","format":"standard","meta":{"ngg_post_thumbnail":0,"_jetpack_memberships_contains_paid_content":false,"footnotes":"","jetpack_publicize_message":"","jetpack_publicize_feature_enabled":true,"jetpack_social_post_already_shared":true,"jetpack_social_options":{"image_generator_settings":{"template":"highway","default_image_id":0,"font":"","enabled":false},"version":2}},"categories":[3],"tags":[44,551,797,1792,2881,3302,3510,3747,5271,5752,5882,5892],"class_list":["post-132006","post","type-post","status-publish","format-standard","has-post-thumbnail","hentry","category-rennberichte","tag-or6","tag-bautzen","tag-rcweb","tag-rc","tag-offroad-serie-ost","tag-mikanews","tag-mika-news","tag-rcnews","tag-kids-race","tag-rc-car-news","tag-or6-2wd","tag-or6-4wd"],"jetpack_publicize_connections":[],"jetpack_featured_media_url":"https:\/\/mikanews.de\/wp-content\/uploads\/2017\/09\/2017_09_16_oso_or6_bautzen_5.jpg","jetpack_sharing_enabled":true,"jetpack_shortlink":"https:\/\/wp.me\/p6wBBU-yl8","_links":{"self":[{"href":"https:\/\/mikanews.de\/index.php?rest_route=\/wp\/v2\/posts\/132006","targetHints":{"allow":["GET"]}}],"collection":[{"href":"https:\/\/mikanews.de\/index.php?rest_route=\/wp\/v2\/posts"}],"about":[{"href":"https:\/\/mikanews.de\/index.php?rest_route=\/wp\/v2\/types\/post"}],"author":[{"embeddable":true,"href":"https:\/\/mikanews.de\/index.php?rest_route=\/wp\/v2\/users\/1"}],"replies":[{"embeddable":true,"href":"https:\/\/mikanews.de\/index.php?rest_route=%2Fwp%2Fv2%2Fcomments&post=132006"}],"version-history":[{"count":6,"href":"https:\/\/mikanews.de\/index.php?rest_route=\/wp\/v2\/posts\/132006\/revisions"}],"predecessor-version":[{"id":132021,"href":"https:\/\/mikanews.de\/index.php?rest_route=\/wp\/v2\/posts\/132006\/revisions\/132021"}],"wp:featuredmedia":[{"embeddable":true,"href":"https:\/\/mikanews.de\/index.php?rest_route=\/wp\/v2\/media\/132012"}],"wp:attachment":[{"href":"https:\/\/mikanews.de\/index.php?rest_route=%2Fwp%2Fv2%2Fmedia&parent=132006"}],"wp:term":[{"taxonomy":"category","embeddable":true,"href":"https:\/\/mikanews.de\/index.php?rest_route=%2Fwp%2Fv2%2Fcategories&post=132006"},{"taxonomy":"post_tag","embeddable":true,"href":"https:\/\/mikanews.de\/index.php?rest_route=%2Fwp%2Fv2%2Ftags&post=132006"}],"curies":[{"name":"wp","href":"https:\/\/api.w.org\/{rel}","templated":true}]}}