{"id":135432,"date":"2017-10-27T17:23:04","date_gmt":"2017-10-27T15:23:04","guid":{"rendered":"http:\/\/mikanews.de\/?p=135432"},"modified":"2017-10-29T21:35:09","modified_gmt":"2017-10-29T20:35:09","slug":"ets-start-in-wien-oesterreich","status":"publish","type":"post","link":"https:\/\/mikanews.de\/?p=135432","title":{"rendered":"ETS-Start in Wien \/ \u00d6sterreich"},"content":{"rendered":"<p>Am 27.10.2017 startete die Euro Touring Series, kurz ETS in die n\u00e4chste Saison mit 6 Rennen verteilt \u00fcber die n\u00e4chsten Monate. Gefahren wird in den verschiedenen europ\u00e4ischen L\u00e4ndern und der <!--more-->Start ist in der Hauptstadt Wien \/ \u00d6sterreich auf dem Messegel\u00e4nde.\u00a0 Der Freitag begann morgens mit dem Training und zieht sich so \u00fcber den Tag. Am sp\u00e4ten Nachmittag begannen die ersten Vorl\u00e4ufe. Samstag ging es mit diesen weiter und bis Sonntag wird das Event weitergehen. Mitverfolgen k\u00f6nnt ihr dieses wieder bei MYRCM mit den aktuellen Zeiten und Ergebnissen.<a href=\"https:\/\/mikanews.de\/wp-content\/uploads\/2017\/10\/2017_10_27_ES_Wien_2.jpg\" rel=\"lightbox[135432]\"><img loading=\"lazy\" decoding=\"async\" class=\"aligncenter size-medium wp-image-135444\" src=\"https:\/\/mikanews.de\/wp-content\/uploads\/2017\/10\/2017_10_27_ES_Wien_2-300x169.jpg\" alt=\"\" width=\"300\" height=\"169\" srcset=\"https:\/\/mikanews.de\/wp-content\/uploads\/2017\/10\/2017_10_27_ES_Wien_2-300x169.jpg 300w, https:\/\/mikanews.de\/wp-content\/uploads\/2017\/10\/2017_10_27_ES_Wien_2.jpg 850w\" sizes=\"auto, (max-width: 300px) 100vw, 300px\" \/><\/a><\/p>\n<p>Eng und spannend geht es in allen Klassen zu. Unglaublich die Modifiedklasse mit seinen Spitzenpiloten. Das Feld ist nahezu gleich schnell an der Spitze. Der mehrfache Weltmeister und Reedy Race of Champions Gewinner <a href=\"https:\/\/mikanews.de\/2017\/05\/29\/marc-rheinard-gewinnt-das-reedy-race-of-champions-2017\/\" target=\"_blank\" rel=\"noopener noreferrer\">Marc Rheinard<\/a> setzte in den vier Vorl\u00e4ufen die Bestmarken. Dahinter sticht <a href=\"https:\/\/mikanews.de\/2017\/02\/27\/marco-kaufmann-verlaengert-mit-xray\/\" target=\"_blank\" rel=\"noopener noreferrer\">Marco Kaufmann<\/a> heraus. Platz 3 nach Vorlauf 4 noch vor dem amtierenden Weltmeister <a href=\"https:\/\/mikanews.de\/2016\/10\/26\/interview-mit-dem-amtierenden-ifmar-110-tw-weltmeister-ronald-voelker\/\" target=\"_blank\" rel=\"noopener noreferrer\">Ronald V\u00f6lker<\/a>, aber auch dem Portugiesen Bruno\u00a0Coelho sind eine starke Leistung. Weiter unten findet ihr den Stand nach Vorlauf 4. Am Sonntag fallen die Entscheidungen um den Sieg. Von Startplatz 1 gehen Jan Ratheisky (Formel und Stock), Marc Rheinard (Modified) und <a href=\"https:\/\/mikanews.de\/2016\/12\/26\/spy-shots-lrp-hpi-challenge-deutschlandfinale-20152016-allradlenkung-als-prototyp-am-arc-von-thomas-oehler\/\" target=\"_blank\" rel=\"noopener noreferrer\">Thomas Oehler<\/a> in der neuen Klasse Masters Touring (40+ Teilnehmer) in die Finals. Wenn man einen R\u00fcckblick auf die letzte Saison wirft, sieht man, wie sich die Kr\u00e4fteverh\u00e4ltnisse verschieben k\u00f6nnen. Nachdem Jan Ratheisky nach seinem ETS-Erfolgen 2015\/16 in der letzten Saison nicht ganz ankn\u00fcpfen konnten, an die damalige &#8222;Traum-&#8220; Saison, kam er in Wien zur\u00fcck auf die Erfolgsspur. Unglaublich, wie eng es an der Spitze ist. Toll was alle Fahrer Jahr f\u00fcr Jahr leisten und wie sie mit Spa\u00df und Ergeiz dabei sind.<\/p>\n<figure id=\"attachment_135592\" aria-describedby=\"caption-attachment-135592\" style=\"width: 300px\" class=\"wp-caption aligncenter\"><a href=\"https:\/\/mikanews.de\/wp-content\/uploads\/2017\/10\/lrsa_jan-tq-770x462_wm.jpg\" rel=\"lightbox[135432]\"><img loading=\"lazy\" decoding=\"async\" class=\"size-medium wp-image-135592\" src=\"https:\/\/mikanews.de\/wp-content\/uploads\/2017\/10\/lrsa_jan-tq-770x462_wm-300x180.jpg\" alt=\"\" width=\"300\" height=\"180\" srcset=\"https:\/\/mikanews.de\/wp-content\/uploads\/2017\/10\/lrsa_jan-tq-770x462_wm-300x180.jpg 300w, https:\/\/mikanews.de\/wp-content\/uploads\/2017\/10\/lrsa_jan-tq-770x462_wm.jpg 770w\" sizes=\"auto, (max-width: 300px) 100vw, 300px\" \/><\/a><figcaption id=\"caption-attachment-135592\" class=\"wp-caption-text\">Jan Ratheisky feiert Doppelsieg &#8211; Quelle : http:\/\/ets.redrc.net\/2017\/10\/ratheisky-opens-ets-season-with-pro-stock-formula-tqs\/<\/figcaption><\/figure>\n<p>Die Links zum Onlinestream und den Ergebnissen sind hier:<\/p>\n<ul>\n<li style=\"list-style-type: none;\">\n<ul>\n<li><a href=\"http:\/\/www.myrcm.ch\/myrcm\/main?pLa=de&amp;pSr=1&amp;hId[1]=evt&amp;dId[E]=35564\">Zum Onlinestreaming<\/a><\/li>\n<\/ul>\n<\/li>\n<\/ul>\n<p><a href=\"https:\/\/mikanews.de\/wp-content\/uploads\/2017\/10\/2017_10_27_ES_Wien_1.jpg\" rel=\"lightbox[135432]\"><img loading=\"lazy\" decoding=\"async\" class=\"aligncenter size-medium wp-image-135445\" src=\"https:\/\/mikanews.de\/wp-content\/uploads\/2017\/10\/2017_10_27_ES_Wien_1-300x169.jpg\" alt=\"\" width=\"300\" height=\"169\" srcset=\"https:\/\/mikanews.de\/wp-content\/uploads\/2017\/10\/2017_10_27_ES_Wien_1-300x169.jpg 300w, https:\/\/mikanews.de\/wp-content\/uploads\/2017\/10\/2017_10_27_ES_Wien_1.jpg 850w\" sizes=\"auto, (max-width: 300px) 100vw, 300px\" \/><\/a><\/p>\n<h6>Zu den Ergebnissen und Klassen &#8211; Stand 16:45 Uhr<\/h6>\n<ul>\n<li><a href=\"http:\/\/www.myrcm.ch\/myrcm\/main?pLa=de&amp;hId[1]=evt&amp;dId[E]=35564#\">Xray Pro Stock Class<\/a><\/li>\n<\/ul>\n<h6>Xray Pro Stock &#8211; Endstand<\/h6>\n<ol>\n<li>Jan\u00a0Ratheisky &#8211;\u00a0 <a href=\"https:\/\/mikanews.de\/2017\/09\/06\/xray-t4-2018-kommt-demnaechst\/\" target=\"_blank\" rel=\"noopener noreferrer\">Xray<\/a><\/li>\n<li><a href=\"https:\/\/mikanews.de\/2016\/12\/13\/simon-lauter-ist-weltmeister-das-exclusive-interview\/\" target=\"_blank\" rel=\"noopener noreferrer\">Simon Lauter<\/a>\u00a0&#8211;\u00a0<a href=\"https:\/\/mikanews.de\/2017\/03\/06\/tamiya-trf419x-ws-mit-aluminium-chassis\/\" target=\"_blank\" rel=\"noopener noreferrer\">Tamiya<\/a><\/li>\n<li>Max\u00a0M\u00e4chler &#8211; <a href=\"https:\/\/mikanews.de\/2017\/01\/04\/awesomatix-a800x-der-neue-im-detail\/\" target=\"_blank\" rel=\"noopener noreferrer\">Awesomatix<\/a><\/li>\n<li>Tim Benson<\/li>\n<li>Alexandre\u00a0Duchet<\/li>\n<li>Martin\u00a0Hofer<\/li>\n<li>Olivier\u00a0Bultynck<\/li>\n<li>Mustafa\u00a0Alp &#8211;\u00a0\u00a0<a href=\"https:\/\/mikanews.de\/2017\/09\/06\/xray-t4-2018-kommt-demnaechst\/\" target=\"_blank\" rel=\"noopener noreferrer\">Xray<\/a><\/li>\n<li>Toni Streit &#8211; <a href=\"https:\/\/mikanews.de\/2017\/01\/04\/awesomatix-a800x-der-neue-im-detail\/\" target=\"_blank\" rel=\"noopener noreferrer\">Awesomatix<\/a><\/li>\n<li>Helge\u00a0Johannessen &#8211; <a href=\"https:\/\/mikanews.de\/2017\/08\/30\/arc-r11-2018\/\" target=\"_blank\" rel=\"noopener noreferrer\">ARC<\/a><\/li>\n<\/ol>\n<p>B-Finale: Alex\u00a0Kunkler &#8211; <a href=\"https:\/\/mikanews.de\/2017\/10\/25\/yokomo-bd8-2018-mit-aluminiumchassis\/\" target=\"_blank\" rel=\"noopener noreferrer\">Yokomo<\/a><\/p>\n<p>C-Finale: David\u00a0Kuschnarew<\/p>\n<p>D-Finale: Tom\u00a0Kr\u00e4gefski<\/p>\n<p>E-Finale: Andrea\u00a0Valerio<\/p>\n<p>F-Finale: Cristian\u00a0Faur<\/p>\n<p>G-Finale: Geir Bjarte\u00a0Terum<\/p>\n<p>H-Finale: Thomas\u00a0Welzig<\/p>\n<p>I-Finale: Ole Thomas\u00a0Bryne<\/p>\n<ul>\n<li><a href=\"http:\/\/www.myrcm.ch\/myrcm\/main?pLa=de&amp;hId[1]=evt&amp;dId[E]=35564#\">Xray Pro Stock Master<\/a><\/li>\n<\/ul>\n<ol>\n<li>Miko\u00a0Peter<\/li>\n<li>Christian\u00a0Drie\u00dfle<\/li>\n<li>Thomas\u00a0Oehler<\/li>\n<li>Christian\u00a0St\u00f6ckl<\/li>\n<li>Niyazi Ertem\u00a0Deniz<\/li>\n<li>Zsolt\u00a0Kov\u00e1csevics<\/li>\n<li>Mirco\u00a0Thalheimer<\/li>\n<li>Rainer\u00a0Konrath<\/li>\n<li>Karl\u00a0Fenech<\/li>\n<li>Jason\u00a0Butterfield<\/li>\n<\/ol>\n<p>B-Finale: Trygve Bull\u00a0Freng<\/p>\n<p>C-Finale: St\u00e9phane\u00a0Delis\u00e9<\/p>\n<ul>\n<li><a href=\"http:\/\/www.myrcm.ch\/myrcm\/main?pLa=de&amp;hId[1]=evt&amp;dId[E]=35564#\">Formel class<\/a><\/li>\n<\/ul>\n<h6>Formel &#8211; Endstand<\/h6>\n<ol>\n<li>Jan\u00a0Ratheisky &#8211; <a href=\"https:\/\/mikanews.de\/2017\/10\/23\/xray-x12018-vorstellung-am-24-10-2017\/\" target=\"_blank\" rel=\"noopener noreferrer\">Xray<\/a><\/li>\n<li>David\u00a0Ehrbar &#8211; <a href=\"https:\/\/mikanews.de\/2017\/04\/04\/serpent-f110-sf3-details\/\" target=\"_blank\" rel=\"noopener noreferrer\">Serpent<\/a><\/li>\n<li>Luke\u00a0Lee\u00a0&#8211;\u00a0<a href=\"https:\/\/mikanews.de\/2017\/10\/23\/xray-x12018-vorstellung-am-24-10-2017\/\" target=\"_blank\" rel=\"noopener noreferrer\">Xray<\/a><\/li>\n<li>Tim Benson &#8211;\u00a0<a href=\"https:\/\/mikanews.de\/2017\/04\/04\/serpent-f110-sf3-details\/\" target=\"_blank\" rel=\"noopener noreferrer\">Serpent<\/a><\/li>\n<li>Olivier\u00a0Bultynck<\/li>\n<li>Jitse\u00a0Miedema &#8211; <a href=\"https:\/\/mikanews.de\/2017\/10\/23\/xray-x12018-vorstellung-am-24-10-2017\/\" target=\"_blank\" rel=\"noopener noreferrer\">Xray<\/a><\/li>\n<li>Matej\u00a0Dobnikar &#8211; <a href=\"https:\/\/mikanews.de\/2017\/10\/23\/xray-x12018-vorstellung-am-24-10-2017\/\" target=\"_blank\" rel=\"noopener noreferrer\">Xray<\/a><\/li>\n<li>Herbert\u00a0Weber\u00a0&#8211;\u00a0<a href=\"https:\/\/mikanews.de\/2017\/10\/23\/xray-x12018-vorstellung-am-24-10-2017\/\" target=\"_blank\" rel=\"noopener noreferrer\">Xray<\/a><\/li>\n<li>Ren\u00e9\u00a0K\u00f6lbel &#8211; <a href=\"https:\/\/mikanews.de\/2017\/10\/23\/xray-x12018-vorstellung-am-24-10-2017\/\" target=\"_blank\" rel=\"noopener noreferrer\">Xray<\/a><\/li>\n<li>Thilo T\u00f6dtmann &#8211; Shepherd<\/li>\n<\/ol>\n<p>B-Finale: Thomas\u00a0Dvorszky<\/p>\n<p>C-Finale: Andy\u00a0Murray<\/p>\n<p>D-Finale: Henrik\u00a0Heitsch<\/p>\n<p>E-Finale: Cristian\u00a0Faur<\/p>\n<p>F-Finale: Helge\u00a0Johannessen<\/p>\n<ul>\n<li><a href=\"http:\/\/www.myrcm.ch\/myrcm\/main?pLa=de&amp;hId[1]=evt&amp;dId[E]=35564#\">Modified<\/a><\/li>\n<\/ul>\n<h6>Modified &#8211; Endstand<\/h6>\n<ol>\n<li>Marc\u00a0Rheinard &#8211; <a href=\"https:\/\/mikanews.de\/2017\/04\/18\/infinity-if14-elektro-110-tourenwagen\/\" target=\"_blank\" rel=\"noopener noreferrer\">Infinity<\/a><\/li>\n<li>Bruno\u00a0Coelho &#8211;\u00a0\u00a0<a href=\"https:\/\/mikanews.de\/2017\/09\/06\/xray-t4-2018-kommt-demnaechst\/\" target=\"_blank\" rel=\"noopener noreferrer\">Xray<\/a><\/li>\n<li>Ronald\u00a0V\u00f6lker &#8211; <a href=\"https:\/\/mikanews.de\/2017\/10\/25\/yokomo-bd8-2018-mit-aluminiumchassis\/\" target=\"_blank\" rel=\"noopener noreferrer\">Yokomo<\/a><\/li>\n<li>Alexander\u00a0Hagberg &#8211;\u00a0\u00a0<a href=\"https:\/\/mikanews.de\/2017\/09\/06\/xray-t4-2018-kommt-demnaechst\/\" target=\"_blank\" rel=\"noopener noreferrer\">Xray<\/a><\/li>\n<li>Viljami\u00a0Kutvonen &#8211; <a href=\"https:\/\/mikanews.de\/2017\/01\/04\/awesomatix-a800x-der-neue-im-detail\/\" target=\"_blank\" rel=\"noopener noreferrer\">Awesomatix<\/a><\/li>\n<li>Marco\u00a0Kaufmann &#8211;\u00a0 <a href=\"https:\/\/mikanews.de\/2017\/09\/06\/xray-t4-2018-kommt-demnaechst\/\" target=\"_blank\" rel=\"noopener noreferrer\">Xray<\/a><\/li>\n<li>Olly\u00a0Jefferies &#8211;\u00a0 <a href=\"https:\/\/mikanews.de\/2017\/09\/06\/xray-t4-2018-kommt-demnaechst\/\" target=\"_blank\" rel=\"noopener noreferrer\">Xray<\/a><\/li>\n<li>Akio\u00a0Sobue &#8211;\u00a0<a href=\"https:\/\/mikanews.de\/2017\/04\/18\/infinity-if14-elektro-110-tourenwagen\/\" target=\"_blank\" rel=\"noopener noreferrer\">Infinity<\/a><\/li>\n<li>Yannic\u00a0Pr\u00fcmper &#8211; <a href=\"https:\/\/mikanews.de\/2017\/04\/18\/infinity-if14-elektro-110-tourenwagen\/\" target=\"_blank\" rel=\"noopener noreferrer\">Infinity<\/a><\/li>\n<li>Christopher\u00a0Krapp- <a href=\"https:\/\/mikanews.de\/2017\/10\/25\/yokomo-bd8-2018-mit-aluminiumchassis\/\" target=\"_blank\" rel=\"noopener noreferrer\">Yokomo<\/a><\/li>\n<li><a href=\"https:\/\/mikanews.de\/2016\/02\/16\/interview-mit-freddy-suedhoff-zurueck-bei-awesomatix\/\" target=\"_blank\" rel=\"noopener noreferrer\">Frederik\u00a0S\u00fcdhoff<\/a> &#8211; <a href=\"https:\/\/mikanews.de\/2017\/01\/04\/awesomatix-a800x-der-neue-im-detail\/\" target=\"_blank\" rel=\"noopener noreferrer\">Awesomatix<\/a><\/li>\n<li>Jan Ratheisky &#8211;\u00a0 <a href=\"https:\/\/mikanews.de\/2017\/09\/06\/xray-t4-2018-kommt-demnaechst\/\" target=\"_blank\" rel=\"noopener noreferrer\">Xray<\/a><\/li>\n<li>Thimo\u00a0Weissbauer &#8211; <a href=\"https:\/\/mikanews.de\/2017\/01\/04\/awesomatix-a800x-der-neue-im-detail\/\" target=\"_blank\" rel=\"noopener noreferrer\">Awesomatix<\/a><\/li>\n<li>Naoki\u00a0Akiyama &#8211;\u00a0<a href=\"https:\/\/mikanews.de\/2017\/10\/25\/yokomo-bd8-2018-mit-aluminiumchassis\/\" target=\"_blank\" rel=\"noopener noreferrer\">Yokomo<\/a><\/li>\n<li>Jin\u00a0Sawada<\/li>\n<li>Loic\u00a0Jasmin<\/li>\n<li>Elliott\u00a0Harper &#8211; <a href=\"https:\/\/mikanews.de\/2017\/01\/30\/mi6evo-pro-touring-kit-von-schumacher-racing\/\" target=\"_blank\" rel=\"noopener noreferrer\">Schumacher<\/a><\/li>\n<\/ol>\n<figure id=\"attachment_135593\" aria-describedby=\"caption-attachment-135593\" style=\"width: 300px\" class=\"wp-caption aligncenter\"><a href=\"https:\/\/mikanews.de\/wp-content\/uploads\/2017\/10\/lrsa_marc-770x462_wm.jpg\" rel=\"lightbox[135432]\"><img loading=\"lazy\" decoding=\"async\" class=\"size-medium wp-image-135593\" src=\"https:\/\/mikanews.de\/wp-content\/uploads\/2017\/10\/lrsa_marc-770x462_wm-300x180.jpg\" alt=\"\" width=\"300\" height=\"180\" srcset=\"https:\/\/mikanews.de\/wp-content\/uploads\/2017\/10\/lrsa_marc-770x462_wm-300x180.jpg 300w, https:\/\/mikanews.de\/wp-content\/uploads\/2017\/10\/lrsa_marc-770x462_wm.jpg 770w\" sizes=\"auto, (max-width: 300px) 100vw, 300px\" \/><\/a><figcaption id=\"caption-attachment-135593\" class=\"wp-caption-text\">Marc Rheinard gewinnt das Auftaktrennen. Quelle : http:\/\/ets.redrc.net\/2017\/10\/rheinard-cruises-to-a1-win-ahead-of-coelho\/<\/figcaption><\/figure>\n<p>C-Finale: Viktor\u00a0Wilck<\/p>\n<p>D-Finale: Lukas\u00a0Ellerbrock<\/p>\n<p>E-Finale: Frederik\u00a0Hovgaard<\/p>\n<p>F-Finale: Florian\u00a0Luyer<\/p>\n<p>G-Finale: F\u00e4hd\u00a0Labik<\/p>\n<h6>R\u00fcckblick auf die Ergebnisse der Vorl\u00e4ufe<\/h6>\n<ul>\n<li><a href=\"http:\/\/www.myrcm.ch\/myrcm\/main?pLa=de&amp;hId[1]=evt&amp;dId[E]=35564#\">Xray Pro Stock Class<\/a><\/li>\n<\/ul>\n<h6>Xray Pro Stock &#8211; Vorlauf 4<\/h6>\n<ol>\n<li>Jan\u00a0Ratheisky &#8211;\u00a0 <a href=\"https:\/\/mikanews.de\/2017\/09\/06\/xray-t4-2018-kommt-demnaechst\/\" target=\"_blank\" rel=\"noopener noreferrer\">Xray<\/a><\/li>\n<li><a href=\"https:\/\/mikanews.de\/2016\/12\/13\/simon-lauter-ist-weltmeister-das-exclusive-interview\/\" target=\"_blank\" rel=\"noopener noreferrer\">Simon Lauter<\/a>\u00a0&#8211;\u00a0<a href=\"https:\/\/mikanews.de\/2017\/03\/06\/tamiya-trf419x-ws-mit-aluminium-chassis\/\" target=\"_blank\" rel=\"noopener noreferrer\">Tamiya<\/a><\/li>\n<li>Mustafa\u00a0Alp &#8211;\u00a0\u00a0<a href=\"https:\/\/mikanews.de\/2017\/09\/06\/xray-t4-2018-kommt-demnaechst\/\" target=\"_blank\" rel=\"noopener noreferrer\">Xray<\/a><\/li>\n<li>Tim Benson<\/li>\n<li>Max\u00a0M\u00e4chler &#8211; <a href=\"https:\/\/mikanews.de\/2017\/01\/04\/awesomatix-a800x-der-neue-im-detail\/\" target=\"_blank\" rel=\"noopener noreferrer\">Awesomatix<\/a><\/li>\n<li>Olivier\u00a0Bultynck<\/li>\n<li>Helge\u00a0Johannessen &#8211; <a href=\"https:\/\/mikanews.de\/2017\/08\/30\/arc-r11-2018\/\" target=\"_blank\" rel=\"noopener noreferrer\">ARC<\/a><\/li>\n<li>Martin\u00a0Hofer<\/li>\n<li>Toni Streit &#8211; <a href=\"https:\/\/mikanews.de\/2017\/01\/04\/awesomatix-a800x-der-neue-im-detail\/\" target=\"_blank\" rel=\"noopener noreferrer\">Awesomatix<\/a><\/li>\n<li>Alexandre\u00a0Duchet<\/li>\n<li>Lars\u00a0Hoppe &#8211;\u00a0<a href=\"https:\/\/mikanews.de\/2017\/08\/30\/arc-r11-2018\/\" target=\"_blank\" rel=\"noopener noreferrer\">ARC<\/a><\/li>\n<li>Alex\u00a0Kunkler &#8211; <a href=\"https:\/\/mikanews.de\/2017\/10\/25\/yokomo-bd8-2018-mit-aluminiumchassis\/\" target=\"_blank\" rel=\"noopener noreferrer\">Yokomo<\/a><\/li>\n<\/ol>\n<ul>\n<li><a href=\"http:\/\/www.myrcm.ch\/myrcm\/main?pLa=de&amp;hId[1]=evt&amp;dId[E]=35564#\">Xray Pro Stock Master<\/a><\/li>\n<li><a href=\"http:\/\/www.myrcm.ch\/myrcm\/main?pLa=de&amp;hId[1]=evt&amp;dId[E]=35564#\">Formel class<\/a><\/li>\n<\/ul>\n<h6>Formel &#8211; Vorlauf 4<\/h6>\n<ol>\n<li>Jan\u00a0Ratheisky &#8211; <a href=\"https:\/\/mikanews.de\/2017\/10\/23\/xray-x12018-vorstellung-am-24-10-2017\/\" target=\"_blank\" rel=\"noopener noreferrer\">Xray<\/a><\/li>\n<li>David\u00a0Ehrbar &#8211; <a href=\"https:\/\/mikanews.de\/2017\/04\/04\/serpent-f110-sf3-details\/\" target=\"_blank\" rel=\"noopener noreferrer\">Serpent<\/a><\/li>\n<li>Luke\u00a0Lee\u00a0&#8211;\u00a0<a href=\"https:\/\/mikanews.de\/2017\/10\/23\/xray-x12018-vorstellung-am-24-10-2017\/\" target=\"_blank\" rel=\"noopener noreferrer\">Xray<\/a><\/li>\n<li>Jitse\u00a0Miedema &#8211; <a href=\"https:\/\/mikanews.de\/2017\/10\/23\/xray-x12018-vorstellung-am-24-10-2017\/\" target=\"_blank\" rel=\"noopener noreferrer\">Xray<\/a><\/li>\n<li>Matej\u00a0Dobnikar &#8211; <a href=\"https:\/\/mikanews.de\/2017\/10\/23\/xray-x12018-vorstellung-am-24-10-2017\/\" target=\"_blank\" rel=\"noopener noreferrer\">Xray<\/a><\/li>\n<li>Tim Benson &#8211;\u00a0<a href=\"https:\/\/mikanews.de\/2017\/04\/04\/serpent-f110-sf3-details\/\" target=\"_blank\" rel=\"noopener noreferrer\">Serpent<\/a><\/li>\n<li>Olivier\u00a0Bultynck<\/li>\n<li>Herbert\u00a0Weber\u00a0&#8211;\u00a0<a href=\"https:\/\/mikanews.de\/2017\/10\/23\/xray-x12018-vorstellung-am-24-10-2017\/\" target=\"_blank\" rel=\"noopener noreferrer\">Xray<\/a><\/li>\n<li>Ren\u00e9\u00a0K\u00f6lbel &#8211; <a href=\"https:\/\/mikanews.de\/2017\/10\/23\/xray-x12018-vorstellung-am-24-10-2017\/\" target=\"_blank\" rel=\"noopener noreferrer\">Xray<\/a><\/li>\n<li>Thilo T\u00f6dtmann &#8211; Shepherd<\/li>\n<li>Andreas\u00a0Stiebler &#8211; <a href=\"https:\/\/mikanews.de\/2017\/05\/08\/chassisfokus-team-associated-rc10f6-mirko-morgenstern\/\" target=\"_blank\" rel=\"noopener noreferrer\">Asso<\/a><\/li>\n<li>Nicolas\u00a0Delis\u00e9<\/li>\n<li>Thomas\u00a0Dvorszky &#8211; <a href=\"https:\/\/mikanews.de\/2017\/10\/23\/xray-x12018-vorstellung-am-24-10-2017\/\" target=\"_blank\" rel=\"noopener noreferrer\">Xray<\/a><\/li>\n<li>J\u00e9r\u00e9my\u00a0Limoges &#8211; <a href=\"https:\/\/mikanews.de\/2017\/10\/23\/xray-x12018-vorstellung-am-24-10-2017\/\" target=\"_blank\" rel=\"noopener noreferrer\">Xray<\/a><\/li>\n<\/ol>\n<ul>\n<li><a href=\"http:\/\/www.myrcm.ch\/myrcm\/main?pLa=de&amp;hId[1]=evt&amp;dId[E]=35564#\">Modified<\/a><\/li>\n<\/ul>\n<h6>Modified Vorlauf 4<\/h6>\n<ol>\n<li>Marc\u00a0Rheinard &#8211; <a href=\"https:\/\/mikanews.de\/2017\/04\/18\/infinity-if14-elektro-110-tourenwagen\/\" target=\"_blank\" rel=\"noopener noreferrer\">Infinity<\/a><\/li>\n<li>Viljami\u00a0Kutvonen &#8211; <a href=\"https:\/\/mikanews.de\/2017\/01\/04\/awesomatix-a800x-der-neue-im-detail\/\" target=\"_blank\" rel=\"noopener noreferrer\">Awesomatix<\/a><\/li>\n<li>Marco\u00a0Kaufmann &#8211;\u00a0 <a href=\"https:\/\/mikanews.de\/2017\/09\/06\/xray-t4-2018-kommt-demnaechst\/\" target=\"_blank\" rel=\"noopener noreferrer\">Xray<\/a><\/li>\n<li>Bruno\u00a0Coelho &#8211;\u00a0\u00a0<a href=\"https:\/\/mikanews.de\/2017\/09\/06\/xray-t4-2018-kommt-demnaechst\/\" target=\"_blank\" rel=\"noopener noreferrer\">Xray<\/a><\/li>\n<li>Alexander\u00a0Hagberg &#8211;\u00a0\u00a0<a href=\"https:\/\/mikanews.de\/2017\/09\/06\/xray-t4-2018-kommt-demnaechst\/\" target=\"_blank\" rel=\"noopener noreferrer\">Xray<\/a><\/li>\n<li>Ronald\u00a0V\u00f6lker &#8211; <a href=\"https:\/\/mikanews.de\/2017\/10\/25\/yokomo-bd8-2018-mit-aluminiumchassis\/\" target=\"_blank\" rel=\"noopener noreferrer\">Yokomo<\/a><\/li>\n<li>Christopher\u00a0Krapp- <a href=\"https:\/\/mikanews.de\/2017\/10\/25\/yokomo-bd8-2018-mit-aluminiumchassis\/\" target=\"_blank\" rel=\"noopener noreferrer\">Yokomo<\/a><\/li>\n<li>Akio\u00a0Sobue &#8211;\u00a0<a href=\"https:\/\/mikanews.de\/2017\/04\/18\/infinity-if14-elektro-110-tourenwagen\/\" target=\"_blank\" rel=\"noopener noreferrer\">Infinity<\/a><\/li>\n<li>Olly\u00a0Jefferies &#8211;\u00a0 <a href=\"https:\/\/mikanews.de\/2017\/09\/06\/xray-t4-2018-kommt-demnaechst\/\" target=\"_blank\" rel=\"noopener noreferrer\">Xray<\/a><\/li>\n<li>Yannic\u00a0Pr\u00fcmper &#8211; <a href=\"https:\/\/mikanews.de\/2017\/04\/18\/infinity-if14-elektro-110-tourenwagen\/\" target=\"_blank\" rel=\"noopener noreferrer\">Infinity<\/a><\/li>\n<li><a href=\"https:\/\/mikanews.de\/2016\/02\/16\/interview-mit-freddy-suedhoff-zurueck-bei-awesomatix\/\" target=\"_blank\" rel=\"noopener noreferrer\">Frederik\u00a0S\u00fcdhoff<\/a> &#8211; <a href=\"https:\/\/mikanews.de\/2017\/01\/04\/awesomatix-a800x-der-neue-im-detail\/\" target=\"_blank\" rel=\"noopener noreferrer\">Awesomatix<\/a><\/li>\n<li>Thimo\u00a0Weissbauer &#8211; <a href=\"https:\/\/mikanews.de\/2017\/01\/04\/awesomatix-a800x-der-neue-im-detail\/\" target=\"_blank\" rel=\"noopener noreferrer\">Awesomatix<\/a><\/li>\n<li>Jan Ratheisky &#8211;\u00a0 <a href=\"https:\/\/mikanews.de\/2017\/09\/06\/xray-t4-2018-kommt-demnaechst\/\" target=\"_blank\" rel=\"noopener noreferrer\">Xray<\/a><\/li>\n<li>Loic\u00a0Jasmin<\/li>\n<li>Naoki\u00a0Akiyama &#8211;\u00a0<a href=\"https:\/\/mikanews.de\/2017\/10\/25\/yokomo-bd8-2018-mit-aluminiumchassis\/\" target=\"_blank\" rel=\"noopener noreferrer\">Yokomo<\/a><\/li>\n<li>Elliott\u00a0Harper &#8211; <a href=\"https:\/\/mikanews.de\/2017\/01\/30\/mi6evo-pro-touring-kit-von-schumacher-racing\/\" target=\"_blank\" rel=\"noopener noreferrer\">Schumacher<\/a><\/li>\n<\/ol>\n<p><strong>Quelle:<\/strong> <a href=\"http:\/\/www.teamxray.com\/\" target=\"_blank\" rel=\"noopener noreferrer\">Team Xray<\/a> , <a href=\"http:\/\/www.myrcm.ch\/myrcm\/main?dId[E]=30836#\" target=\"_blank\" rel=\"noopener noreferrer\">MYRCM<\/a> und <a href=\"http:\/\/ets.redrc.net\/2017\/10\/rheinard-cruises-to-a1-win-ahead-of-coelho\/\" target=\"_blank\" rel=\"noopener noreferrer\">RedRC<\/a><\/p>\n\n<h5>Weitere Links<\/h5>\n<p>https:\/\/mikanews.de\/2017\/09\/18\/lrp-associate-sponsor-des-ets-in-der-saison-20172018\/<\/p>\n<p>https:\/\/mikanews.de\/2017\/08\/10\/neuer-ets-motor-fuer-die-saison-20172018\/<\/p>\n<p>https:\/\/mikanews.de\/2017\/08\/30\/die-neuen-formel-raeder-fuer-die-ets-saison-20172018\/<\/p>\n<p>https:\/\/mikanews.de\/2016\/12\/13\/simon-lauter-ist-weltmeister-das-exclusive-interview\/<\/p>\n<p><iframe loading=\"lazy\" class=\"wp-embedded-content\" title=\"\u201eSchumacher Racing und das EOS bleiben Partner\u201c \u2014 mikanews.de\" src=\"https:\/\/mikanews.de\/2017\/05\/18\/schumacher-racing-und-das-eos-bleiben-partner\/embed\/#?secret=NKpqG1Ncxf\" width=\"474\" height=\"585\" frameborder=\"0\" marginwidth=\"0\" marginheight=\"0\" scrolling=\"no\" sandbox=\"allow-scripts\" data-secret=\"NKpqG1Ncxf\" data-mce-fragment=\"1\"><\/iframe><\/p>\n<p>https:\/\/mikanews.de\/2017\/06\/01\/wichtige-ets-aenderungen-in-kurzversion-ab-round-5-in-trencin\/<\/p>\n<p>#mikanes<\/p>\n","protected":false},"excerpt":{"rendered":"<p>Am 27.10.2017 startete die Euro Touring Series, kurz ETS in die n\u00e4chste Saison mit 6 Rennen verteilt \u00fcber die n\u00e4chsten Monate. Gefahren wird in den verschiedenen europ\u00e4ischen L\u00e4ndern und der<\/p>\n","protected":false},"author":1,"featured_media":135447,"comment_status":"closed","ping_status":"closed","sticky":false,"template":"","format":"standard","meta":{"ngg_post_thumbnail":0,"_jetpack_memberships_contains_paid_content":false,"footnotes":"","jetpack_publicize_message":"","jetpack_publicize_feature_enabled":true,"jetpack_social_post_already_shared":true,"jetpack_social_options":{"image_generator_settings":{"template":"highway","default_image_id":0,"font":"","enabled":false},"version":2}},"categories":[3],"tags":[464,696,797,1792,6132,6150],"class_list":["post-135432","post","type-post","status-publish","format-standard","has-post-thumbnail","hentry","category-rennberichte","tag-ets","tag-euro-touring-series","tag-rcweb","tag-rc","tag-wien","tag-messe-wien"],"jetpack_publicize_connections":[],"jetpack_featured_media_url":"https:\/\/mikanews.de\/wp-content\/uploads\/2017\/10\/Titelbild_ETS-Wien.jpg","jetpack_sharing_enabled":true,"jetpack_shortlink":"https:\/\/wp.me\/p6wBBU-zeo","_links":{"self":[{"href":"https:\/\/mikanews.de\/index.php?rest_route=\/wp\/v2\/posts\/135432","targetHints":{"allow":["GET"]}}],"collection":[{"href":"https:\/\/mikanews.de\/index.php?rest_route=\/wp\/v2\/posts"}],"about":[{"href":"https:\/\/mikanews.de\/index.php?rest_route=\/wp\/v2\/types\/post"}],"author":[{"embeddable":true,"href":"https:\/\/mikanews.de\/index.php?rest_route=\/wp\/v2\/users\/1"}],"replies":[{"embeddable":true,"href":"https:\/\/mikanews.de\/index.php?rest_route=%2Fwp%2Fv2%2Fcomments&post=135432"}],"version-history":[{"count":18,"href":"https:\/\/mikanews.de\/index.php?rest_route=\/wp\/v2\/posts\/135432\/revisions"}],"predecessor-version":[{"id":135595,"href":"https:\/\/mikanews.de\/index.php?rest_route=\/wp\/v2\/posts\/135432\/revisions\/135595"}],"wp:featuredmedia":[{"embeddable":true,"href":"https:\/\/mikanews.de\/index.php?rest_route=\/wp\/v2\/media\/135447"}],"wp:attachment":[{"href":"https:\/\/mikanews.de\/index.php?rest_route=%2Fwp%2Fv2%2Fmedia&parent=135432"}],"wp:term":[{"taxonomy":"category","embeddable":true,"href":"https:\/\/mikanews.de\/index.php?rest_route=%2Fwp%2Fv2%2Fcategories&post=135432"},{"taxonomy":"post_tag","embeddable":true,"href":"https:\/\/mikanews.de\/index.php?rest_route=%2Fwp%2Fv2%2Ftags&post=135432"}],"curies":[{"name":"wp","href":"https:\/\/api.w.org\/{rel}","templated":true}]}}