{"id":137658,"date":"2017-11-17T14:57:52","date_gmt":"2017-11-17T13:57:52","guid":{"rendered":"http:\/\/mikanews.de\/?p=137658"},"modified":"2017-11-19T22:55:01","modified_gmt":"2017-11-19T21:55:01","slug":"winterserien-20172018-in-munzig","status":"publish","type":"post","link":"https:\/\/mikanews.de\/?p=137658","title":{"rendered":"Winterserien 2017\/2018 in Munzig"},"content":{"rendered":"<p>Beim <a href=\"http:\/\/www.mzm-shop.de\/shop\/\" target=\"_blank\" rel=\"noopener noreferrer\">MZM\u00a0<\/a>und\u00a0<a href=\"http:\/\/www.rccr-munzig.com\/\" target=\"_blank\" rel=\"noopener noreferrer\">RCCR-Munzig<\/a> geht es nach den beiden L\u00e4ufen zum RC-Offroad-Sachsencup mit der Hallensaison weiter. Die Planungen daf\u00fcr sind abgeschlossen, die Strecken vorbereitet und das Umfeld <!--more-->beim RCCR-Munzig bereit f\u00fcr die Saison. Das tolle beim RCCR ist, dass f\u00fcr &#8222;fast&#8220; alle was dabei ist. Gefahren wird auf der ca. 185 Meter langen asphaltierten Indoorstrecke, auf die die Fahrer von der &#8222;Galerie&#8220; einen sch\u00f6nen \u00dcberblick haben. F\u00fcr die Offroad wird die Strecke nicht umgebaut, sondern es werden wie zuletzt beim RC-Offroad-Sachsencup ein paar Sprungelemente in das Layout integriert. Diese sind flexibel einsetzbar. F\u00fcr die Off- und Onroader gibt es eine Neuerung im Reglement in diesem Jahr. <strong>Neu hinzugekommen sind zwei weitere Klassen Elektro 1\/10 Offroad (2 und 4WD) im Rahmen des Indoor-Offroad-Cups und f\u00fcr die Onroad-Series werden zum ersten Mal auch 1\/8er GT`s erlaubt sein.<\/strong> Diese Fahrzeuge haben im Laufe des Jahres einige Anh\u00e4nger gefunden, sodass der RCCR diesen Piloten die M\u00f6glichkeit bieten m\u00f6chte, auch im Winter fahren zu k\u00f6nnen.<\/p>\n<figure id=\"attachment_136249\" aria-describedby=\"caption-attachment-136249\" style=\"width: 300px\" class=\"wp-caption aligncenter\"><a href=\"https:\/\/mikanews.de\/wp-content\/uploads\/2017\/11\/Strecke_mzm_rccr_munzig_2.jpg\" rel=\"lightbox[137658]\"><img loading=\"lazy\" decoding=\"async\" class=\"wp-image-136249 size-medium\" src=\"https:\/\/mikanews.de\/wp-content\/uploads\/2017\/11\/Strecke_mzm_rccr_munzig_2-300x225.jpg\" sizes=\"auto, (max-width: 300px) 100vw, 300px\" srcset=\"https:\/\/mikanews.de\/wp-content\/uploads\/2017\/11\/Strecke_mzm_rccr_munzig_2-300x225.jpg 300w, https:\/\/mikanews.de\/wp-content\/uploads\/2017\/11\/Strecke_mzm_rccr_munzig_2.jpg 850w\" alt=\"\" width=\"300\" height=\"225\" \/><\/a><figcaption id=\"caption-attachment-136249\" class=\"wp-caption-text\">Die Indoor-Strecke<\/figcaption><\/figure>\n<p><div id='gallery-1' class='gallery galleryid-137658 gallery-columns-3 gallery-size-thumbnail'><figure class='gallery-item'>\n\t\t\t<div class='gallery-icon landscape'>\n\t\t\t\t<a href='https:\/\/mikanews.de\/wp-content\/uploads\/2017\/11\/Strecke_mzm_rccr_munzig_1.jpg' rel=\"lightbox[137658]\"><img loading=\"lazy\" decoding=\"async\" width=\"150\" height=\"150\" src=\"https:\/\/mikanews.de\/wp-content\/uploads\/2017\/11\/Strecke_mzm_rccr_munzig_1-150x150.jpg\" class=\"attachment-thumbnail size-thumbnail\" alt=\"\" \/><\/a>\n\t\t\t<\/div><\/figure><figure class='gallery-item'>\n\t\t\t<div class='gallery-icon landscape'>\n\t\t\t\t<a href='https:\/\/mikanews.de\/wp-content\/uploads\/2017\/11\/Strecke_mzm_rccr_munzig_3.jpg' rel=\"lightbox[137658]\"><img loading=\"lazy\" decoding=\"async\" width=\"150\" height=\"150\" src=\"https:\/\/mikanews.de\/wp-content\/uploads\/2017\/11\/Strecke_mzm_rccr_munzig_3-150x150.jpg\" class=\"attachment-thumbnail size-thumbnail\" alt=\"\" \/><\/a>\n\t\t\t<\/div><\/figure><figure class='gallery-item'>\n\t\t\t<div class='gallery-icon landscape'>\n\t\t\t\t<a href='https:\/\/mikanews.de\/wp-content\/uploads\/2017\/11\/Strecke_mzm_rccr_munzig_4.jpg' rel=\"lightbox[137658]\"><img loading=\"lazy\" decoding=\"async\" width=\"150\" height=\"150\" src=\"https:\/\/mikanews.de\/wp-content\/uploads\/2017\/11\/Strecke_mzm_rccr_munzig_4-150x150.jpg\" class=\"attachment-thumbnail size-thumbnail\" alt=\"\" \/><\/a>\n\t\t\t<\/div><\/figure><figure class='gallery-item'>\n\t\t\t<div class='gallery-icon landscape'>\n\t\t\t\t<a href='https:\/\/mikanews.de\/wp-content\/uploads\/2017\/11\/Strecke_mzm_rccr_munzig_6.jpg' rel=\"lightbox[137658]\"><img loading=\"lazy\" decoding=\"async\" width=\"150\" height=\"150\" src=\"https:\/\/mikanews.de\/wp-content\/uploads\/2017\/11\/Strecke_mzm_rccr_munzig_6-150x150.jpg\" class=\"attachment-thumbnail size-thumbnail\" alt=\"\" \/><\/a>\n\t\t\t<\/div><\/figure><figure class='gallery-item'>\n\t\t\t<div class='gallery-icon landscape'>\n\t\t\t\t<a href='https:\/\/mikanews.de\/wp-content\/uploads\/2017\/11\/Strecke_mzm_rccr_munzig_5.jpg' rel=\"lightbox[137658]\"><img loading=\"lazy\" decoding=\"async\" width=\"150\" height=\"150\" src=\"https:\/\/mikanews.de\/wp-content\/uploads\/2017\/11\/Strecke_mzm_rccr_munzig_5-150x150.jpg\" class=\"attachment-thumbnail size-thumbnail\" alt=\"\" \/><\/a>\n\t\t\t<\/div><\/figure><figure class='gallery-item'>\n\t\t\t<div class='gallery-icon landscape'>\n\t\t\t\t<a href='https:\/\/mikanews.de\/wp-content\/uploads\/2017\/11\/Strecke_mzm_rccr_munzig_7.jpg' rel=\"lightbox[137658]\"><img loading=\"lazy\" decoding=\"async\" width=\"150\" height=\"150\" src=\"https:\/\/mikanews.de\/wp-content\/uploads\/2017\/11\/Strecke_mzm_rccr_munzig_7-150x150.jpg\" class=\"attachment-thumbnail size-thumbnail\" alt=\"\" \/><\/a>\n\t\t\t<\/div><\/figure>\n\t\t<\/div>\n<br \/>\nNeben diesen beiden Rennserie stehen noch L\u00e4ufe zur LRP-Asso-Challenge und LRP-HPI-Challenge an. Daf\u00fcr steht <a href=\"https:\/\/mikanews.de\/2017\/03\/27\/lrp-hpi-challenge-beim-rccr-munzig-e-v-2\/\" target=\"_blank\" rel=\"noopener noreferrer\">Indoor eine Teppichstrecke<\/a> zur Verf\u00fcgung.<\/p>\n<h6>Klassen beim Indoor-Offroad-Cup:<\/h6>\n<ul>\n<li>OR8<\/li>\n<li>ORT<\/li>\n<li>ORE8<\/li>\n<li>Short Course<\/li>\n<li>ORE 2WD<\/li>\n<li>ORE 4WD<\/li>\n<\/ul>\n<h6>Klassen beim Indoor-Offroad-Cup:<\/h6>\n<div>\n<ul>\n<li>VG10STD\/VG10SCA<\/li>\n<li>VG8<\/li>\n<li>Spada09<\/li>\n<li>EGTWMO<\/li>\n<li>EGTWSP<\/li>\n<li>1:8RallyGame\/GT<\/li>\n<li>Anf\u00e4ngerklassen Elektro 1:10 und 1:8<\/li>\n<\/ul>\n<\/div>\n<div><\/div>\n<p>Die Termine f\u00fcr den Indoor Offroad Cup und Wintercup Onroad stehen fest:<\/p>\n<ul>\n<li>25.-26.11.2017 &#8211; 1. Lauf RCCR Wintercup Onroad (<a href=\"http:\/\/www.rccr-munzig.com\/files\/Wintercup Onroad 2017-18\/RCCR WinterCup 2017-2018.pdf\" target=\"_blank\" rel=\"noopener noreferrer\">Ausschreibung<\/a> | <a href=\"http:\/\/www.myrcm.ch\/myrcm\/main?pLa=de&amp;hId[1]=com&amp;dFi=munzig\" target=\"_blank\" rel=\"noopener noreferrer\">Nennung + Nennlisten<\/a>)<\/li>\n<li>09.-10.12.2017 &#8211; 1. Lauf Indoor Offroad Cup\u00a0(<a href=\"http:\/\/www.rccr-munzig.com\/files\/IOC 2017-18\/RCCR Indoor-Offroad-Cup 2017-2018.pdf\" target=\"_blank\" rel=\"noopener noreferrer\">Ausschreibung<\/a>\u00a0|\u00a0<a href=\"http:\/\/www.myrcm.ch\/myrcm\/main?pLa=de&amp;hId[1]=com&amp;dFi=munzig\" target=\"_blank\" rel=\"noopener noreferrer\">Nennung + Nennlisten<\/a>)<\/li>\n<li>13.-14.01.2018 &#8211;\u00a02. Lauf RCCR Wintercup Onroad\u00a0(<a href=\"http:\/\/www.rccr-munzig.com\/files\/Wintercup Onroad 2017-18\/RCCR WinterCup 2017-2018.pdf\" target=\"_blank\" rel=\"noopener noreferrer\">Ausschreibung<\/a>\u00a0|\u00a0<a href=\"http:\/\/www.myrcm.ch\/myrcm\/main?pLa=de&amp;hId[1]=com&amp;dFi=munzig\" target=\"_blank\" rel=\"noopener noreferrer\">Nennung + Nennlisten<\/a>)<\/li>\n<li>27.-28.01.2018 &#8211;\u00a02. Lauf Indoor Offroad Cup\u00a0(<a href=\"http:\/\/www.rccr-munzig.com\/files\/IOC 2017-18\/RCCR Indoor-Offroad-Cup 2017-2018.pdf\" target=\"_blank\" rel=\"noopener noreferrer\">Ausschreibung<\/a>\u00a0|\u00a0<a href=\"http:\/\/www.myrcm.ch\/myrcm\/main?pLa=de&amp;hId[1]=com&amp;dFi=munzig\" target=\"_blank\" rel=\"noopener noreferrer\">Nennung + Nennlisten<\/a>)<\/li>\n<li>24.-25.02.2018 &#8211;\u00a03. Lauf RCCR Wintercup Onroad\u00a0(<a href=\"http:\/\/www.rccr-munzig.com\/files\/Wintercup Onroad 2017-18\/RCCR WinterCup 2017-2018.pdf\" target=\"_blank\" rel=\"noopener noreferrer\">Ausschreibung<\/a>\u00a0|\u00a0<a href=\"http:\/\/www.myrcm.ch\/myrcm\/main?pLa=de&amp;hId[1]=com&amp;dFi=munzig\" target=\"_blank\" rel=\"noopener noreferrer\">Nennung + Nennlisten<\/a>)<\/li>\n<li>10.-11.03.2018 &#8211;\u00a0Finale\u00a0Indoor Offroad Cup\u00a0(<a href=\"http:\/\/www.rccr-munzig.com\/files\/IOC 2017-18\/RCCR Indoor-Offroad-Cup 2017-2018.pdf\" target=\"_blank\" rel=\"noopener noreferrer\">Ausschreibung<\/a>\u00a0|\u00a0<a href=\"http:\/\/www.myrcm.ch\/myrcm\/main?pLa=de&amp;hId[1]=com&amp;dFi=munzig\" target=\"_blank\" rel=\"noopener noreferrer\">Nennung + Nennlisten<\/a>)<\/li>\n<li>24.-25.03.2018 &#8211; Finale\u00a0RCCR Wintercup Onroad\u00a0(<a href=\"http:\/\/www.rccr-munzig.com\/files\/Wintercup Onroad 2017-18\/RCCR WinterCup 2017-2018.pdf\" target=\"_blank\" rel=\"noopener noreferrer\">Ausschreibung<\/a>\u00a0|\u00a0<a href=\"http:\/\/www.myrcm.ch\/myrcm\/main?pLa=de&amp;hId[1]=com&amp;dFi=munzig\" target=\"_blank\" rel=\"noopener noreferrer\">Nennung + Nennlisten<\/a>)<\/li>\n<li>14.-15.04.2018 &#8211; Warm Up Offroad Au\u00dfensaison<\/li>\n<\/ul>\n<p><a href=\"https:\/\/mikanews.de\/wp-content\/uploads\/2017\/11\/mzm_Winterserie_Munzig.jpg\" rel=\"lightbox[137658]\"><img loading=\"lazy\" decoding=\"async\" class=\"aligncenter wp-image-137659 size-medium\" src=\"https:\/\/mikanews.de\/wp-content\/uploads\/2017\/11\/mzm_Winterserie_Munzig-300x225.jpg\" alt=\"\" width=\"300\" height=\"225\" srcset=\"https:\/\/mikanews.de\/wp-content\/uploads\/2017\/11\/mzm_Winterserie_Munzig-300x225.jpg 300w, https:\/\/mikanews.de\/wp-content\/uploads\/2017\/11\/mzm_Winterserie_Munzig-850x638.jpg 850w, https:\/\/mikanews.de\/wp-content\/uploads\/2017\/11\/mzm_Winterserie_Munzig.jpg 960w\" sizes=\"auto, (max-width: 300px) 100vw, 300px\" \/><\/a><\/p>\n<p><strong>Quelle:<\/strong> <a href=\"http:\/\/www.mzm-shop.de\/shop\/\" target=\"_blank\" rel=\"noopener noreferrer\">MZM\u00a0<\/a>und\u00a0<a href=\"http:\/\/www.rccr-munzig.com\/\" target=\"_blank\" rel=\"noopener noreferrer\">RCCR-Munzig<\/a><\/p>\n\n<h5>Weitere Links<\/h5>\n<p>https:\/\/mikanews.de\/2017\/03\/27\/lrp-hpi-challenge-beim-rccr-munzig-e-v-2\/<\/p>\n<p>https:\/\/mikanews.de\/2017\/11\/13\/finale-zum-rc-offroad-sachsencup-2017-in-munzig\/<\/p>\n<p>https:\/\/mikanews.de\/2016\/11\/09\/lrp-asso-challenge-beim-rccr-munzig-indoor-der-bericht\/<\/p>\n<p>https:\/\/mikanews.de\/2017\/02\/28\/3-lauf-indoor-offroad-cup-beim-rccr-munzig\/<\/p>\n<p><iframe loading=\"lazy\" class=\"wp-embedded-content\" title=\"\u201e6.Lauf des RC Offroad Sachsencup in Munzig beendet\u201c \u2014 mikanews.de\" src=\"https:\/\/mikanews.de\/2017\/10\/31\/6-lauf-des-rc-offroad-sachsencup-in-munzig-beendet\/embed\/#?secret=NnflkZNJ2w\" width=\"474\" height=\"585\" frameborder=\"0\" marginwidth=\"0\" marginheight=\"0\" scrolling=\"no\" sandbox=\"allow-scripts\" data-secret=\"NnflkZNJ2w\" data-mce-fragment=\"1\"><\/iframe><\/p>\n<p><iframe loading=\"lazy\" class=\"wp-embedded-content\" title=\"\u201e5.LAUF ZUM RC-OFFROAD SACHSENCUP 2016 IN MUNZIG \u2013 Bilder und Video\u201c \u2014 mikanews.de\" src=\"https:\/\/mikanews.de\/2016\/10\/24\/5-lauf-zum-rc-offroad-sachsencup-2016-in-munzig-bilder-und-video\/embed\/#?secret=bOgwASCOcH\" width=\"474\" height=\"564\" frameborder=\"0\" marginwidth=\"0\" marginheight=\"0\" scrolling=\"no\" sandbox=\"allow-scripts\" data-secret=\"bOgwASCOcH\" data-mce-fragment=\"1\"><\/iframe><\/p>\n<p><iframe loading=\"lazy\" class=\"wp-embedded-content\" title=\"\u201eJugendarbeit \u2013 MZM unterst\u00fctzt Berkan und Burak Kilic\u201c \u2014 mikanews.de\" src=\"https:\/\/mikanews.de\/2016\/10\/31\/jugendarbeit-mzm-unterstuetzt-berkan-und-burak-kilic\/embed\/#?secret=lusdntQhZT\" width=\"474\" height=\"564\" frameborder=\"0\" marginwidth=\"0\" marginheight=\"0\" scrolling=\"no\" sandbox=\"allow-scripts\" data-secret=\"lusdntQhZT\" data-mce-fragment=\"1\"><\/iframe><\/p>\n<p>#mikanews<\/p>\n<p>&nbsp;<\/p>\n","protected":false},"excerpt":{"rendered":"<p>Beim MZM\u00a0und\u00a0RCCR-Munzig geht es nach den beiden L\u00e4ufen zum RC-Offroad-Sachsencup mit der Hallensaison weiter. Die Planungen daf\u00fcr sind abgeschlossen, die Strecken vorbereitet und das Umfeld<\/p>\n","protected":false},"author":1,"featured_media":137659,"comment_status":"closed","ping_status":"closed","sticky":false,"template":"","format":"standard","meta":{"ngg_post_thumbnail":0,"_jetpack_memberships_contains_paid_content":false,"footnotes":"","jetpack_publicize_message":"","jetpack_publicize_feature_enabled":true,"jetpack_social_post_already_shared":true,"jetpack_social_options":{"image_generator_settings":{"template":"highway","default_image_id":0,"font":"","enabled":false},"version":2}},"categories":[145],"tags":[257,537,797,1248,1792,3302,3510,3570,3654,6256,6257,6258],"class_list":["post-137658","post","type-post","status-publish","format-standard","has-post-thumbnail","hentry","category-events","tag-munzig","tag-rccr-munzig","tag-rcweb","tag-rccrmunzig","tag-rc","tag-mikanews","tag-mika-news","tag-rccr-munzig-e-v","tag-modellsport-zentrum-munzig","tag-indoor-offroad-cup","tag-wintercup-onroad","tag-wintercup"],"jetpack_publicize_connections":[],"jetpack_featured_media_url":"https:\/\/mikanews.de\/wp-content\/uploads\/2017\/11\/mzm_Winterserie_Munzig.jpg","jetpack_sharing_enabled":true,"jetpack_shortlink":"https:\/\/wp.me\/p6wBBU-zOi","_links":{"self":[{"href":"https:\/\/mikanews.de\/index.php?rest_route=\/wp\/v2\/posts\/137658","targetHints":{"allow":["GET"]}}],"collection":[{"href":"https:\/\/mikanews.de\/index.php?rest_route=\/wp\/v2\/posts"}],"about":[{"href":"https:\/\/mikanews.de\/index.php?rest_route=\/wp\/v2\/types\/post"}],"author":[{"embeddable":true,"href":"https:\/\/mikanews.de\/index.php?rest_route=\/wp\/v2\/users\/1"}],"replies":[{"embeddable":true,"href":"https:\/\/mikanews.de\/index.php?rest_route=%2Fwp%2Fv2%2Fcomments&post=137658"}],"version-history":[{"count":5,"href":"https:\/\/mikanews.de\/index.php?rest_route=\/wp\/v2\/posts\/137658\/revisions"}],"predecessor-version":[{"id":138281,"href":"https:\/\/mikanews.de\/index.php?rest_route=\/wp\/v2\/posts\/137658\/revisions\/138281"}],"wp:featuredmedia":[{"embeddable":true,"href":"https:\/\/mikanews.de\/index.php?rest_route=\/wp\/v2\/media\/137659"}],"wp:attachment":[{"href":"https:\/\/mikanews.de\/index.php?rest_route=%2Fwp%2Fv2%2Fmedia&parent=137658"}],"wp:term":[{"taxonomy":"category","embeddable":true,"href":"https:\/\/mikanews.de\/index.php?rest_route=%2Fwp%2Fv2%2Fcategories&post=137658"},{"taxonomy":"post_tag","embeddable":true,"href":"https:\/\/mikanews.de\/index.php?rest_route=%2Fwp%2Fv2%2Ftags&post=137658"}],"curies":[{"name":"wp","href":"https:\/\/api.w.org\/{rel}","templated":true}]}}