{"id":174280,"date":"2018-06-29T19:20:29","date_gmt":"2018-06-29T17:20:29","guid":{"rendered":"http:\/\/mikanews.de\/?p=174280"},"modified":"2018-07-04T12:46:59","modified_gmt":"2018-07-04T10:46:59","slug":"deutsche-meisterschaft-2018-truggy-beim-mrc-meiningen-gestartet","status":"publish","type":"post","link":"https:\/\/mikanews.de\/?p=174280","title":{"rendered":"Deutsche Meisterschaft 2018 Truggy beim MRC Meiningen gestartet"},"content":{"rendered":"<p>Freitag den 29.06.2018 startete die diesj\u00e4hrige Deutsche Meisterschaft Truggy in den Klassen ORET und ORT<!--more-->beim MRC-Meiningen e.V. auf deren knapp 250 Meter langen Strecke. Wie schon im Vorjahr beim MRC-Leipzig e.V. k\u00f6nnen die DM-Teilnehmer den Tag zum trainieren in Trainingsgruppen nutzen, bevor am Samstag die Vorl\u00e4ufe gefahren werden. Neben den aktuellen amtierenden Deutschen Meistern <a href=\"https:\/\/mikanews.de\/2017\/01\/26\/chassisfokus-agama-a215t-mit-kurzportrait-von-ronny-schiffner\/\" target=\"_blank\" rel=\"noopener noreferrer\">Ronny Schiffner<\/a> und <a href=\"https:\/\/mikanews.de\/2017\/09\/30\/chassisfokus-hb-d817t-stev-krause\/\" target=\"_blank\" rel=\"noopener noreferrer\">Stev Krause <\/a>ist harte Konkurrenz mit Burak und Berkan Kilic vor Ort. Nicht au\u00dfer Acht lassen sollten wir, <a href=\"https:\/\/mikanews.de\/2017\/01\/12\/tom-sommer-im-rmv-juniorteam\/\" target=\"_blank\" rel=\"noopener noreferrer\">Tom Sommer<\/a>, <a href=\"https:\/\/mikanews.de\/2017\/10\/06\/chassisfokus-mugen-mbx-7t-johannes-klett\/\" target=\"_blank\" rel=\"noopener noreferrer\">Johannes Klett<\/a> (Vize-Meister 2017), Sascha Nelson, Andr\u00e9 Kuchenbecker und Damiano Muscella, um einige zu nennen. Erstaunlich positiv ist die Entwicklung in der Klasse ORET, nachdem im Vorjahr nur vier Fahrer am Start waren. In diesem Jahr gibt es starke Konkurrenz in den beiden Klassen. Lassen wir uns \u00fcberraschen. Samstag Vorl\u00e4ufe und Sonntag ist Finaltag. Dann wird die n\u00e4chste Deutsche Meisterschaft entschieden sein. Hier ein Blick auf die Ergebnisse vom Freitag und ein paar Bilder aus Meiningen.<\/p>\n<hr \/>\n<div id='gallery-1' class='gallery galleryid-174280 gallery-columns-4 gallery-size-thumbnail'><figure class='gallery-item'>\n\t\t\t<div class='gallery-icon landscape'>\n\t\t\t\t<a href='https:\/\/mikanews.de\/wp-content\/uploads\/2018\/06\/2018_06_29_MRC_Meiningen_Truggy_DM_9.jpg' rel=\"lightbox[174280]\"><img loading=\"lazy\" decoding=\"async\" width=\"150\" height=\"150\" src=\"https:\/\/mikanews.de\/wp-content\/uploads\/2018\/06\/2018_06_29_MRC_Meiningen_Truggy_DM_9-150x150.jpg\" class=\"attachment-thumbnail size-thumbnail\" alt=\"\" \/><\/a>\n\t\t\t<\/div><\/figure><figure class='gallery-item'>\n\t\t\t<div class='gallery-icon landscape'>\n\t\t\t\t<a href='https:\/\/mikanews.de\/wp-content\/uploads\/2018\/06\/2018_06_29_MRC_Meiningen_Truggy_DM_1.jpg' rel=\"lightbox[174280]\"><img loading=\"lazy\" decoding=\"async\" width=\"150\" height=\"150\" src=\"https:\/\/mikanews.de\/wp-content\/uploads\/2018\/06\/2018_06_29_MRC_Meiningen_Truggy_DM_1-150x150.jpg\" class=\"attachment-thumbnail size-thumbnail\" alt=\"\" \/><\/a>\n\t\t\t<\/div><\/figure><figure class='gallery-item'>\n\t\t\t<div class='gallery-icon landscape'>\n\t\t\t\t<a href='https:\/\/mikanews.de\/wp-content\/uploads\/2018\/06\/2018_06_29_MRC_Meiningen_Truggy_DM_2.jpg' rel=\"lightbox[174280]\"><img loading=\"lazy\" decoding=\"async\" width=\"150\" height=\"150\" src=\"https:\/\/mikanews.de\/wp-content\/uploads\/2018\/06\/2018_06_29_MRC_Meiningen_Truggy_DM_2-150x150.jpg\" class=\"attachment-thumbnail size-thumbnail\" alt=\"\" \/><\/a>\n\t\t\t<\/div><\/figure><figure class='gallery-item'>\n\t\t\t<div class='gallery-icon landscape'>\n\t\t\t\t<a href='https:\/\/mikanews.de\/wp-content\/uploads\/2018\/06\/2018_06_29_MRC_Meiningen_Truggy_DM_3.jpg' rel=\"lightbox[174280]\"><img loading=\"lazy\" decoding=\"async\" width=\"150\" height=\"150\" src=\"https:\/\/mikanews.de\/wp-content\/uploads\/2018\/06\/2018_06_29_MRC_Meiningen_Truggy_DM_3-150x150.jpg\" class=\"attachment-thumbnail size-thumbnail\" alt=\"\" \/><\/a>\n\t\t\t<\/div><\/figure>\n\t\t<\/div>\n\n<p>Der Samstag begann mit der Fahrerbesprechung vor den Vorl\u00e4ufen, welche in f\u00fcnf Durchg\u00e4ngen gefahren werden. Die Rangliste wird f\u00fcr den Finaleinteilung herangezogen und die Rennleitung gibt die Finaleinteilung f\u00fcr den Sonntag bekannt. Danach folgen die aufsteigenden Finale bis am Ende die Sieger feststehen.<\/p>\n<p>Die Stimmung ist entspannt, das Wetter super (warm und leicht windig) und f\u00fcr heute hat der Verein extra einen auf BBQ spezialisierten Caterer engagiert. Auf der Strecke geht es hei\u00df her. Die Fahrzeuge werden auf der unebenen und steinigen Strecke ganz sch\u00f6n beansprucht. Das ist halt Offroad.<\/p>\n<hr \/>\n<p><a href=\"https:\/\/mikanews.de\/wp-content\/uploads\/2018\/06\/2018_06_29_MRC_Meiningen_Truggy_DM_39.jpg\" rel=\"lightbox[174280]\"><img loading=\"lazy\" decoding=\"async\" class=\"aligncenter size-medium wp-image-174581\" src=\"https:\/\/mikanews.de\/wp-content\/uploads\/2018\/06\/2018_06_29_MRC_Meiningen_Truggy_DM_39-300x169.jpg\" alt=\"\" width=\"300\" height=\"169\" srcset=\"https:\/\/mikanews.de\/wp-content\/uploads\/2018\/06\/2018_06_29_MRC_Meiningen_Truggy_DM_39-300x169.jpg 300w, https:\/\/mikanews.de\/wp-content\/uploads\/2018\/06\/2018_06_29_MRC_Meiningen_Truggy_DM_39.jpg 850w\" sizes=\"auto, (max-width: 300px) 100vw, 300px\" \/><\/a><\/p>\n<hr \/>\n<p>Die Vorl\u00e4ufe zur diesj\u00e4hrigen Deutschen Meisterschaft Truggy beim MRC Meiningen e. V. wurden mit dem f\u00fcnften und letzten Vorlauf am Sonntagmorgen beendet . Berkan Kilic konnte sich noch auf Startplatz 2 hinter seinen Bruder Burak und vor Tom Sommer, Ronny Schiffner und Johannes Klett in der Klasse ORT8 schieben. Andreas Ruepp behielt Startplatz 1 in Elo .<\/p>\n<hr \/>\n<p><a href=\"https:\/\/mikanews.de\/wp-content\/uploads\/2018\/06\/2018_06_29_MRC_Meiningen_Truggy_DM_48-1.jpg\" rel=\"lightbox[174280]\"><img loading=\"lazy\" decoding=\"async\" class=\"aligncenter size-medium wp-image-174616\" src=\"https:\/\/mikanews.de\/wp-content\/uploads\/2018\/06\/2018_06_29_MRC_Meiningen_Truggy_DM_48-1-179x300.jpg\" alt=\"\" width=\"179\" height=\"300\" srcset=\"https:\/\/mikanews.de\/wp-content\/uploads\/2018\/06\/2018_06_29_MRC_Meiningen_Truggy_DM_48-1-179x300.jpg 179w, https:\/\/mikanews.de\/wp-content\/uploads\/2018\/06\/2018_06_29_MRC_Meiningen_Truggy_DM_48-1.jpg 506w\" sizes=\"auto, (max-width: 179px) 100vw, 179px\" \/><\/a><\/p>\n<hr \/>\n<p>Interessant wird es werden\u00a0 Mit Dirk Kirchwehm, Stev Krause, Guido Erler und Damiano Muscella lauert starke Konkurrenz um den deutschen Meistertitel. In der Elo-Klasse wird Stev Krause nicht kampflos den Titel an Andreas Ruepp abgegeben. Wer wei\u00df, wer am Ende siegreich sein wird. Es blieb abzuwarten.<\/p>\n<h6>Die Vorlaufergebnis:<\/h6>\n<p>Stand nach dem letzter Vorlauf, Finaleinteilung und Zeitplan:<\/p>\n<hr \/>\n\n<hr \/>\n\n<hr \/>\n<p>Die ersten Entscheidungen sind gefallen\u00a0 Stev Krause ist neuer deutscher Juniorenmeister ORT. Gleich danach machte es ihm Dirk Kirchwehm in der Klasse ORT 40+ nach. Gl\u00fcckwunsch an die beiden.<\/p>\n<h6>Endergebnis ORT<\/h6>\n<ol>\n<li>Burak Kilic &#8211; <a href=\"https:\/\/mikanews.de\/2018\/07\/01\/chassisfokus-agama-a215t-burak-kilic\/\" target=\"_blank\" rel=\"noopener noreferrer\">Agama<\/a><\/li>\n<li>Berkan Kilic &#8211; <a href=\"https:\/\/mikanews.de\/2018\/07\/01\/chassisfokus-agama-a215t-burak-kilic\/\" target=\"_blank\" rel=\"noopener noreferrer\">Agama<\/a><\/li>\n<li>Johannes Klett &#8211; <a href=\"https:\/\/mikanews.de\/2017\/10\/06\/chassisfokus-mugen-mbx-7t-johannes-klett\/\" target=\"_blank\" rel=\"noopener noreferrer\">Mugen<\/a><\/li>\n<li>Ronny Schiffner &#8211; <a href=\"https:\/\/mikanews.de\/2016\/05\/29\/chassisfokus-team-losi-racing-tlr-8ight-4-0-team-losi-racing-tlr-8ight-t-4-0-steven-sattler\/\" target=\"_blank\" rel=\"noopener noreferrer\">TLR<\/a><\/li>\n<li>Tom Sommer- <a href=\"https:\/\/mikanews.de\/2017\/10\/06\/chassisfokus-mugen-mbx-7t-johannes-klett\/\" target=\"_blank\" rel=\"noopener noreferrer\">Mugen<\/a><\/li>\n<li>Dirk Kirchwehm- <a href=\"https:\/\/mikanews.de\/2017\/10\/06\/chassisfokus-mugen-mbx-7t-johannes-klett\/\" target=\"_blank\" rel=\"noopener noreferrer\">Mugen<\/a><\/li>\n<li>Stev Krause &#8211; Kyosho<\/li>\n<li>Niklas Bannach<\/li>\n<li>Thomas Lucas<\/li>\n<li>Sophie M\u00fcller &#8211; <a href=\"https:\/\/mikanews.de\/2018\/07\/01\/chassisfokus-agama-a215t-burak-kilic\/\" target=\"_blank\" rel=\"noopener noreferrer\">Agama<\/a><\/li>\n<\/ol>\n<p><a href=\"https:\/\/mikanews.de\/wp-content\/uploads\/2018\/06\/2018_06_29_MRC_Meiningen_Truggy_DM_52-1.jpg\" rel=\"lightbox[174280]\"><img loading=\"lazy\" decoding=\"async\" class=\"aligncenter size-medium wp-image-174757\" src=\"https:\/\/mikanews.de\/wp-content\/uploads\/2018\/06\/2018_06_29_MRC_Meiningen_Truggy_DM_52-1-300x225.jpg\" alt=\"\" width=\"300\" height=\"225\" srcset=\"https:\/\/mikanews.de\/wp-content\/uploads\/2018\/06\/2018_06_29_MRC_Meiningen_Truggy_DM_52-1-300x225.jpg 300w, https:\/\/mikanews.de\/wp-content\/uploads\/2018\/06\/2018_06_29_MRC_Meiningen_Truggy_DM_52-1.jpg 850w\" sizes=\"auto, (max-width: 300px) 100vw, 300px\" \/><\/a> <a href=\"https:\/\/mikanews.de\/wp-content\/uploads\/2018\/06\/2018_06_29_MRC_Meiningen_Truggy_DM_53-1.jpg\" rel=\"lightbox[174280]\"><img loading=\"lazy\" decoding=\"async\" class=\"aligncenter size-medium wp-image-174758\" src=\"https:\/\/mikanews.de\/wp-content\/uploads\/2018\/06\/2018_06_29_MRC_Meiningen_Truggy_DM_53-1-300x225.jpg\" alt=\"\" width=\"300\" height=\"225\" srcset=\"https:\/\/mikanews.de\/wp-content\/uploads\/2018\/06\/2018_06_29_MRC_Meiningen_Truggy_DM_53-1-300x225.jpg 300w, https:\/\/mikanews.de\/wp-content\/uploads\/2018\/06\/2018_06_29_MRC_Meiningen_Truggy_DM_53-1.jpg 850w\" sizes=\"auto, (max-width: 300px) 100vw, 300px\" \/><\/a><\/p>\n<hr \/>\n<h6>Endergebnis ORET<\/h6>\n<ol>\n<li>Johannes Wagner<\/li>\n<li>Stev Krause &#8211; Kyosho<\/li>\n<li>Udo Oehler<\/li>\n<li>Andreas Ruepp<\/li>\n<li>Markus Fischer<\/li>\n<li>Lukas Krappmann<\/li>\n<\/ol>\n<h6>Die Ergebnisse der Finale:<\/h6>\n<hr \/>\n\n<hr \/>\n<p><a href=\"https:\/\/mikanews.de\/wp-content\/uploads\/2016\/08\/Strecke_Meiningen_offroad_0001.jpg\" rel=\"lightbox[174280]\"><img loading=\"lazy\" decoding=\"async\" class=\"aligncenter wp-image-62386 size-medium\" src=\"https:\/\/mikanews.de\/wp-content\/uploads\/2016\/08\/Strecke_Meiningen_offroad_0001-300x169.jpg\" alt=\"\" width=\"300\" height=\"169\" srcset=\"https:\/\/mikanews.de\/wp-content\/uploads\/2016\/08\/Strecke_Meiningen_offroad_0001-300x169.jpg 300w, https:\/\/mikanews.de\/wp-content\/uploads\/2016\/08\/Strecke_Meiningen_offroad_0001.jpg 850w\" sizes=\"auto, (max-width: 300px) 100vw, 300px\" \/><\/a><a href=\"https:\/\/mikanews.de\/wp-content\/uploads\/2016\/08\/Strecke_Meiningen_offroad_0004.jpg\" rel=\"lightbox[174280]\"><img loading=\"lazy\" decoding=\"async\" class=\"aligncenter wp-image-62384 size-medium\" src=\"https:\/\/mikanews.de\/wp-content\/uploads\/2016\/08\/Strecke_Meiningen_offroad_0004-300x173.jpg\" alt=\"\" width=\"300\" height=\"173\" srcset=\"https:\/\/mikanews.de\/wp-content\/uploads\/2016\/08\/Strecke_Meiningen_offroad_0004-300x173.jpg 300w, https:\/\/mikanews.de\/wp-content\/uploads\/2016\/08\/Strecke_Meiningen_offroad_0004.jpg 850w\" sizes=\"auto, (max-width: 300px) 100vw, 300px\" \/><\/a><a href=\"https:\/\/mikanews.de\/wp-content\/uploads\/2016\/08\/Strecke_Meiningen_offroad_0002.jpg\" rel=\"lightbox[174280]\"><img loading=\"lazy\" decoding=\"async\" class=\"aligncenter wp-image-62382 size-medium\" src=\"https:\/\/mikanews.de\/wp-content\/uploads\/2016\/08\/Strecke_Meiningen_offroad_0002-300x174.jpg\" alt=\"\" width=\"300\" height=\"174\" srcset=\"https:\/\/mikanews.de\/wp-content\/uploads\/2016\/08\/Strecke_Meiningen_offroad_0002-300x174.jpg 300w, https:\/\/mikanews.de\/wp-content\/uploads\/2016\/08\/Strecke_Meiningen_offroad_0002.jpg 850w\" sizes=\"auto, (max-width: 300px) 100vw, 300px\" \/><\/a><\/p>\n<hr \/>\n<p>Es erwartet euch eine ca. 250 Meter lange Strecke mit Naturboden, Pflaster und Gummimatten als Untergrund, die eine Breite von 3,5 Metern hat. In das Streckenlayout sind diverse Hindernisse, wie \u00dcberecktable, Stufensprung, gro\u00dfer Table, abfallende Pflasterkurve, Dreier Kombination, schr\u00e4g abfallende Kurve und ein gro\u00dfer Sprung eingebunden. Die Fahrtrichtung ist gegen den Uhrzeigersinn.<\/p>\n<h6>Die Eckdaten im \u00dcberblick:<\/h6>\n<p>1) \u00dcberecktable<br \/>\n2) Stufensprung<br \/>\n3) gro\u00dfer Table<br \/>\n4) abfallende Pflasterkurve<br \/>\n5) Dreier Kombination<br \/>\n6.)schr\u00e4g Abfallende Kurve<br \/>\n7.) gro\u00dfer Sprung<br \/>\nFahrtrichtung: entgegen dem Uhrzeigersinn<br \/>\nStreckenl\u00e4nge: ca. 250m<br \/>\nStreckenbreite: 3,5m<br \/>\nStreckenbelag: Naturboden + teilw. Pflaster, Gummimatten<\/p>\n<p>Danke an Steffen K\u00fchn und Frank Heydenreich f\u00fcr die Bilder.<\/p>\n<p><strong>Verein:<\/strong>\u00a0\u00a0<a href=\"http:\/\/www.mrc-meiningen.com\/\" target=\"_blank\" rel=\"noopener noreferrer\">MRC-Meiningen<\/a><\/p>\n\n<h5>Weitere Links<\/h5>\n<p>https:\/\/mikanews.de\/2018\/07\/01\/chassisfokus-agama-a215t-burak-kilic\/<\/p>\n<blockquote class=\"wp-embedded-content\" style=\"display: none;\" data-secret=\"dwllacUQLV\"><p><a href=\"https:\/\/mikanews.de\/2018\/01\/05\/deutsche-meisterschaft-ort-oret-beim-mrc-leipzig-e-v-bilder-teil-1\/\">Deutsche Meisterschaft ORT \/ ORET beim MRC-Leipzig e.V. \u2013 Bilder Teil 1<\/a><\/p><\/blockquote>\n<p><iframe loading=\"lazy\" class=\"wp-embedded-content\" title=\"\u201eDeutsche Meisterschaft ORT \/ ORET beim MRC-Leipzig e.V. \u2013 Bilder Teil 1\u201c \u2014 mikanews.de\" src=\"https:\/\/mikanews.de\/2018\/01\/05\/deutsche-meisterschaft-ort-oret-beim-mrc-leipzig-e-v-bilder-teil-1\/embed\/#?secret=dwllacUQLV\" width=\"474\" height=\"267\" frameborder=\"0\" marginwidth=\"0\" marginheight=\"0\" scrolling=\"no\" sandbox=\"allow-scripts\" data-secret=\"dwllacUQLV\" data-mce-fragment=\"1\"><\/iframe><\/p>\n<blockquote class=\"wp-embedded-content\" style=\"display: none;\" data-secret=\"p0E4zCmgHP\"><p><a href=\"https:\/\/mikanews.de\/2017\/07\/02\/deutsche-meisterschaft-ort-oret-beim-mrc-leipzig-e-v-finaltag\/\">Deutsche Meisterschaft ORT \/ ORET beim MRC-Leipzig e.V. \u2013 Finaltag<\/a><\/p><\/blockquote>\n<p><iframe loading=\"lazy\" class=\"wp-embedded-content\" title=\"\u201eDeutsche Meisterschaft ORT \/ ORET beim MRC-Leipzig e.V. \u2013 Finaltag\u201c \u2014 mikanews.de\" src=\"https:\/\/mikanews.de\/2017\/07\/02\/deutsche-meisterschaft-ort-oret-beim-mrc-leipzig-e-v-finaltag\/embed\/#?secret=p0E4zCmgHP\" width=\"474\" height=\"267\" frameborder=\"0\" marginwidth=\"0\" marginheight=\"0\" scrolling=\"no\" sandbox=\"allow-scripts\" data-secret=\"p0E4zCmgHP\" data-mce-fragment=\"1\"><\/iframe><\/p>\n<blockquote class=\"wp-embedded-content\" style=\"display: none;\" data-secret=\"9pKSBlnEoD\"><p><a href=\"https:\/\/mikanews.de\/2016\/08\/28\/deutsche-meisterschaft-or8-beim-mrc-meiningen-e-v-finaltag\/\">DEUTSCHE MEISTERSCHAFT OR8 BEIM MRC-Meiningen e.V. \u2013 Die Sieger<\/a><\/p><\/blockquote>\n<p><iframe loading=\"lazy\" class=\"wp-embedded-content\" title=\"\u201eDEUTSCHE MEISTERSCHAFT OR8 BEIM MRC-Meiningen e.V. \u2013 Die Sieger\u201c \u2014 mikanews.de\" src=\"https:\/\/mikanews.de\/2016\/08\/28\/deutsche-meisterschaft-or8-beim-mrc-meiningen-e-v-finaltag\/embed\/#?secret=9pKSBlnEoD\" width=\"474\" height=\"267\" frameborder=\"0\" marginwidth=\"0\" marginheight=\"0\" scrolling=\"no\" sandbox=\"allow-scripts\" data-secret=\"9pKSBlnEoD\" data-mce-fragment=\"1\"><\/iframe><\/p>\n<blockquote class=\"wp-embedded-content\" style=\"display: none;\" data-secret=\"PVFqTiSodE\"><p><a href=\"https:\/\/mikanews.de\/2018\/02\/26\/deutsche-meisterschaft-ore8b-im-czypu-drom-bilder\/\">Deutsche Meisterschaft ORE8B im Czypu-Drom \u2013 Bilder<\/a><\/p><\/blockquote>\n<p><iframe loading=\"lazy\" class=\"wp-embedded-content\" title=\"\u201eDeutsche Meisterschaft ORE8B im Czypu-Drom \u2013 Bilder\u201c \u2014 mikanews.de\" src=\"https:\/\/mikanews.de\/2018\/02\/26\/deutsche-meisterschaft-ore8b-im-czypu-drom-bilder\/embed\/#?secret=PVFqTiSodE\" width=\"474\" height=\"267\" frameborder=\"0\" marginwidth=\"0\" marginheight=\"0\" scrolling=\"no\" sandbox=\"allow-scripts\" data-secret=\"PVFqTiSodE\" data-mce-fragment=\"1\"><\/iframe><\/p>\n<blockquote class=\"wp-embedded-content\" style=\"display: none;\" data-secret=\"5uKB3N3epx\"><p><a href=\"https:\/\/mikanews.de\/2018\/01\/12\/2-lauf-zur-deutschen-meisterschaft-or8-beim-big-hamburg-e-v-bilder-teil-2\/\">2.Lauf zur Deutschen Meisterschaft OR8 beim BIG-Hamburg e.V. \u2013 Bilder Teil 2<\/a><\/p><\/blockquote>\n<p><iframe loading=\"lazy\" class=\"wp-embedded-content\" title=\"\u201e2.Lauf zur Deutschen Meisterschaft OR8 beim BIG-Hamburg e.V. \u2013 Bilder Teil 2\u201c \u2014 mikanews.de\" src=\"https:\/\/mikanews.de\/2018\/01\/12\/2-lauf-zur-deutschen-meisterschaft-or8-beim-big-hamburg-e-v-bilder-teil-2\/embed\/#?secret=5uKB3N3epx\" width=\"474\" height=\"267\" frameborder=\"0\" marginwidth=\"0\" marginheight=\"0\" scrolling=\"no\" sandbox=\"allow-scripts\" data-secret=\"5uKB3N3epx\" data-mce-fragment=\"1\"><\/iframe><\/p>\n<p>#mikanews<\/p>\n","protected":false},"excerpt":{"rendered":"<p>Freitag den 29.06.2018 startete die diesj\u00e4hrige Deutsche Meisterschaft Truggy in den Klassen ORET und ORT<\/p>\n","protected":false},"author":1,"featured_media":171274,"comment_status":"closed","ping_status":"closed","sticky":false,"template":"","format":"standard","meta":{"ngg_post_thumbnail":0,"_jetpack_memberships_contains_paid_content":false,"footnotes":"","jetpack_publicize_message":"","jetpack_publicize_feature_enabled":true,"jetpack_social_post_already_shared":true,"jetpack_social_options":{"image_generator_settings":{"template":"highway","default_image_id":0,"font":"","enabled":false},"version":2}},"categories":[3],"tags":[1792],"class_list":["post-174280","post","type-post","status-publish","format-standard","has-post-thumbnail","hentry","category-rennberichte","tag-rc"],"jetpack_publicize_connections":[],"jetpack_featured_media_url":"https:\/\/mikanews.de\/wp-content\/uploads\/2018\/06\/Titelbild-MRC-Meiningen-Truggy.jpg","jetpack_sharing_enabled":true,"jetpack_shortlink":"https:\/\/wp.me\/p6wBBU-JkY","_links":{"self":[{"href":"https:\/\/mikanews.de\/index.php?rest_route=\/wp\/v2\/posts\/174280","targetHints":{"allow":["GET"]}}],"collection":[{"href":"https:\/\/mikanews.de\/index.php?rest_route=\/wp\/v2\/posts"}],"about":[{"href":"https:\/\/mikanews.de\/index.php?rest_route=\/wp\/v2\/types\/post"}],"author":[{"embeddable":true,"href":"https:\/\/mikanews.de\/index.php?rest_route=\/wp\/v2\/users\/1"}],"replies":[{"embeddable":true,"href":"https:\/\/mikanews.de\/index.php?rest_route=%2Fwp%2Fv2%2Fcomments&post=174280"}],"version-history":[{"count":17,"href":"https:\/\/mikanews.de\/index.php?rest_route=\/wp\/v2\/posts\/174280\/revisions"}],"predecessor-version":[{"id":175057,"href":"https:\/\/mikanews.de\/index.php?rest_route=\/wp\/v2\/posts\/174280\/revisions\/175057"}],"wp:featuredmedia":[{"embeddable":true,"href":"https:\/\/mikanews.de\/index.php?rest_route=\/wp\/v2\/media\/171274"}],"wp:attachment":[{"href":"https:\/\/mikanews.de\/index.php?rest_route=%2Fwp%2Fv2%2Fmedia&parent=174280"}],"wp:term":[{"taxonomy":"category","embeddable":true,"href":"https:\/\/mikanews.de\/index.php?rest_route=%2Fwp%2Fv2%2Fcategories&post=174280"},{"taxonomy":"post_tag","embeddable":true,"href":"https:\/\/mikanews.de\/index.php?rest_route=%2Fwp%2Fv2%2Ftags&post=174280"}],"curies":[{"name":"wp","href":"https:\/\/api.w.org\/{rel}","templated":true}]}}