{"id":174365,"date":"2018-06-30T01:56:54","date_gmt":"2018-06-29T23:56:54","guid":{"rendered":"http:\/\/mikanews.de\/?p=174365"},"modified":"2018-06-30T16:24:33","modified_gmt":"2018-06-30T14:24:33","slug":"efra-110-elektro-2018-die-vorlaeufe","status":"publish","type":"post","link":"https:\/\/mikanews.de\/?p=174365","title":{"rendered":"EFRA 1\/10 Elektro 2018 &#8211; Das Rennen"},"content":{"rendered":"<p>Die EFRA Europameisterschaft 2018 beim 1.MRC Wiener Neustadt ist entschieden. Nach den ersten beiden Finals konnten mit jeweils zwei blitzsauberen Start-Ziel-Siegen die beiden deutsche Piloten <!--more-->Ronald V\u00f6lker und Jan Ratheisky ihre Titel aus dem Vorjahr erfolgreich verteidigen. In der Klasse Stock wurde die Entscheidung nach dem Sieg von Max M\u00e4chler und Jan Ratheisky, der das zweiten Finale in der buchst\u00e4blich letzten Runden entschied, vertagt. Im letzten Finale ert\u00f6nte das Startsignal und alle reihten sich hintereinander ein. Die Vorentscheidung fiel in Runde 2, als Jan die Infinity-Kurve zu eng nahm und abflog. Diese Chance lies sich Max nicht nehmen. In der Gesamtwertung konnte er den EFRA Europameisterschaftstitel TC Spec erringen. Drei Klassen, drei deutsche Fahrer ganz oben. Was f\u00fcr eine tolle Leistung. Gl\u00fcckwunsch an die Pokalgewinner.<\/p>\n<hr \/>\n<div id='gallery-1' class='gallery galleryid-174365 gallery-columns-3 gallery-size-thumbnail'><figure class='gallery-item'>\n\t\t\t<div class='gallery-icon portrait'>\n\t\t\t\t<a href='https:\/\/mikanews.de\/wp-content\/uploads\/2018\/06\/Ronald-V\u00f6lker.jpg' rel=\"lightbox[174365]\"><img loading=\"lazy\" decoding=\"async\" width=\"150\" height=\"150\" src=\"https:\/\/mikanews.de\/wp-content\/uploads\/2018\/06\/Ronald-V\u00f6lker-150x150.jpg\" class=\"attachment-thumbnail size-thumbnail\" alt=\"\" \/><\/a>\n\t\t\t<\/div><\/figure><figure class='gallery-item'>\n\t\t\t<div class='gallery-icon portrait'>\n\t\t\t\t<a href='https:\/\/mikanews.de\/wp-content\/uploads\/2018\/06\/Jan-Ratheisky.jpg' rel=\"lightbox[174365]\"><img loading=\"lazy\" decoding=\"async\" width=\"150\" height=\"150\" src=\"https:\/\/mikanews.de\/wp-content\/uploads\/2018\/06\/Jan-Ratheisky-150x150.jpg\" class=\"attachment-thumbnail size-thumbnail\" alt=\"\" \/><\/a>\n\t\t\t<\/div><\/figure><figure class='gallery-item'>\n\t\t\t<div class='gallery-icon landscape'>\n\t\t\t\t<a href='https:\/\/mikanews.de\/wp-content\/uploads\/2018\/06\/Titelbild_EFRA_Europameisterschaft_Wiener-Neustadt.jpg' rel=\"lightbox[174365]\"><img loading=\"lazy\" decoding=\"async\" width=\"150\" height=\"150\" src=\"https:\/\/mikanews.de\/wp-content\/uploads\/2018\/06\/Titelbild_EFRA_Europameisterschaft_Wiener-Neustadt-150x150.jpg\" class=\"attachment-thumbnail size-thumbnail\" alt=\"\" \/><\/a>\n\t\t\t<\/div><\/figure>\n\t\t<\/div>\n\n<hr \/>\n<h6>Wie es dazu kam, k\u00f6nnt ihr hier sehen. RC Racing TV war vor Ort und hat das Rennen mitverfolgt.<\/h6>\n<p><iframe loading=\"lazy\" src=\"https:\/\/www.youtube-nocookie.com\/embed\/BR_MzZspLxY\" width=\"560\" height=\"315\" frameborder=\"0\" allowfullscreen=\"allowfullscreen\"><\/iframe><\/p>\n<hr \/>\n<h6>R\u00fcckblick<\/h6>\n<p>Regen war am Vorlauftag zum Gl\u00fcck Fehlanzeige!<\/p>\n<p>Max M\u00e4chler demonstrierte von Beginn an seine gute Form und war hochmotiviert. Im ersten Vorlauf verwies er Martin Hofer mit 4 Sekunden Vorsprung auf Platz 2. dann war er im einem zweiten Lauf um 0,5 Sekunden vor Jan Ratheisky und untermauerte seine gute Performance, um sich am Samstag eine Position in der ersten Startreihe f\u00fcr die Finale zu sichern. Ein Fehler von Max nutzte Olivier Bultynck f\u00fcr einen Laufsieg aus, bevor Jan Ratheisky im Vorlauf 4 endlich in schwung kam. Der letzte Vorlauf musste entscheiden. In einer spannenden Finalrunde sicherte sich Max den Sieg vor Jan mit einer Zehntelsekunde und behielt den besten Startplatz f\u00fcr sich vor Jan und Olivier.<\/p>\n<hr \/>\n<p><a href=\"https:\/\/mikanews.de\/wp-content\/uploads\/2018\/06\/Max-M\u00e4chler_1.jpg\" rel=\"lightbox[174365]\"><img loading=\"lazy\" decoding=\"async\" class=\"aligncenter size-medium wp-image-174366\" src=\"https:\/\/mikanews.de\/wp-content\/uploads\/2018\/06\/Max-M\u00e4chler_1-200x300.jpg\" alt=\"\" width=\"200\" height=\"300\" srcset=\"https:\/\/mikanews.de\/wp-content\/uploads\/2018\/06\/Max-M\u00e4chler_1-200x300.jpg 200w, https:\/\/mikanews.de\/wp-content\/uploads\/2018\/06\/Max-M\u00e4chler_1.jpg 567w\" sizes=\"auto, (max-width: 200px) 100vw, 200px\" \/><\/a><\/p>\n<hr \/>\n<h6>Formel Eins<\/h6>\n<p>Jan Ratheisky und Olivier Bultynck setzten ihren Kampf wie in TC Stock in dieser Klasse fort. Beide waren schneller als der Rest des Feldes. Olivier hatte zun\u00e4chst das etwas schnellere Auto \u00fcber eine Runde, aber er fuhr etwas agressiver als Jan. Kleine Fehler von Olivier erlaubten Jan, alle f\u00fcnf Vorl\u00e4ufe zu gewinnen und als TQ ins Finale zu starten. Olivier musste sich mit Startplatz 2 begn\u00fcgen vor Martin Hudy auf Rang 3.<\/p>\n<hr \/>\n<h6><a href=\"https:\/\/mikanews.de\/wp-content\/uploads\/2018\/06\/Jan-Ratheisky.jpg\" rel=\"lightbox[174365]\"><img loading=\"lazy\" decoding=\"async\" class=\"aligncenter size-medium wp-image-174370\" src=\"https:\/\/mikanews.de\/wp-content\/uploads\/2018\/06\/Jan-Ratheisky-225x300.jpg\" alt=\"\" width=\"225\" height=\"300\" srcset=\"https:\/\/mikanews.de\/wp-content\/uploads\/2018\/06\/Jan-Ratheisky-225x300.jpg 225w, https:\/\/mikanews.de\/wp-content\/uploads\/2018\/06\/Jan-Ratheisky.jpg 638w\" sizes=\"auto, (max-width: 225px) 100vw, 225px\" \/><\/a><\/h6>\n<hr \/>\n<h6>TC Modified<\/h6>\n<p>Nachdem der erste Vorlauf am Donnerstagabend abgesagt worden war, kam es am fr\u00fchen Morgen zu einer Entscheidung der Teamchefs, die Runden 2 bis 5 der Klasse Modified zu starten und danach am Abend den letzten Vorlauf.<\/p>\n<p>Ein Windsto\u00df traf Bruno Coelho in der ersten Runde des ersten Vorlaufes unversehens, was dazu f\u00fchrte, dass er sein Auto ins Gras fuhr und das Feld an ihm vorbeirauschte. Dies erm\u00f6glichte Alexander Hagberg, den ersten Vorlauf vor Victor Wilck und Ronald V\u00f6lker zu gewinnen. Ronald, der noch amtierende Welt- und Europameister holte knapp mit einer Sekunde Vorsprung vor Bruno den Sieg in Vorlauf 3, bevor im vierten Vorlauf Bruno den Spie\u00df umdrehte. Nach dem letzten Vorlauf behielt Ronald seine F\u00fchrung vor nun Alexander Hagberg, der seinen Teamkollegen Bruno auf Rang 3 verwies. Klasse, drei deutsche Fahrer auf TQ.<\/p>\n<hr \/>\n<p><a href=\"https:\/\/mikanews.de\/wp-content\/uploads\/2018\/06\/Ronald-V\u00f6lker.jpg\" rel=\"lightbox[174365]\"><img loading=\"lazy\" decoding=\"async\" class=\"aligncenter size-medium wp-image-174371\" src=\"https:\/\/mikanews.de\/wp-content\/uploads\/2018\/06\/Ronald-V\u00f6lker-200x300.jpg\" alt=\"\" width=\"200\" height=\"300\" srcset=\"https:\/\/mikanews.de\/wp-content\/uploads\/2018\/06\/Ronald-V\u00f6lker-200x300.jpg 200w, https:\/\/mikanews.de\/wp-content\/uploads\/2018\/06\/Ronald-V\u00f6lker.jpg 567w\" sizes=\"auto, (max-width: 200px) 100vw, 200px\" \/><\/a><\/p>\n<hr \/>\n<p>Zum Onlinestream: <a href=\"http:\/\/www.myrcm.ch\/myrcm\/main?pLa=en&amp;pSr=1&amp;hId[1]=evt&amp;dId[E]=40699\" target=\"_blank\" rel=\"noopener noreferrer\">\u2013Hier klicken\u2013<\/a><\/p>\n<p><strong>Zu den Ergebnissen der einzelnen Klassen:<\/strong> <a href=\"http:\/\/www.myrcm.ch\/myrcm\/main?pLa=de&amp;hId[1]=evt&amp;dId[E]=32962\" target=\"_blank\" rel=\"noopener noreferrer\">\u2013Hier klicken\u2013<\/a><\/p>\n<h6>TC Modified \u2013 Stand nach den Vorl\u00e4ufen<\/h6>\n<ol>\n<li>Ronald\u00a0V\u00f6lker \u2013 <a href=\"https:\/\/mikanews.de\/2017\/10\/25\/yokomo-bd8-2018-mit-aluminiumchassis\/\" target=\"_blank\" rel=\"noopener noreferrer\">Yokomo<\/a><\/li>\n<li>Alexander\u00a0Hagberg \u2013 <a href=\"https:\/\/mikanews.de\/2017\/09\/15\/xray-t4-2018-release\/\" target=\"_blank\" rel=\"noopener noreferrer\">Xray<\/a><\/li>\n<li>Bruno\u00a0Coelho \u2013 <a href=\"https:\/\/mikanews.de\/2017\/09\/15\/xray-t4-2018-release\/\" target=\"_blank\" rel=\"noopener noreferrer\">Xray<\/a><\/li>\n<li>Viktor\u00a0Wilck \u2013 <a href=\"https:\/\/mikanews.de\/2017\/02\/21\/chassisfokus-serpent-project-4x-marvin-gutting\/\" target=\"_blank\" rel=\"noopener noreferrer\">Serpent<\/a><\/li>\n<li><a href=\"https:\/\/mikanews.de\/2018\/05\/30\/chassisfokus-infinity-if14-marc-rheinard\/\" target=\"_blank\" rel=\"noopener noreferrer\">Marc Rheinard \u2013 Infinity<\/a><\/li>\n<li>Frederik\u00a0S\u00fcdhoff \u2013 <a href=\"https:\/\/mikanews.de\/2018\/06\/22\/awesomatix-mmcx-mittelmotor-umruestsatz\/\" target=\"_blank\" rel=\"noopener noreferrer\">Awesomatix<\/a><\/li>\n<li>Yannic\u00a0Pruemper<\/li>\n<li>Christopher\u00a0Krapp \u2013 <a href=\"https:\/\/mikanews.de\/2017\/10\/25\/yokomo-bd8-2018-mit-aluminiumchassis\/\" target=\"_blank\" rel=\"noopener noreferrer\">Yokomo<\/a><\/li>\n<li>Elliott\u00a0Harper \u2013 <a href=\"https:\/\/mikanews.de\/2017\/01\/30\/mi6evo-pro-touring-kit-von-schumacher-racing\/\" target=\"_blank\" rel=\"noopener noreferrer\">Schumacher<\/a><\/li>\n<li>Lucas\u00a0Urbain \u2013 <a href=\"https:\/\/mikanews.de\/2018\/06\/22\/awesomatix-mmcx-mittelmotor-umruestsatz\/\" target=\"_blank\" rel=\"noopener noreferrer\">Awesomatix<\/a><\/li>\n<li>Alessio\u00a0Menicucci<\/li>\n<li>Patrick\u00a0Gollner<\/li>\n<\/ol>\n<h6>TC Stock<\/h6>\n<ol>\n<li>Max\u00a0M\u00e4chler \u2013 <a href=\"https:\/\/mikanews.de\/2018\/06\/22\/awesomatix-mmcx-mittelmotor-umruestsatz\/\" target=\"_blank\" rel=\"noopener noreferrer\">Awesomatix<\/a><\/li>\n<li>Jan Ratheisky \u2013 <a href=\"https:\/\/mikanews.de\/2017\/09\/15\/xray-t4-2018-release\/\" target=\"_blank\" rel=\"noopener noreferrer\">Xray<\/a><\/li>\n<li>Olivier\u00a0Bultynck<\/li>\n<li>Oliver\u00a0Havr\u00e1nek<\/li>\n<li>Martin\u00a0Hofer<\/li>\n<li>Daniel\u00a0Wohlgemuth<\/li>\n<li>J\u00e9r\u00e9my\u00a0Delalondre<\/li>\n<li>Alexander\u00a0Stocker<\/li>\n<li>Briac\u00a0Berthoud<\/li>\n<li>Alexander\u00a0Mayer<\/li>\n<\/ol>\n<h6>F1<\/h6>\n<ol>\n<li><a href=\"https:\/\/mikanews.de\/2017\/12\/29\/jan-ratheisky-weiter-bei-xray\/\" target=\"_blank\" rel=\"noopener noreferrer\">Jan\u00a0Ratheisky<\/a> \u2013 <a href=\"https:\/\/mikanews.de\/2017\/10\/23\/xray-x12018-vorstellung-am-24-10-2017\/\" target=\"_blank\" rel=\"noopener noreferrer\">Xray<\/a><\/li>\n<li>Olivier\u00a0Bultynck<\/li>\n<li>Martin\u00a0Hudy \u2013 <a href=\"https:\/\/mikanews.de\/2017\/10\/23\/xray-x12018-vorstellung-am-24-10-2017\/\" target=\"_blank\" rel=\"noopener noreferrer\">Xray<\/a><\/li>\n<li>Thomas\u00a0Dvorszky<\/li>\n<li>Herbert Weber \u2013 <a href=\"https:\/\/mikanews.de\/2017\/10\/23\/xray-x12018-vorstellung-am-24-10-2017\/\" target=\"_blank\" rel=\"noopener noreferrer\">Xray<\/a><\/li>\n<li>Manuel\u00a0Trinko<\/li>\n<li>Andreas\u00a0Stiebler<\/li>\n<li>Luke\u00a0Lee<\/li>\n<li>David\u00a0Ehrbar<\/li>\n<li>Philipp\u00a0Stadler<\/li>\n<\/ol>\n<p>Vor Ort berichtet RC Racing TV Live: <a href=\"http:\/\/www.rcracingtv.net\/\" target=\"_blank\" rel=\"noopener noreferrer\">\u2013RC Racing TV\u2013<\/a><\/p>\n<p><iframe loading=\"lazy\" src=\"https:\/\/www.youtube-nocookie.com\/embed\/WossLP7pJmA\" width=\"560\" height=\"315\" frameborder=\"0\" allowfullscreen=\"allowfullscreen\" data-mce-fragment=\"1\"><\/iframe><\/p>\n<hr \/>\n<h6>Englische Version<\/h6>\n<p>Rain stays away &#8211; for today!<\/p>\n<p>TC stock qualifying<\/p>\n<p>Max Machler demonstrated his intent from the outset, taking round one of qualifying by just over four seconds from Martin Hofer, then backed up that performance by taking round two by 0.5 seconds from Jan Ratheisky to guarantee himself a position on the front row for Saturday\u2019s A final. A mistake and retirement from Max in round three allowed Olivier Bultynck to take the round, before Jan took round four to set up a final round shootout for TQ between himself, Max and Olivier. A thrilling final round saw Max take the win by just over one tenth of a second from Jan to secure pole for the finals with Jan taking second on countback from Olivier.<\/p>\n<p>Formula One<\/p>\n<p>Jan Ratheisky and Olivier Bultynck resumed their battle from TC stock, these two drivers having a pace advantage over the rest of the field. Olivier looked to have the slightly faster car over a single lap initially, but his car looked a little harder to drive round the Wiener Neustadt Circuit than Jan\u2019s car. Small mistakes from Olivier allowed Jan to take all five rounds of qualifying to guarantee himself pole position for the finals, with Olivier having to settle for a front row start. Martin Hudy rounds out the top three having had a bit of a lonely day, driving away from the majority of the field while the top two pulled away from him.<\/p>\n<p>Modified TC<\/p>\n<p>With round one of modified qualifying having been rained off on Thursday evening, an early morning team managers meeting resulted in a decision to run rounds two to five of modified qualifying in their normal places, then the missing \u201cround one\u201d to be rerun at the end of Friday\u2019s action.<\/p>\n<p>A gust of wind caught Bruno Coelho unawares on lap one of the first run of the day, causing him to put his car on the grass at the top of the circuit and allowed the entire field to stream past. This allowed Alexander Hagberg to take the round from Victor Wilck and Ronald Volker. Ronald took round three from Bruno by a little less than a second, before also taking round four from Bruno again, this time by little over a tenth of a second. The two round wins from Ronald guaranteed him a front row start, but a win from Bruno in round five set up a shootout between him, Ronald and Alex in the round one rerun for the overall pole position. A fantastic drive from Alex saw him take the final round from Ronald, but Ronald\u2019s earlier efforts earned him the TQ position on countback, with Alex matching him on two round wins taking second on the grid and Bruno third.<\/p>\n<p>Quelle: <a href=\"http:\/\/www.rcracingtv.net\/\" target=\"_blank\" rel=\"noopener noreferrer\">RC Racing TV-<\/a>,\u00a0<a href=\"https:\/\/www.facebook.com\/EFRA-530130737059098\/\" target=\"_blank\" rel=\"noopener noreferrer\">EFRA<\/a>\u00a0und\u00a0<a href=\"http:\/\/www.myrcm.ch\/myrcm\/main?pLa=de&amp;hId[1]=evt&amp;dId[E]=32962\" target=\"_blank\" rel=\"noopener noreferrer\">MYRCM<\/a><\/p>\n\n<h5>Weitere Links<\/h5>\n<p><iframe loading=\"lazy\" class=\"wp-embedded-content\" title=\"\u201eChassisfokus Infinity IF14 \u2013 Marc Rheinard\u201c \u2014 mikanews.de\" src=\"https:\/\/mikanews.de\/2018\/05\/30\/chassisfokus-infinity-if14-marc-rheinard\/embed\/#?secret=SR1xPXRXBN\" width=\"474\" height=\"556\" frameborder=\"0\" marginwidth=\"0\" marginheight=\"0\" scrolling=\"no\" sandbox=\"allow-scripts\" data-secret=\"SR1xPXRXBN\" data-mce-fragment=\"1\"><\/iframe><\/p>\n<p><iframe loading=\"lazy\" class=\"wp-embedded-content\" title=\"\u201eAwesomatix MMCX \u2013 Mittelmotor-Umr\u00fcstsatz\u201c \u2014 mikanews.de\" src=\"https:\/\/mikanews.de\/2018\/06\/22\/awesomatix-mmcx-mittelmotor-umruestsatz\/embed\/#?secret=OHQG7gTPGV\" width=\"474\" height=\"564\" frameborder=\"0\" marginwidth=\"0\" marginheight=\"0\" scrolling=\"no\" sandbox=\"allow-scripts\" data-secret=\"OHQG7gTPGV\" data-mce-fragment=\"1\"><\/iframe><\/p>\n<p><iframe loading=\"lazy\" class=\"wp-embedded-content\" title=\"\u201eMi6evo Pro Touring Kit von Schumacher Racing\u201c \u2014 mikanews.de\" src=\"https:\/\/mikanews.de\/2017\/01\/30\/mi6evo-pro-touring-kit-von-schumacher-racing\/embed\/#?secret=9QSw0ylTeV\" width=\"474\" height=\"570\" frameborder=\"0\" marginwidth=\"0\" marginheight=\"0\" scrolling=\"no\" sandbox=\"allow-scripts\" data-secret=\"9QSw0ylTeV\" data-mce-fragment=\"1\"><\/iframe><\/p>\n<p><iframe loading=\"lazy\" class=\"wp-embedded-content\" title=\"\u201eChassisfokus ARC R11&#96;2018 \u2013 Lars Hoppe\u201c \u2014 mikanews.de\" src=\"https:\/\/mikanews.de\/2018\/01\/13\/chassisfokus-arc-r112018-lars-hoppe\/embed\/#?secret=MX5StnmeDR\" width=\"474\" height=\"535\" frameborder=\"0\" marginwidth=\"0\" marginheight=\"0\" scrolling=\"no\" sandbox=\"allow-scripts\" data-secret=\"MX5StnmeDR\" data-mce-fragment=\"1\"><\/iframe><\/p>\n<p><iframe loading=\"lazy\" class=\"wp-embedded-content\" title=\"\u201eChassisfokus Mugen MTC1 \u2013 Robert Pietsch\u201c \u2014 mikanews.de\" src=\"https:\/\/mikanews.de\/2017\/07\/28\/chassisfokus-mugen-mtc1-robert-pietsch\/embed\/#?secret=TEshooZqG4\" width=\"474\" height=\"564\" frameborder=\"0\" marginwidth=\"0\" marginheight=\"0\" scrolling=\"no\" sandbox=\"allow-scripts\" data-secret=\"TEshooZqG4\" data-mce-fragment=\"1\"><\/iframe><\/p>\n<p>#mikanews<\/p>\n","protected":false},"excerpt":{"rendered":"<p>Die EFRA Europameisterschaft 2018 beim 1.MRC Wiener Neustadt ist entschieden. Nach den ersten beiden Finals konnten mit jeweils zwei blitzsauberen Start-Ziel-Siegen die beiden deutsche Piloten<\/p>\n","protected":false},"author":1,"featured_media":174367,"comment_status":"closed","ping_status":"closed","sticky":false,"template":"","format":"standard","meta":{"ngg_post_thumbnail":0,"_jetpack_memberships_contains_paid_content":false,"footnotes":"","jetpack_publicize_message":"","jetpack_publicize_feature_enabled":true,"jetpack_social_post_already_shared":true,"jetpack_social_options":{"image_generator_settings":{"template":"highway","default_image_id":0,"font":"","enabled":false},"version":2}},"categories":[3],"tags":[797,1792],"class_list":["post-174365","post","type-post","status-publish","format-standard","has-post-thumbnail","hentry","category-rennberichte","tag-rcweb","tag-rc"],"jetpack_publicize_connections":[],"jetpack_featured_media_url":"https:\/\/mikanews.de\/wp-content\/uploads\/2018\/06\/Titelbild_EFRA_Europameisterschaft_Wiener-Neustadt.jpg","jetpack_sharing_enabled":true,"jetpack_shortlink":"https:\/\/wp.me\/p6wBBU-Jml","_links":{"self":[{"href":"https:\/\/mikanews.de\/index.php?rest_route=\/wp\/v2\/posts\/174365","targetHints":{"allow":["GET"]}}],"collection":[{"href":"https:\/\/mikanews.de\/index.php?rest_route=\/wp\/v2\/posts"}],"about":[{"href":"https:\/\/mikanews.de\/index.php?rest_route=\/wp\/v2\/types\/post"}],"author":[{"embeddable":true,"href":"https:\/\/mikanews.de\/index.php?rest_route=\/wp\/v2\/users\/1"}],"replies":[{"embeddable":true,"href":"https:\/\/mikanews.de\/index.php?rest_route=%2Fwp%2Fv2%2Fcomments&post=174365"}],"version-history":[{"count":5,"href":"https:\/\/mikanews.de\/index.php?rest_route=\/wp\/v2\/posts\/174365\/revisions"}],"predecessor-version":[{"id":174383,"href":"https:\/\/mikanews.de\/index.php?rest_route=\/wp\/v2\/posts\/174365\/revisions\/174383"}],"wp:featuredmedia":[{"embeddable":true,"href":"https:\/\/mikanews.de\/index.php?rest_route=\/wp\/v2\/media\/174367"}],"wp:attachment":[{"href":"https:\/\/mikanews.de\/index.php?rest_route=%2Fwp%2Fv2%2Fmedia&parent=174365"}],"wp:term":[{"taxonomy":"category","embeddable":true,"href":"https:\/\/mikanews.de\/index.php?rest_route=%2Fwp%2Fv2%2Fcategories&post=174365"},{"taxonomy":"post_tag","embeddable":true,"href":"https:\/\/mikanews.de\/index.php?rest_route=%2Fwp%2Fv2%2Ftags&post=174365"}],"curies":[{"name":"wp","href":"https:\/\/api.w.org\/{rel}","templated":true}]}}