{"id":175096,"date":"2018-07-05T23:49:07","date_gmt":"2018-07-05T21:49:07","guid":{"rendered":"http:\/\/mikanews.de\/?p=175096"},"modified":"2018-07-09T01:19:15","modified_gmt":"2018-07-08T23:19:15","slug":"die-ens-round-3-ist-in-aigen-at-zu-gast","status":"publish","type":"post","link":"https:\/\/mikanews.de\/?p=175096","title":{"rendered":"Die ENS Round 3 ist in Aigen \/ AT zu Gast"},"content":{"rendered":"<p>Es ist bereits der dritte Lauf der ENS, der seit gestern auf der Strecke in Aigen \/ \u00d6sterreich ausgetragen wird. Zum dritten <!--more-->Mal in Folge ist die ENS an dieser Stelle vertreten, was beim Blick auf die Strecke voll nachvollzogen werden kann.<\/p>\n<hr \/>\n<p><a href=\"https:\/\/mikanews.de\/wp-content\/uploads\/2016\/09\/ENS_Aigen-770x427.jpg\" rel=\"lightbox[175096]\"><img loading=\"lazy\" decoding=\"async\" class=\"aligncenter size-medium wp-image-63664\" src=\"https:\/\/mikanews.de\/wp-content\/uploads\/2016\/09\/ENS_Aigen-770x427-300x166.jpg\" alt=\"\" width=\"300\" height=\"166\" srcset=\"https:\/\/mikanews.de\/wp-content\/uploads\/2016\/09\/ENS_Aigen-770x427-300x166.jpg 300w, https:\/\/mikanews.de\/wp-content\/uploads\/2016\/09\/ENS_Aigen-770x427-672x372.jpg 672w, https:\/\/mikanews.de\/wp-content\/uploads\/2016\/09\/ENS_Aigen-770x427.jpg 770w\" sizes=\"auto, (max-width: 300px) 100vw, 300px\" \/><\/a><\/p>\n<hr \/>\n<p>Nach dem Samstag war es in der Klasse VG10 der Gewinner vom letzten Lauf in Ettlingen, Dominic Greiner, der vor Erik Dankel und dem \u00dcberraschungsdrittel Thilo T\u00f6dtmann die Vorl\u00e4ufe beendete.<\/p>\n<p>In der Klasse VG8 f\u00fchrt weniger \u00fcberraschend Simon Kurzbuch vor Toni Gruber und\u00a0Dario\u00a0Balestri.<\/p>\n<p>Arie\u00a0Manten vor\u00a0Andrea\u00a0H\u00e4chler,\u00a0Igor\u00a0Liptak und\u00a0Konstantinos\u00a0Saritsaklis, so hei\u00dft die Reihenfolge nach den Vorl\u00e4ufen in 40+ VG8.<\/p>\n<p>Die Finale gingen am Sonntag \u00fcber die Fahrzeit von jeweils 20 bzw. 45 Minuten im A-Finale. Die k\u00f6nnen sich schon wie ein Kaugummi in die L\u00e4nge ziehen, andererseits wurde es im Kampf um die Positionen schon mal knapp.<\/p>\n<p>Das Endergebnis von Aigen lautete:<\/p>\n<p><strong>1\/8\u00a0\u00a0<\/strong><\/p>\n<ol>\n<li>Kurzbuch, Simon &#8211; Shepherd<\/li>\n<li>Gruber, Toni &#8211; WRC<\/li>\n<li>Depta, Merlin &#8211; Serpent<\/li>\n<li>Hoppe, Lars \u2013 Shepherd<\/li>\n<li>H\u00e4chler, Silvio\u00a0&#8211; ARC<\/li>\n<li>Carmine, Raiola &#8211; Infinity<\/li>\n<li>Pietsch Robert &#8211; Mugen<\/li>\n<li>Hanauer, Stefan &#8211; Mugen<\/li>\n<li>Sch\u00e4fer, Patrick &#8211; Shepherd<\/li>\n<li>Balestri, Dario &#8211; Infinity<\/li>\n<li>Schr\u00f6der, Timo &#8211; Shepherd<\/li>\n<li>Kammer, Michael &#8211; Infinity<\/li>\n<\/ol>\n<p><strong>1\/10 Scale<\/strong><\/p>\n<ol>\n<li>Groskamp Jilles \u2013 <a href=\"https:\/\/mikanews.de\/2018\/07\/05\/chassisfokus-infinity-if15-gilles-groskamp\/\" target=\"_blank\" rel=\"noopener noreferrer\">Infinity<\/a><\/li>\n<li>Francesco\u00a0Tironi\u00a0\u2013\u00a0<a href=\"https:\/\/mikanews.de\/2018\/07\/05\/chassisfokus-infinity-if15-gilles-groskamp\/\" target=\"_blank\" rel=\"noopener noreferrer\">Infinity<\/a><\/li>\n<li>Mazzeo Alessio \u2013 Xray<\/li>\n<li>Greiner Dominic \u2013 298\u00a0Punkte<\/li>\n<li>L\u00e9o\u00a0Arnold &#8211; Xray<\/li>\n<li>Gerhard\u00a0Kandelhart &#8211; Shepherd<\/li>\n<li>Leonardo\u00a0Varga\u00a0&#8211; Shepherd<\/li>\n<li>Jakub\u00a0Rozycki\u00a0&#8211; Xray<\/li>\n<li>Dirk\u00a0Wischnewski &#8211; Mugen<\/li>\n<li>T\u00f6dtmann Thilo \u2013 Shepherd<\/li>\n<li>Eric\u00a0Dankel\u00a0&#8211; Mugen<\/li>\n<li>Quentin\u00a0Leroux &#8211; Capricorn<\/li>\n<\/ol>\n<p><strong>1\/8 40+\u00a0<\/strong><\/p>\n<ol>\n<li>Arie Manten &#8211; Infinity<\/li>\n<li>Tono\u00a0Sloboda<\/li>\n<li>Markus\u00a0Friedrich &#8211; Shepherd<\/li>\n<li>Oleh\u00a0Ivanov &#8211; Mugen<\/li>\n<li>Konstantinos\u00a0Saritsaklis\u00a0&#8211; Serpent<\/li>\n<li>Andrea\u00a0H\u00e4chler<\/li>\n<li>Markus\u00a0Haas &#8211; Infinity<\/li>\n<li>Igor\u00a0Liptak<\/li>\n<\/ol>\n<p>Ihr k\u00f6nnt das Event Live mitverfolgen im\u00a0 Onlinestream hier bei:\u00a0<a href=\"http:\/\/www.myrcm.ch\/myrcm\/main?pLa=de&amp;pSr=1&amp;hId[1]=evt&amp;dId[E]=38254\" target=\"_blank\" rel=\"noopener noreferrer\">MYRCM<\/a><\/p>\n<h6>Video von der Qualifikation 1\/8 von REDRC &#8211; YouTube :<\/h6>\n<p><iframe loading=\"lazy\" title=\"2018 Infinity Euro Nitro Series Rd3 - 1\/8th Qualifying Rd3\" width=\"474\" height=\"267\" src=\"https:\/\/www.youtube.com\/embed\/LOUeWnMnedI?feature=oembed\" frameborder=\"0\" allow=\"accelerometer; autoplay; clipboard-write; encrypted-media; gyroscope; picture-in-picture; web-share\" referrerpolicy=\"strict-origin-when-cross-origin\" allowfullscreen><\/iframe><\/p>\n<p>Die Ergebnisse der einzelnen Klassen: <a href=\"http:\/\/www.myrcm.ch\/myrcm\/main?pLa=de&amp;hId[1]=evt&amp;dId[E]=38254\" target=\"_blank\" rel=\"noopener noreferrer\">&#8211;Hier klicken&#8211;<\/a><\/p>\n<p>Hier der aktuelle Stand nach 2 von 4 Rennen :<\/p>\n<p><strong>1\/8 &#8211; nach 2 von 4 Rennen\u00a0<\/strong><br \/>\n1. Balestri Dario \u2013 308 Punkte<br \/>\n2. Kurzbuch Simon \u2013 304\u00a0Punkte<br \/>\n3. Hoppe Lars \u2013 295\u00a0Punkte<br \/>\n4. Pietsch Robert \u2013 294\u00a0Punkte<br \/>\n5. Rietveld Jeffrey \u2013 294\u00a0Punkte<br \/>\n6. Matsukura Naoto \u2013 293\u00a0Punkte<br \/>\n7. Depta Merlin \u2013 292\u00a0Punkte<br \/>\n8. Saligupta Chavit \u2013 290\u00a0Punkte<br \/>\n9. Raiola Carmine \u2013 290\u00a0Punkte<br \/>\n10.Collari Lamberto \u2013 287\u00a0Punkte<\/p>\n<p><strong>1\/10 Scale &#8211;\u00a0nach 2 von 4 Rennen<\/strong><br \/>\n1. Groskamp Jilles \u2013 307\u00a0Punkte<br \/>\n2. Mazzeo Alessio \u2013 305\u00a0Punkte<br \/>\n3. Greiner Dominic \u2013 298\u00a0Punkte<br \/>\n4. T\u00f6dtmann Thilo \u2013 298\u00a0Punkte<br \/>\n5. Diekmann Melvin \u2013 296\u00a0Punkte<br \/>\n6. Escandon Eduardo \u2013 296\u00a0Punkte<br \/>\n7. Leino Teemu \u2013 293\u00a0Punkte<br \/>\n8. Collari Lamberto \u2013 287\u00a0Punkte<br \/>\n9. Holthuis Milan \u2013 282\u00a0Punkte<br \/>\n10.Moore Andy \u2013 282\u00a0Punkte<\/p>\n<p><strong>1\/8 40+\u00a0 &#8211;\u00a0nach 2 von 4 Rennen<\/strong><br \/>\n1. Manten Arie \u2013 312 Punkte<br \/>\n2. Nielsen Bo \u2013 305\u00a0Punkte<br \/>\n3. Berkhout Peter \u2013 297\u00a0Punkte<br \/>\n4. Esser Greg \u2013 286\u00a0Punkte<br \/>\n5. Battistini Arnaud \u2013 286\u00a0Punkte<br \/>\n6. Hederich Wolfgang \u2013 285\u00a0Punkte<br \/>\n7. Friedrich Markus \u2013 284\u00a0Punkte<br \/>\n8. Weytboer John \u2013 276\u00a0Punkte<br \/>\n9. Sattler Joachim \u2013 273\u00a0Punkte<br \/>\n10.Zevenhoven Martin \u2013 153\u00a0Punkte<\/p>\n<p><strong>Quelle:<\/strong>\u00a0<a href=\"http:\/\/ens.redrc.net\/2016\/09\/world-champions-head-ens-austria-entry\/\" target=\"_blank\" rel=\"noopener noreferrer\">REDRC<\/a>\u00a0(http:\/\/ens.redrc.net\/2016\/09\/world-champions-head-ens-austria-entry\/) und <a href=\"http:\/\/myrcm.ch\" target=\"_blank\" rel=\"noopener noreferrer\">MYRCM<\/a><\/p>\n\n<h5>Weitere Links<\/h5>\n<p>https:\/\/mikanews.de\/2018\/07\/05\/chassisfokus-infinity-if15-gilles-groskamp\/<\/p>\n<p>https:\/\/mikanews.de\/2017\/10\/03\/chassisfokus-shepherd-velox-v8-simon-kurzbuch\/<\/p>\n<p>https:\/\/mikanews.de\/2018\/06\/08\/euro-nitro-serie-round-2-in-ettlingen\/<\/p>\n<p>https:\/\/mikanews.de\/2018\/05\/04\/ens-2018-round-1-rucphennl\/<\/p>\n<p>https:\/\/mikanews.de\/2018\/02\/02\/xray-nt12018-die-details\/<\/p>\n<p>https:\/\/mikanews.de\/2018\/06\/11\/nt1-und-rx8-auf-dem-podium-beim-ens-r2-in-ettlingen\/<\/p>\n<p>#mikanews<\/p>\n","protected":false},"excerpt":{"rendered":"<p>Es ist bereits der dritte Lauf der ENS, der seit gestern auf der Strecke in Aigen \/ \u00d6sterreich ausgetragen wird. Zum dritten<\/p>\n","protected":false},"author":1,"featured_media":63664,"comment_status":"closed","ping_status":"closed","sticky":false,"template":"","format":"standard","meta":{"ngg_post_thumbnail":0,"_jetpack_memberships_contains_paid_content":false,"footnotes":"","jetpack_publicize_message":"","jetpack_publicize_feature_enabled":true,"jetpack_social_post_already_shared":true,"jetpack_social_options":{"image_generator_settings":{"template":"highway","default_image_id":0,"font":"","enabled":false},"version":2}},"categories":[145],"tags":[1792],"class_list":["post-175096","post","type-post","status-publish","format-standard","has-post-thumbnail","hentry","category-events","tag-rc"],"jetpack_publicize_connections":[],"jetpack_featured_media_url":"https:\/\/mikanews.de\/wp-content\/uploads\/2016\/09\/ENS_Aigen-770x427.jpg","jetpack_sharing_enabled":true,"jetpack_shortlink":"https:\/\/wp.me\/p6wBBU-Jy8","_links":{"self":[{"href":"https:\/\/mikanews.de\/index.php?rest_route=\/wp\/v2\/posts\/175096","targetHints":{"allow":["GET"]}}],"collection":[{"href":"https:\/\/mikanews.de\/index.php?rest_route=\/wp\/v2\/posts"}],"about":[{"href":"https:\/\/mikanews.de\/index.php?rest_route=\/wp\/v2\/types\/post"}],"author":[{"embeddable":true,"href":"https:\/\/mikanews.de\/index.php?rest_route=\/wp\/v2\/users\/1"}],"replies":[{"embeddable":true,"href":"https:\/\/mikanews.de\/index.php?rest_route=%2Fwp%2Fv2%2Fcomments&post=175096"}],"version-history":[{"count":9,"href":"https:\/\/mikanews.de\/index.php?rest_route=\/wp\/v2\/posts\/175096\/revisions"}],"predecessor-version":[{"id":175337,"href":"https:\/\/mikanews.de\/index.php?rest_route=\/wp\/v2\/posts\/175096\/revisions\/175337"}],"wp:featuredmedia":[{"embeddable":true,"href":"https:\/\/mikanews.de\/index.php?rest_route=\/wp\/v2\/media\/63664"}],"wp:attachment":[{"href":"https:\/\/mikanews.de\/index.php?rest_route=%2Fwp%2Fv2%2Fmedia&parent=175096"}],"wp:term":[{"taxonomy":"category","embeddable":true,"href":"https:\/\/mikanews.de\/index.php?rest_route=%2Fwp%2Fv2%2Fcategories&post=175096"},{"taxonomy":"post_tag","embeddable":true,"href":"https:\/\/mikanews.de\/index.php?rest_route=%2Fwp%2Fv2%2Ftags&post=175096"}],"curies":[{"name":"wp","href":"https:\/\/api.w.org\/{rel}","templated":true}]}}