{"id":175190,"date":"2018-07-07T23:53:50","date_gmt":"2018-07-07T21:53:50","guid":{"rendered":"http:\/\/mikanews.de\/?p=175190"},"modified":"2018-07-07T23:59:01","modified_gmt":"2018-07-07T21:59:01","slug":"efra-18-off-road-b-euro-vorlaeufe","status":"publish","type":"post","link":"https:\/\/mikanews.de\/?p=175190","title":{"rendered":"EFRA 1\/8 Off Road &#8222;B&#8220; Euro &#8211; Vorl\u00e4ufe"},"content":{"rendered":"<p>Am Freitag startete in Barco\/Italien die diesj\u00e4hrige EFRA-Europameisterschaft OR8 B auf dem \u201eBarcooff \u2013 R\/C Off Road Circuit Model\u201c. Vor Ort sind auch <!--more-->viele\u00a0<span id=\"more-45865\"><\/span>deutsche Teilnehmer, die die Reise nach Italien antraten.<\/p>\n<figure id=\"attachment_45866\" class=\"wp-caption aligncenter\"><a href=\"https:\/\/mikanews.de\/wp-content\/uploads\/2016\/06\/Strecke_Bittydesgn_Contest.jpg\" rel=\"lightbox[45865]\"><img loading=\"lazy\" decoding=\"async\" class=\"wp-image-45866 size-medium\" src=\"https:\/\/mikanews.de\/wp-content\/uploads\/2016\/06\/Strecke_Bittydesgn_Contest-300x73.jpg\" sizes=\"auto, (max-width: 300px) 100vw, 300px\" srcset=\"https:\/\/mikanews.de\/wp-content\/uploads\/2016\/06\/Strecke_Bittydesgn_Contest-300x73.jpg 300w, https:\/\/mikanews.de\/wp-content\/uploads\/2016\/06\/Strecke_Bittydesgn_Contest-850x206.jpg 850w\" alt=\"Strecke_Bittydesgn_Contest\" width=\"300\" height=\"73\" \/><\/a><figcaption class=\"wp-caption-text\">Quelle: Bittydesgn<\/figcaption><\/figure>\n<p>Die Lehmstrecke hat eine Mindestbreite von 4 Metern und mist\u00a0an der breitesten Stelle ca. 4,8 Meter. Die Strecke ist insgesamt 370 Meter lang und die Zielgerade hat allein schon 40 Meter L\u00e4nge. Da k\u00f6nnen die Teilnehmer den Gashebel bis zum Anschlag durchziehen.<\/p>\n<p>Andrea Trevisan fuhr in der ersten Runde die Bestzeit und war damit einer der wenigen Fahrer, die in die magische neunte Runde einbogen. Mirko Belli wurde Zweiter vor Giuseppe Tescione.<\/p>\n<hr \/>\n<p><a href=\"https:\/\/mikanews.de\/wp-content\/uploads\/2018\/07\/Marco-Ravaglia.jpg\" rel=\"lightbox[175190]\"><img loading=\"lazy\" decoding=\"async\" class=\"aligncenter size-medium wp-image-175191\" src=\"https:\/\/mikanews.de\/wp-content\/uploads\/2018\/07\/Marco-Ravaglia-300x225.jpg\" alt=\"\" width=\"300\" height=\"225\" srcset=\"https:\/\/mikanews.de\/wp-content\/uploads\/2018\/07\/Marco-Ravaglia-300x225.jpg 300w, https:\/\/mikanews.de\/wp-content\/uploads\/2018\/07\/Marco-Ravaglia.jpg 850w\" sizes=\"auto, (max-width: 300px) 100vw, 300px\" \/><\/a><\/p>\n<hr \/>\n<p>Im zweiten Vorlauf fuhr Marco Ravaglia in Runde eins neun Sekunden schneller als im\u00a0 ersten Vorlauf. Damit fuhr er den schnellsten Lauf des Tages ein &#8211; 9 Runden in 5: 26,063. Allesandro Castoldi k\u00e4mpfte sich mit einem zweiten Platz in dem Vorlauf zur\u00fcck ins Rennen. Andrea Trevisan konnte seinen ersten Sieg mit einem vierten Platz verteidigen, was ihm nach zwei Vorl\u00e4ufen in eine starke Position brachte.<\/p>\n<p>Mattia Polito wurde in Vorlauf drei Dritter. Es gewann gewann Eliot Marcon vor Giuseppe Tescione.<\/p>\n<p>In der letzten Runde war es dann soweit und Marco Ravaglia zeigte einen tollen Lauf mit 9 Runden in 5: 27,214. Eliot Marcon schien auf Kurs zu sein, um Marcos Zeit zu schlagen, bis er in den letzten beiden Runden das Tempo verlor und 1,5 Sekunden zur\u00fccklag. Mit seinem zweiten Sieg des Tages sicherte Ravaglia die Pole Position, Mattia Polito belegte in der dritten Runde den zweiten Platz. Dank Andrea Trevisans guten ersten Ergebnissen konnte er sich in der Gesamtwertung den dritten Platz sichern. Marcon erzielte mit zwei zweiten Punkten den vierten Gesamtrang.<\/p>\n<h6>Englische Version<\/h6>\n<p>A reversed order for qualifying today, with the quickest cars from Seeding practice going into heat one, dropping down to the slowest cars into heat twelve. Four rounds of qualifying were scheduled, with a driver taking their best two round scores for their overall position.<\/p>\n<p>Andrea Trevisan set the fastest time from heat two in the first round, being one of the few drivers to break into the magical ninth lap. Mirko Belli took second in the round from Giuseppe Tescione.<\/p>\n<p>Round two saw Marco Ravaglia go some nine seconds faster than his round one time in heat one, setting what would prove to the fastest run of the day &#8211; 9 laps in 5:26.063. Allesandro Castoldi moved himself into contention with second in round, with Andrea Trevisan backing up his round one win with fourth place, giving him two good scores after two rounds and putting himself into a strong position.<\/p>\n<p>Mattia Polito became the third winner in three rounds in round three, taking the win from Eliot Marcon and the consistent Giuseppe Tescione.<\/p>\n<p>All to play for in the last round then, and Marco Ravaglia displayed his intentions by setting an early marker of 9 laps in 5:27.214. Eliot Marcon looked to be on course to beat Marco\u2019s time, until dropping off the pace on the last two laps and ending up 1.5 seconds behind. This second round win of the day secured pole position for Ravaglia, with Mattia Polito taking third in round to secure second overall. Andrea Trevisan\u2019s earlier strong scores secured him third in the overall qualifying order, with Marcon\u2019s two second scores getting him fourth overall.<\/p>\n<p>Mehr zur Strecke hier:\u00a0<a href=\"http:\/\/www.barcooff.it\/\" target=\"_blank\" rel=\"noopener noreferrer\">\u2013Zum Verein\u2013<\/a><\/p>\n<p><strong>Quelle:<\/strong>\u00a0<a href=\"http:\/\/bittydesign.net\/it\/article\/bittydesign-euro-contest-bate-records-con-269-inscritos-inscripciones-cerradas\" target=\"_blank\" rel=\"noopener noreferrer\">Bittydesign<\/a>,\u00a0<a href=\"http:\/\/www.rcracingtv.net\/\" target=\"_blank\" rel=\"noopener noreferrer\">RC Racing TV-<\/a>,\u00a0<a href=\"https:\/\/www.facebook.com\/EFRA-530130737059098\/\" target=\"_blank\" rel=\"noopener noreferrer\">EFRA<\/a>\u00a0und\u00a0<a href=\"http:\/\/www.myrcm.ch\/myrcm\/main?pLa=de&amp;hId[1]=evt&amp;dId[E]=32962\" target=\"_blank\" rel=\"noopener noreferrer\">MYRCM<\/a><\/p>\n\n<h5>Weitere Links<\/h5>\n<blockquote class=\"wp-embedded-content\" data-secret=\"5dipD1rGBo\"><p><a href=\"https:\/\/mikanews.de\/2018\/06\/15\/tlrs-neuer-siegertyp-der-8ight-x\/\">TLR\u2018s NEUER SIEGERTYP! Der 8ight-X<\/a><\/p><\/blockquote>\n<p><iframe loading=\"lazy\" class=\"wp-embedded-content\" title=\"\u201eTLR\u2018s NEUER SIEGERTYP! Der 8ight-X\u201c \u2014 mikanews.de\" src=\"https:\/\/mikanews.de\/2018\/06\/15\/tlrs-neuer-siegertyp-der-8ight-x\/embed\/#?secret=5dipD1rGBo\" width=\"474\" height=\"267\" frameborder=\"0\" marginwidth=\"0\" marginheight=\"0\" scrolling=\"no\" sandbox=\"allow-scripts\" data-secret=\"5dipD1rGBo\" data-mce-fragment=\"1\"><\/iframe><\/p>\n<blockquote class=\"wp-embedded-content\" data-secret=\"eYvWSTdXwX\"><p><a href=\"https:\/\/mikanews.de\/2018\/05\/24\/chassisfokus-mugen-mbx8-jan-sievert\/\">CHASSISFOKUS Mugen MBX8 \u2013 Jan Sievert<\/a><\/p><\/blockquote>\n<p><iframe loading=\"lazy\" class=\"wp-embedded-content\" title=\"\u201eCHASSISFOKUS Mugen MBX8 \u2013 Jan Sievert\u201c \u2014 mikanews.de\" src=\"https:\/\/mikanews.de\/2018\/05\/24\/chassisfokus-mugen-mbx8-jan-sievert\/embed\/#?secret=eYvWSTdXwX\" width=\"474\" height=\"267\" frameborder=\"0\" marginwidth=\"0\" marginheight=\"0\" scrolling=\"no\" sandbox=\"allow-scripts\" data-secret=\"eYvWSTdXwX\" data-mce-fragment=\"1\"><\/iframe><\/p>\n<blockquote class=\"wp-embedded-content\" data-secret=\"uX7gkit0Pk\"><p><a href=\"https:\/\/mikanews.de\/2017\/09\/01\/chassisfokus-sworkz-s35-3-micha-widmaier\/\">CHASSISFOKUS Sworkz S35-3 \u2013 Micha Widmaier<\/a><\/p><\/blockquote>\n<p><iframe loading=\"lazy\" class=\"wp-embedded-content\" title=\"\u201eCHASSISFOKUS Sworkz S35-3 \u2013 Micha Widmaier\u201c \u2014 mikanews.de\" src=\"https:\/\/mikanews.de\/2017\/09\/01\/chassisfokus-sworkz-s35-3-micha-widmaier\/embed\/#?secret=uX7gkit0Pk\" width=\"474\" height=\"267\" frameborder=\"0\" marginwidth=\"0\" marginheight=\"0\" scrolling=\"no\" sandbox=\"allow-scripts\" data-secret=\"uX7gkit0Pk\" data-mce-fragment=\"1\"><\/iframe><\/p>\n<blockquote class=\"wp-embedded-content\" data-secret=\"uJaoLu9w0a\"><p><a href=\"https:\/\/mikanews.de\/2018\/05\/24\/chassisfokus-agama-a215e-burak-kilic\/\">Chassisfokus Agama A215e \u2013 Burak Kilic<\/a><\/p><\/blockquote>\n<p><iframe loading=\"lazy\" class=\"wp-embedded-content\" title=\"\u201eChassisfokus Agama A215e \u2013 Burak Kilic\u201c \u2014 mikanews.de\" src=\"https:\/\/mikanews.de\/2018\/05\/24\/chassisfokus-agama-a215e-burak-kilic\/embed\/#?secret=uJaoLu9w0a\" width=\"474\" height=\"267\" frameborder=\"0\" marginwidth=\"0\" marginheight=\"0\" scrolling=\"no\" sandbox=\"allow-scripts\" data-secret=\"uJaoLu9w0a\" data-mce-fragment=\"1\"><\/iframe><\/p>\n<blockquote class=\"wp-embedded-content\" data-secret=\"ITpeJ8x0XI\"><p><a href=\"https:\/\/mikanews.de\/2017\/12\/27\/robert-batlle-unterschreibt-bei-hot-race\/\">Robert Batlle unterschreibt bei Hot Race<\/a><\/p><\/blockquote>\n<p><iframe loading=\"lazy\" class=\"wp-embedded-content\" title=\"\u201eRobert Batlle unterschreibt bei Hot Race\u201c \u2014 mikanews.de\" src=\"https:\/\/mikanews.de\/2017\/12\/27\/robert-batlle-unterschreibt-bei-hot-race\/embed\/#?secret=ITpeJ8x0XI\" width=\"474\" height=\"267\" frameborder=\"0\" marginwidth=\"0\" marginheight=\"0\" scrolling=\"no\" sandbox=\"allow-scripts\" data-secret=\"ITpeJ8x0XI\" data-mce-fragment=\"1\"><\/iframe><\/p>\n<blockquote class=\"wp-embedded-content\" data-secret=\"fnKznZijKk\"><p><a href=\"https:\/\/mikanews.de\/2018\/05\/18\/big-35-race-startet-beim-big-hamburg-e-v\/\">BIG 35 Race startet beim BIG-Hamburg e.V.<\/a><\/p><\/blockquote>\n<p><iframe loading=\"lazy\" class=\"wp-embedded-content\" title=\"\u201eBIG 35 Race startet beim BIG-Hamburg e.V.\u201c \u2014 mikanews.de\" src=\"https:\/\/mikanews.de\/2018\/05\/18\/big-35-race-startet-beim-big-hamburg-e-v\/embed\/#?secret=fnKznZijKk\" width=\"474\" height=\"267\" frameborder=\"0\" marginwidth=\"0\" marginheight=\"0\" scrolling=\"no\" sandbox=\"allow-scripts\" data-secret=\"fnKznZijKk\" data-mce-fragment=\"1\"><\/iframe><\/p>\n<p>#mikanews<\/p>\n","protected":false},"excerpt":{"rendered":"<p>Am Freitag startete in Barco\/Italien die diesj\u00e4hrige EFRA-Europameisterschaft OR8 B auf dem \u201eBarcooff \u2013 R\/C Off Road Circuit Model\u201c. Vor Ort sind auch<\/p>\n","protected":false},"author":1,"featured_media":175191,"comment_status":"closed","ping_status":"closed","sticky":false,"template":"","format":"standard","meta":{"ngg_post_thumbnail":0,"_jetpack_memberships_contains_paid_content":false,"footnotes":"","jetpack_publicize_message":"","jetpack_publicize_feature_enabled":true,"jetpack_social_post_already_shared":true,"jetpack_social_options":{"image_generator_settings":{"template":"highway","default_image_id":0,"font":"","enabled":false},"version":2}},"categories":[3425],"tags":[1792],"class_list":["post-175190","post","type-post","status-publish","format-standard","has-post-thumbnail","hentry","category-internationale-berichte","tag-rc"],"jetpack_publicize_connections":[],"jetpack_featured_media_url":"https:\/\/mikanews.de\/wp-content\/uploads\/2018\/07\/Marco-Ravaglia.jpg","jetpack_sharing_enabled":true,"jetpack_shortlink":"https:\/\/wp.me\/p6wBBU-JzE","_links":{"self":[{"href":"https:\/\/mikanews.de\/index.php?rest_route=\/wp\/v2\/posts\/175190","targetHints":{"allow":["GET"]}}],"collection":[{"href":"https:\/\/mikanews.de\/index.php?rest_route=\/wp\/v2\/posts"}],"about":[{"href":"https:\/\/mikanews.de\/index.php?rest_route=\/wp\/v2\/types\/post"}],"author":[{"embeddable":true,"href":"https:\/\/mikanews.de\/index.php?rest_route=\/wp\/v2\/users\/1"}],"replies":[{"embeddable":true,"href":"https:\/\/mikanews.de\/index.php?rest_route=%2Fwp%2Fv2%2Fcomments&post=175190"}],"version-history":[{"count":5,"href":"https:\/\/mikanews.de\/index.php?rest_route=\/wp\/v2\/posts\/175190\/revisions"}],"predecessor-version":[{"id":175196,"href":"https:\/\/mikanews.de\/index.php?rest_route=\/wp\/v2\/posts\/175190\/revisions\/175196"}],"wp:featuredmedia":[{"embeddable":true,"href":"https:\/\/mikanews.de\/index.php?rest_route=\/wp\/v2\/media\/175191"}],"wp:attachment":[{"href":"https:\/\/mikanews.de\/index.php?rest_route=%2Fwp%2Fv2%2Fmedia&parent=175190"}],"wp:term":[{"taxonomy":"category","embeddable":true,"href":"https:\/\/mikanews.de\/index.php?rest_route=%2Fwp%2Fv2%2Fcategories&post=175190"},{"taxonomy":"post_tag","embeddable":true,"href":"https:\/\/mikanews.de\/index.php?rest_route=%2Fwp%2Fv2%2Ftags&post=175190"}],"curies":[{"name":"wp","href":"https:\/\/api.w.org\/{rel}","templated":true}]}}