{"id":20905,"date":"2016-01-24T21:41:45","date_gmt":"2016-01-24T20:41:45","guid":{"rendered":"http:\/\/mikanews.de\/?p=20905"},"modified":"2016-05-10T20:27:54","modified_gmt":"2016-05-10T18:27:54","slug":"messecup-2016-in-bad-salzuflen","status":"publish","type":"post","link":"https:\/\/mikanews.de\/?p=20905","title":{"rendered":"Messecup 2016 in Bad Salzuflen"},"content":{"rendered":"<p>Der Messecup 2016 in Bad Salzuflen ist nun zu Ende. Wir Berliner kennen sowas aus vergangener zeit, als wir hier einen Messecup ausrichten konnten. Es sind immer tolle Tage. Es kommen hunderte, wenn nicht gar tausende Zuschauer an der Strecke vorbei und <!--more-->k\u00f6nnen den Rennfahrern und -innen \u00fcber die Schulter schauen. Eine <a href=\"https:\/\/mikanews.de\/wp-content\/uploads\/2016\/01\/2016_01_24_Bad_Salzufler_Messecup-2.jpg\" rel=\"lightbox[20905]\"><img loading=\"lazy\" decoding=\"async\" class=\"alignleft wp-image-20915 size-thumbnail\" src=\"https:\/\/mikanews.de\/wp-content\/uploads\/2016\/01\/2016_01_24_Bad_Salzufler_Messecup-2-150x150.jpg\" alt=\"2016_01_24_Bad_Salzufler_Messecup--2\" width=\"150\" height=\"150\" \/><\/a>tolle Atomsph\u00e4re f\u00fcr alle. Zum anderen kann man noch in der Zwischenzeit \u00fcber die Messe laufen und andere Attraktivit\u00e4ten sehen, von Modelleisenbahn bis zum Funktionsmodellbau. \u00a0F\u00fcr den veranstaltenden Verein, dem MCC Silixen war es ein voller Erfolg. wir konnten von einem tollen Event erfahren. In diesem Jahr fand das\u00a0Messecup Rennen im Rahmen der Lipper Modellbautage in Bad Salzuflen statt!<\/p>\n<p>Am Start waren die Klassen:<\/p>\n<ul>\n<li>1:8 Buggy 4WD (OR8E)<\/li>\n<li>1:10 Buggy 2WD (ORE2WD)<\/li>\n<li>1:10 Buggy 4WD (ORE4WD)<\/li>\n<li>1:10 Shortcourse 2WD (ORESC2)<\/li>\n<\/ul>\n<div id='gallery-1' class='gallery galleryid-20905 gallery-columns-4 gallery-size-thumbnail'><figure class='gallery-item'>\n\t\t\t<div class='gallery-icon landscape'>\n\t\t\t\t<a href='https:\/\/mikanews.de\/wp-content\/uploads\/2016\/01\/2016_01_24_Bad_Salzufler_Messecup-6.jpg' rel=\"lightbox[20905]\"><img loading=\"lazy\" decoding=\"async\" width=\"150\" height=\"150\" src=\"https:\/\/mikanews.de\/wp-content\/uploads\/2016\/01\/2016_01_24_Bad_Salzufler_Messecup-6-150x150.jpg\" class=\"attachment-thumbnail size-thumbnail\" alt=\"\" aria-describedby=\"gallery-1-20919\" \/><\/a>\n\t\t\t<\/div>\n\t\t\t\t<figcaption class='wp-caption-text gallery-caption' id='gallery-1-20919'>\n\t\t\t\tLosi von Yanic Grieger\n\t\t\t\t<\/figcaption><\/figure><figure class='gallery-item'>\n\t\t\t<div class='gallery-icon portrait'>\n\t\t\t\t<a href='https:\/\/mikanews.de\/wp-content\/uploads\/2016\/01\/2016_01_24_Bad_Salzufler_Messecup-5.jpg' rel=\"lightbox[20905]\"><img loading=\"lazy\" decoding=\"async\" width=\"150\" height=\"150\" src=\"https:\/\/mikanews.de\/wp-content\/uploads\/2016\/01\/2016_01_24_Bad_Salzufler_Messecup-5-150x150.jpg\" class=\"attachment-thumbnail size-thumbnail\" alt=\"\" aria-describedby=\"gallery-1-20918\" \/><\/a>\n\t\t\t<\/div>\n\t\t\t\t<figcaption class='wp-caption-text gallery-caption' id='gallery-1-20918'>\n\t\t\t\tSoar 998 von Marvin Fritschler\n\t\t\t\t<\/figcaption><\/figure><figure class='gallery-item'>\n\t\t\t<div class='gallery-icon portrait'>\n\t\t\t\t<a href='https:\/\/mikanews.de\/wp-content\/uploads\/2016\/01\/2016_01_24_Bad_Salzufler_Messecup-4.jpg' rel=\"lightbox[20905]\"><img loading=\"lazy\" decoding=\"async\" width=\"150\" height=\"150\" src=\"https:\/\/mikanews.de\/wp-content\/uploads\/2016\/01\/2016_01_24_Bad_Salzufler_Messecup-4-150x150.jpg\" class=\"attachment-thumbnail size-thumbnail\" alt=\"\" aria-describedby=\"gallery-1-20917\" \/><\/a>\n\t\t\t<\/div>\n\t\t\t\t<figcaption class='wp-caption-text gallery-caption' id='gallery-1-20917'>\n\t\t\t\tSoar 998 von Marvin Fritschler\n\t\t\t\t<\/figcaption><\/figure><figure class='gallery-item'>\n\t\t\t<div class='gallery-icon portrait'>\n\t\t\t\t<a href='https:\/\/mikanews.de\/wp-content\/uploads\/2016\/01\/2016_01_24_Bad_Salzufler_Messecup-3.jpg' rel=\"lightbox[20905]\"><img loading=\"lazy\" decoding=\"async\" width=\"150\" height=\"150\" src=\"https:\/\/mikanews.de\/wp-content\/uploads\/2016\/01\/2016_01_24_Bad_Salzufler_Messecup-3-150x150.jpg\" class=\"attachment-thumbnail size-thumbnail\" alt=\"\" aria-describedby=\"gallery-1-20916\" \/><\/a>\n\t\t\t<\/div>\n\t\t\t\t<figcaption class='wp-caption-text gallery-caption' id='gallery-1-20916'>\n\t\t\t\tSoar 998 von Marvin Fritschler\n\t\t\t\t<\/figcaption><\/figure>\n\t\t<\/div>\n\n<figure id=\"attachment_4356\" aria-describedby=\"caption-attachment-4356\" style=\"width: 150px\" class=\"wp-caption alignleft\"><a href=\"https:\/\/mikanews.de\/wp-content\/uploads\/2015\/09\/2015_09_12_DM_Burgdorf_4_WD-1087.jpg\" rel=\"lightbox[20905]\"><img loading=\"lazy\" decoding=\"async\" class=\"wp-image-4356 size-thumbnail\" src=\"https:\/\/mikanews.de\/wp-content\/uploads\/2015\/09\/2015_09_12_DM_Burgdorf_4_WD-1087-150x150.jpg\" alt=\"Bjarne H\u00f8llund\" width=\"150\" height=\"150\" \/><\/a><figcaption id=\"caption-attachment-4356\" class=\"wp-caption-text\">Bjarne H\u00f8llund, hier ein Bild von der DM ORE4WD 2015 in Burgdorf<\/figcaption><\/figure>\n<p>Die Stimme des Wochenendes war der bekannte Bjarne H\u00f8llund. Bjarne ist bestimmt vielen von der LRP-HPI-DM in Burgdorf, dem Czypo-Drom Lauf und anderen Rennveranstaltungen bekannt. Am Mikrofon kann er die Zuschauer und Fahrer mit seiner lockeren Art immer wieder begeistern. Mit seiner unvergleichliche Art f\u00fchrt er gut durch die Rennveranstaltungen.<\/p>\n<h6>Ergebnisse:<\/h6>\n<p>ORE8B<\/p>\n<ol>\n<li>Platz: Marvin Fritschler &#8211; Graupner Soar 998<\/li>\n<li>Platz: Bart Mullink- <a href=\"https:\/\/mikanews.de\/2016\/01\/19\/agama-a-215-e-buggy-18-aufbau-und-konstruktion\/\" target=\"_blank\">Agama A 215 E<\/a><\/li>\n<li>Platz Burak Kilic &#8211; <a href=\"https:\/\/mikanews.de\/2016\/01\/19\/agama-a-215-e-buggy-18-aufbau-und-konstruktion\/\" target=\"_blank\">Agama A 215 E<\/a><\/li>\n<li>Platz: <a href=\"https:\/\/mikanews.de\/2015\/10\/10\/chassisfokus-mugen-mbx7r-eco-sebastian-winterstein\/\" target=\"_blank\">Sebastian Winterstein &#8211; Mugen MBX-7R Eco<\/a><\/li>\n<li>Platz: Berkan Kilic &#8211; <a href=\"https:\/\/mikanews.de\/2016\/01\/19\/agama-a-215-e-buggy-18-aufbau-und-konstruktion\/\" target=\"_blank\">Agama A 215 E<\/a><\/li>\n<li>Platz: Yanic Grieger -TLR 8ight-E 3.0<\/li>\n<li>Philipp L\u00fctgert &#8211; Kyosho MP9e<\/li>\n<li>Christian Bessler &#8211; <a href=\"https:\/\/mikanews.de\/2015\/08\/19\/team-associated-rc8b3e\/\">Team Associated RC8B3E<\/a><\/li>\n<li>Philipp Gabler &#8211; <span class=\"null\">Graupner Soar<\/span> 998<\/li>\n<li>Laurin Czypulowski<span class=\"null\"><a href=\"https:\/\/mikanews.de\/2015\/08\/17\/der-europameister-mugen-seiki-mbx7r-eco\/\">&#8211; Mugen MBX-7R Eco<\/a><\/span><\/li>\n<li>Nils Bering <a href=\"https:\/\/mikanews.de\/2015\/08\/17\/der-europameister-mugen-seiki-mbx7r-eco\/\">&#8211; <span class=\"null\">Mugen MBX-7R Eco<\/span><\/a><\/li>\n<li>Benjamin Marks &#8211; <a href=\"https:\/\/mikanews.de\/2015\/08\/19\/team-associated-rc8b3e\/\">Team Associated RC8B3E<\/a><\/li>\n<\/ol>\n<p><a href=\"https:\/\/mikanews.de\/wp-content\/uploads\/2016\/01\/2016_01_24_Bad_Salzufler_Messecup-.jpg\" rel=\"lightbox[20905]\"><img loading=\"lazy\" decoding=\"async\" class=\"alignnone wp-image-20914 size-thumbnail\" src=\"https:\/\/mikanews.de\/wp-content\/uploads\/2016\/01\/2016_01_24_Bad_Salzufler_Messecup--150x150.jpg\" alt=\"2016_01_24_Bad_Salzufler_Messecup-\" width=\"150\" height=\"150\" \/><\/a><\/p>\n<p>B-Finale: Stefan Petrich<\/p>\n<p>C-Finale: Michael Thamm<\/p>\n<p>D-Finale: Marcus Thomas<\/p>\n<h6>2WD:<\/h6>\n<ol>\n<li>Platz: <a href=\"https:\/\/mikanews.de\/2015\/08\/23\/deutsche-meisterschaft-monster-short-course-2015-in-potsdam-die-entscheidung\/\" target=\"_blank\">Sebastian Honscha<\/a><\/li>\n<li>Platz: Bart Mullink<\/li>\n<li>Platz: Patrick Fischer<\/li>\n<li>Platz: <a href=\"https:\/\/mikanews.de\/2015\/11\/07\/chassisfokus-asso-b4-2-ft-mit-cml-centro-c4-2-yannic-wilcke\/\" target=\"_blank\">Yannic Wilke<\/a><\/li>\n<\/ol>\n<p>Danke f\u00fcr die Bilder an Marvin und Yanic<\/p>\n<p>Titelbild:\u00a0Haus, Garten, Touristik, Hochzeit | Messe Ostwestfalen GmbH.<\/p>\n<p>Zum Verein:\u00a0<a href=\"http:\/\/www.mcc-silixen.de\/\" target=\"_blank\">MCC Silixen<\/a><\/p>\n","protected":false},"excerpt":{"rendered":"<p>Der Messecup 2016 in Bad Salzuflen ist nun zu Ende. Wir Berliner kennen sowas aus vergangener zeit, als wir hier einen Messecup ausrichten konnten. Es sind immer tolle Tage. Es kommen hunderte, wenn nicht gar tausende Zuschauer an der Strecke vorbei und<\/p>\n","protected":false},"author":1,"featured_media":20912,"comment_status":"closed","ping_status":"open","sticky":false,"template":"","format":"standard","meta":{"ngg_post_thumbnail":0,"_jetpack_memberships_contains_paid_content":false,"footnotes":"","jetpack_publicize_message":"","jetpack_publicize_feature_enabled":true,"jetpack_social_post_already_shared":false,"jetpack_social_options":{"image_generator_settings":{"template":"highway","default_image_id":0,"font":"","enabled":false},"version":2}},"categories":[3],"tags":[17,18,20,98,99,183,241,312,604,607,797,1414,1415,1792],"class_list":["post-20905","post","type-post","status-publish","format-standard","has-post-thumbnail","hentry","category-rennberichte","tag-17","tag-buggy","tag-20","tag-ore2wd","tag-ore4wd","tag-ore8b","tag-sebastian-honscha","tag-marvin-fritschler","tag-sebastian-winterstein","tag-messecup","tag-rcweb","tag-mcc-silixen","tag-bad-salzuflen","tag-rc"],"jetpack_publicize_connections":[],"jetpack_featured_media_url":"https:\/\/mikanews.de\/wp-content\/uploads\/2016\/01\/2016_01_24_Bad_Salzuflen-e1453666630316.jpg","jetpack_sharing_enabled":true,"jetpack_shortlink":"https:\/\/wp.me\/p6wBBU-5rb","_links":{"self":[{"href":"https:\/\/mikanews.de\/index.php?rest_route=\/wp\/v2\/posts\/20905","targetHints":{"allow":["GET"]}}],"collection":[{"href":"https:\/\/mikanews.de\/index.php?rest_route=\/wp\/v2\/posts"}],"about":[{"href":"https:\/\/mikanews.de\/index.php?rest_route=\/wp\/v2\/types\/post"}],"author":[{"embeddable":true,"href":"https:\/\/mikanews.de\/index.php?rest_route=\/wp\/v2\/users\/1"}],"replies":[{"embeddable":true,"href":"https:\/\/mikanews.de\/index.php?rest_route=%2Fwp%2Fv2%2Fcomments&post=20905"}],"version-history":[{"count":11,"href":"https:\/\/mikanews.de\/index.php?rest_route=\/wp\/v2\/posts\/20905\/revisions"}],"predecessor-version":[{"id":39398,"href":"https:\/\/mikanews.de\/index.php?rest_route=\/wp\/v2\/posts\/20905\/revisions\/39398"}],"wp:featuredmedia":[{"embeddable":true,"href":"https:\/\/mikanews.de\/index.php?rest_route=\/wp\/v2\/media\/20912"}],"wp:attachment":[{"href":"https:\/\/mikanews.de\/index.php?rest_route=%2Fwp%2Fv2%2Fmedia&parent=20905"}],"wp:term":[{"taxonomy":"category","embeddable":true,"href":"https:\/\/mikanews.de\/index.php?rest_route=%2Fwp%2Fv2%2Fcategories&post=20905"},{"taxonomy":"post_tag","embeddable":true,"href":"https:\/\/mikanews.de\/index.php?rest_route=%2Fwp%2Fv2%2Ftags&post=20905"}],"curies":[{"name":"wp","href":"https:\/\/api.w.org\/{rel}","templated":true}]}}