{"id":227941,"date":"2019-09-24T15:52:40","date_gmt":"2019-09-24T13:52:40","guid":{"rendered":"http:\/\/mikanews.de\/?p=227941"},"modified":"2019-09-24T15:59:48","modified_gmt":"2019-09-24T13:59:48","slug":"rck-challenge-der-gruppe-ost-in-herrenhaide","status":"publish","type":"post","link":"https:\/\/mikanews.de\/?p=227941","title":{"rendered":"RCK Challenge der Gruppe Ost in Herrenhaide"},"content":{"rendered":"<p>Der MSC-Herrenhaide wird am 12.\/13.Oktober 2019 einen Lauf der RCK Challenge der Gruppe Ost in der Halle austragen.\u00a0Ihr k\u00f6nnt euch auf ein tolles Rennwochenende vor Ort freuen. Der Verein ist <!--more-->f\u00fcr seine gut organisierten Veranstaltungen bekannt. Zus\u00e4tzlich zu den Klassen der\u00a0RCK-Challenge gibt zwei weitere Klassen f\u00fcr die 12er und Fun Fahrer:<\/p>\n<ul>\n<li>FWD Challenge<\/li>\n<li>GT Challenge<\/li>\n<li>Stock Challenge<\/li>\n<li>Super Stock Challenge<\/li>\n<li>1:12 EB<\/li>\n<li>Fun Klasse inkl. Trucks<\/li>\n<\/ul>\n<hr \/>\n<figure id=\"attachment_227943\" aria-describedby=\"caption-attachment-227943\" style=\"width: 300px\" class=\"wp-caption aligncenter\"><a href=\"https:\/\/mikanews.de\/wp-content\/uploads\/2019\/09\/Strecke_Herrenhaide.jpg\" rel=\"lightbox[227941]\"><img loading=\"lazy\" decoding=\"async\" class=\"size-medium wp-image-227943\" src=\"https:\/\/mikanews.de\/wp-content\/uploads\/2019\/09\/Strecke_Herrenhaide-300x112.jpg\" alt=\"\" width=\"300\" height=\"112\" srcset=\"https:\/\/mikanews.de\/wp-content\/uploads\/2019\/09\/Strecke_Herrenhaide-300x112.jpg 300w, https:\/\/mikanews.de\/wp-content\/uploads\/2019\/09\/Strecke_Herrenhaide-850x316.jpg 850w, https:\/\/mikanews.de\/wp-content\/uploads\/2019\/09\/Strecke_Herrenhaide.jpg 1084w\" sizes=\"auto, (max-width: 300px) 100vw, 300px\" \/><\/a><figcaption id=\"caption-attachment-227943\" class=\"wp-caption-text\">Die Strecke &#8211; seid gespannt, ob dieses Layout euch erwarten wird.<\/figcaption><\/figure>\n<hr \/>\n<p>Am Renntag ist die Halle ab 7:30 Uhr ge\u00f6ffnet. Sonntag sollte das Rennen sein und Samstag das Training. Ggf. beim Veranstalter nachfragen.<\/p>\n<p>Wer das Reglement noch nicht kennen sollte, der kann dieses auf der Webseite der Rennserie einsehen:\u00a0<a href=\"http:\/\/www.rck-challenge.de\/\" target=\"_blank\" rel=\"nofollow noopener noreferrer\" data-ft=\"{&quot;tn&quot;:&quot;-U&quot;}\" data-lynx-mode=\"async\">www.rck-challenge.de<\/a><\/p>\n<p><strong>Link zur Ausschreibung des Rennens (PDF):<\/strong> <a href=\"http:\/\/challenge.rck-solutions.de\/ausschreibung\/201920201013Oon20190820%201245.pdf\" target=\"_blank\" rel=\"noopener noreferrer\">&#8211;Hier klicken&#8211;<\/a><\/p>\n<p><strong>Link zur Nennung:<\/strong> <a href=\"http:\/\/challenge.rck-solutions.de\/indexgo.php\" target=\"_blank\" rel=\"noopener noreferrer\">&#8211;Hier klicken&#8211;<\/a><\/p>\n<p><strong>Links zur Challenge:<\/strong><\/p>\n<ul>\n<li><a href=\"https:\/\/mikanews.de\/2019\/07\/01\/rck-challenge-fwd-reglement-fuer-die-saison-20192020\/\" target=\"_blank\" rel=\"noopener noreferrer\">FWD Reglement<\/a><\/li>\n<li><a href=\"https:\/\/mikanews.de\/2019\/06\/25\/aus-der-hpi-challenge-wird-die-rck-challenge-nach-dem-deutschlandfinale-dm-2019\/\" target=\"_blank\" rel=\"noopener noreferrer\">Vorstellung der RCK-Challenge durch Stefan K\u00f6hler und Stefan Klein<\/a><\/li>\n<\/ul>\n<p><strong>Webseite der Rennserie:<\/strong>\u00a0<a href=\"http:\/\/www.rck-challenge.de\/\" target=\"_blank\" rel=\"nofollow noopener noreferrer\" data-ft=\"{&quot;tn&quot;:&quot;-U&quot;}\" data-lynx-mode=\"async\">www.rck-challenge.de<\/a><\/p>\n<p><strong>Quelle \/ Bilder \/ Rennserie:<\/strong>\u00a0<a href=\"http:\/\/rck-kleinserie.de\/\" target=\"_blank\" rel=\"noopener noreferrer\">RCK-KleinSerie<\/a>\u00a0und\u00a0<b><a href=\"http:\/\/www.rc-kleinkram.de\/\" target=\"_blank\" rel=\"noopener noreferrer\"><img loading=\"lazy\" decoding=\"async\" class=\"alignnone wp-image-76221\" src=\"https:\/\/mikanews.de\/wp-content\/uploads\/2016\/10\/Stefan_Klein_Kleinkram_logo-300x150.jpg\" alt=\"stefan_klein_kleinkram_logo\" width=\"75\" height=\"38\" \/><\/a><\/b><\/p>\n\n<h5>Weitere Links<\/h5>\n<p>https:\/\/mikanews.de\/2019\/09\/02\/die-rck-challenge-motoren-sind-da\/<\/p>\n<p>https:\/\/mikanews.de\/2019\/06\/25\/aus-der-hpi-challenge-wird-die-rck-challenge-nach-dem-deutschlandfinale-dm-2019\/<\/p>\n<p>https:\/\/mikanews.de\/2019\/07\/31\/bilder-vom-dm-warm-up-hpi-challenge-beim-rc-speedracer\/<\/p>\n<p>#mikanews<\/p>\n","protected":false},"excerpt":{"rendered":"<p>Der MSC-Herrenhaide wird am 12.\/13.Oktober 2019 einen Lauf der RCK Challenge der Gruppe Ost in der Halle austragen.\u00a0Ihr k\u00f6nnt euch auf ein tolles Rennwochenende vor Ort freuen. Der Verein ist<\/p>\n","protected":false},"author":1,"featured_media":227944,"comment_status":"closed","ping_status":"closed","sticky":false,"template":"","format":"standard","meta":{"ngg_post_thumbnail":0,"_jetpack_memberships_contains_paid_content":false,"footnotes":"","jetpack_publicize_message":"","jetpack_publicize_feature_enabled":true,"jetpack_social_post_already_shared":true,"jetpack_social_options":{"image_generator_settings":{"template":"highway","default_image_id":0,"font":"","enabled":false},"version":2}},"categories":[145],"tags":[655,661,3302,3510,8657],"class_list":["post-227941","post","type-post","status-publish","format-standard","has-post-thumbnail","hentry","category-events","tag-msc-herrenhaide","tag-herrenhaide","tag-mikanews","tag-mika-news","tag-rck-challenge"],"jetpack_publicize_connections":[],"jetpack_featured_media_url":"https:\/\/mikanews.de\/wp-content\/uploads\/2019\/09\/Titelbild_RCK_Challenge_MSC_Herrenhaide.jpg","jetpack_sharing_enabled":true,"jetpack_shortlink":"https:\/\/wp.me\/p6wBBU-Xit","_links":{"self":[{"href":"https:\/\/mikanews.de\/index.php?rest_route=\/wp\/v2\/posts\/227941","targetHints":{"allow":["GET"]}}],"collection":[{"href":"https:\/\/mikanews.de\/index.php?rest_route=\/wp\/v2\/posts"}],"about":[{"href":"https:\/\/mikanews.de\/index.php?rest_route=\/wp\/v2\/types\/post"}],"author":[{"embeddable":true,"href":"https:\/\/mikanews.de\/index.php?rest_route=\/wp\/v2\/users\/1"}],"replies":[{"embeddable":true,"href":"https:\/\/mikanews.de\/index.php?rest_route=%2Fwp%2Fv2%2Fcomments&post=227941"}],"version-history":[{"count":1,"href":"https:\/\/mikanews.de\/index.php?rest_route=\/wp\/v2\/posts\/227941\/revisions"}],"predecessor-version":[{"id":227945,"href":"https:\/\/mikanews.de\/index.php?rest_route=\/wp\/v2\/posts\/227941\/revisions\/227945"}],"wp:featuredmedia":[{"embeddable":true,"href":"https:\/\/mikanews.de\/index.php?rest_route=\/wp\/v2\/media\/227944"}],"wp:attachment":[{"href":"https:\/\/mikanews.de\/index.php?rest_route=%2Fwp%2Fv2%2Fmedia&parent=227941"}],"wp:term":[{"taxonomy":"category","embeddable":true,"href":"https:\/\/mikanews.de\/index.php?rest_route=%2Fwp%2Fv2%2Fcategories&post=227941"},{"taxonomy":"post_tag","embeddable":true,"href":"https:\/\/mikanews.de\/index.php?rest_route=%2Fwp%2Fv2%2Ftags&post=227941"}],"curies":[{"name":"wp","href":"https:\/\/api.w.org\/{rel}","templated":true}]}}