{"id":237561,"date":"2019-12-18T16:20:53","date_gmt":"2019-12-18T15:20:53","guid":{"rendered":"http:\/\/mikanews.de\/?p=237561"},"modified":"2019-12-18T16:27:46","modified_gmt":"2019-12-18T15:27:46","slug":"sebastian-winterstein-kehrt-zu-mugen-seiki-europe-zurueck","status":"publish","type":"post","link":"https:\/\/mikanews.de\/?p=237561","title":{"rendered":"Sebastian Winterstein kehrt zu Mugen Seiki Europe zur\u00fcck"},"content":{"rendered":"<p>Nach einem einj\u00e4hrigen Abenteuer mit einer anderen Marke kehrt der talentierte <!--more-->junge Deutsche zu Mugen zur\u00fcck. Er wird die beiden Buggys, den Mugen Seiki Nitro und ECO der MBX8 Reihe einsetzen.<\/p>\n<hr \/>\n<p><a href=\"https:\/\/mikanews.de\/wp-content\/uploads\/2017\/02\/Sebastian_Winterstein_Mugen.jpg\" rel=\"lightbox[237561]\"><img loading=\"lazy\" decoding=\"async\" class=\"aligncenter size-medium wp-image-99283\" src=\"https:\/\/mikanews.de\/wp-content\/uploads\/2017\/02\/Sebastian_Winterstein_Mugen-253x300.jpg\" alt=\"\" width=\"253\" height=\"300\" srcset=\"https:\/\/mikanews.de\/wp-content\/uploads\/2017\/02\/Sebastian_Winterstein_Mugen-253x300.jpg 253w, https:\/\/mikanews.de\/wp-content\/uploads\/2017\/02\/Sebastian_Winterstein_Mugen-717x850.jpg 717w, https:\/\/mikanews.de\/wp-content\/uploads\/2017\/02\/Sebastian_Winterstein_Mugen.jpg 784w\" sizes=\"auto, (max-width: 253px) 100vw, 253px\" \/><\/a><\/p>\n<hr \/>\n<p>Viel Gl\u00fcck f\u00fcr die kommende Saison 2020.<\/p>\n<p><strong>Quelle:<\/strong>\u00a0<a href=\"https:\/\/www.facebook.com\/MugenSeikiEu\/\" target=\"_blank\" rel=\"noopener noreferrer\">Mugen Seiki Europe<\/a><\/p>\n\n<h5>Weitere Links<\/h5>\n<p>https:\/\/mikanews.de\/2019\/10\/31\/apo-kilic-berichtet-ueber-den-wechsel-zu-mugen-seiki-wenn-traeume-wahr-werden\/<\/p>\n<p>https:\/\/mikanews.de\/2019\/01\/31\/aaron-muenster-wechselt-zu-mugen-seiki\/<\/p>\n<p>https:\/\/mikanews.de\/2019\/08\/26\/patrick-beck-ist-neuer-team-manager-110-elektro-on-road-bei-mugen-seiki-europe\/<\/p>\n<p>#mikanews<\/p>\n","protected":false},"excerpt":{"rendered":"<p>Nach einem einj\u00e4hrigen Abenteuer mit einer anderen Marke kehrt der talentierte<\/p>\n","protected":false},"author":1,"featured_media":99288,"comment_status":"closed","ping_status":"closed","sticky":false,"template":"","format":"standard","meta":{"ngg_post_thumbnail":0,"_jetpack_memberships_contains_paid_content":false,"footnotes":"","jetpack_publicize_message":"","jetpack_publicize_feature_enabled":true,"jetpack_social_post_already_shared":true,"jetpack_social_options":{"image_generator_settings":{"template":"highway","default_image_id":0,"font":"","enabled":false},"version":2}},"categories":[4671],"tags":[604,3951,4673],"class_list":["post-237561","post","type-post","status-publish","format-standard","has-post-thumbnail","hentry","category-fahrerwechsel-mw","tag-sebastian-winterstein","tag-mugen-seiki-europe","tag-fahrerwechsel"],"jetpack_publicize_connections":[],"jetpack_featured_media_url":"https:\/\/mikanews.de\/wp-content\/uploads\/2017\/02\/Titelbild_Sebastian_Wintersstein.jpg","jetpack_sharing_enabled":true,"jetpack_shortlink":"https:\/\/wp.me\/p6wBBU-ZND","_links":{"self":[{"href":"https:\/\/mikanews.de\/index.php?rest_route=\/wp\/v2\/posts\/237561","targetHints":{"allow":["GET"]}}],"collection":[{"href":"https:\/\/mikanews.de\/index.php?rest_route=\/wp\/v2\/posts"}],"about":[{"href":"https:\/\/mikanews.de\/index.php?rest_route=\/wp\/v2\/types\/post"}],"author":[{"embeddable":true,"href":"https:\/\/mikanews.de\/index.php?rest_route=\/wp\/v2\/users\/1"}],"replies":[{"embeddable":true,"href":"https:\/\/mikanews.de\/index.php?rest_route=%2Fwp%2Fv2%2Fcomments&post=237561"}],"version-history":[{"count":3,"href":"https:\/\/mikanews.de\/index.php?rest_route=\/wp\/v2\/posts\/237561\/revisions"}],"predecessor-version":[{"id":237564,"href":"https:\/\/mikanews.de\/index.php?rest_route=\/wp\/v2\/posts\/237561\/revisions\/237564"}],"wp:featuredmedia":[{"embeddable":true,"href":"https:\/\/mikanews.de\/index.php?rest_route=\/wp\/v2\/media\/99288"}],"wp:attachment":[{"href":"https:\/\/mikanews.de\/index.php?rest_route=%2Fwp%2Fv2%2Fmedia&parent=237561"}],"wp:term":[{"taxonomy":"category","embeddable":true,"href":"https:\/\/mikanews.de\/index.php?rest_route=%2Fwp%2Fv2%2Fcategories&post=237561"},{"taxonomy":"post_tag","embeddable":true,"href":"https:\/\/mikanews.de\/index.php?rest_route=%2Fwp%2Fv2%2Ftags&post=237561"}],"curies":[{"name":"wp","href":"https:\/\/api.w.org\/{rel}","templated":true}]}}