{"id":251665,"date":"2020-07-01T17:20:30","date_gmt":"2020-07-01T15:20:30","guid":{"rendered":"http:\/\/mikanews.de\/?p=251665"},"modified":"2020-07-01T17:20:30","modified_gmt":"2020-07-01T15:20:30","slug":"deutsche-meisterschaft-vg10-gastklassen-in-bad-breisig-die-nennphase-oeffnet","status":"publish","type":"post","link":"https:\/\/mikanews.de\/?p=251665","title":{"rendered":"Deutsche Meisterschaft VG10 + Gastklassen in Bad Breisig &#8211; Die Nennphase \u00f6ffnet"},"content":{"rendered":"<p>Viele Deutsche Meisterschaften wurden in diesem Jahr wegen den Einschr\u00e4nkungen durch den COVID-19 Virus abgesagt. Dies gilt nicht f\u00fcr die VG10 DM beim MCC Rhein-Ahr e.V. in Bad Breisig. <!--more--><span class=\"oi732d6d ik7dh3pa d2edcug0 qv66sw1b c1et5uql a8c37x1j muag1w35 ew0dbk1b jq4qci2q a3bd9o3v knj5qynh oo9gr5id hzawbc8m\" dir=\"auto\">Dieser veranstaltet vom 20. bis 23. August 2020 die DM VG10 sowie den Deutschland-Cup f\u00fcr die Klassen VG8S und VG10S aus. Zudem fiel die Entscheidung, ein inoffizielles German Masters f\u00fcr die Klasse VG8 auszuschreiben.\u00a0<\/span><\/p>\n<p>\u00dcbrigens ist <a href=\"https:\/\/mikanews.de\/2019\/09\/18\/deutsche-meisterschaft-2019-vg10sca-plus-vg10s-vg8s-beim-amc-hamm\/\" target=\"_blank\" rel=\"noopener noreferrer\">Toni Gruber der Titelverteidiger. Er gewann im letzten Jahr den Titel in Hamm<\/a>.<\/p>\n<hr \/>\n<p><a href=\"https:\/\/mikanews.de\/wp-content\/uploads\/2020\/06\/Titelbild_Bad_Breisig_Rhein_Ahr.jpg\" rel=\"lightbox[251665]\"><img loading=\"lazy\" decoding=\"async\" class=\"aligncenter size-medium wp-image-250884\" src=\"https:\/\/mikanews.de\/wp-content\/uploads\/2020\/06\/Titelbild_Bad_Breisig_Rhein_Ahr-300x209.jpg\" alt=\"\" width=\"300\" height=\"209\" srcset=\"https:\/\/mikanews.de\/wp-content\/uploads\/2020\/06\/Titelbild_Bad_Breisig_Rhein_Ahr-300x209.jpg 300w, https:\/\/mikanews.de\/wp-content\/uploads\/2020\/06\/Titelbild_Bad_Breisig_Rhein_Ahr.jpg 850w\" sizes=\"auto, (max-width: 300px) 100vw, 300px\" \/><\/a><\/p>\n<hr \/>\n<p>Genannt werden kann auf MYRCM ab dem Freitag, den 03. Juli 2020, um 20:00 Uhr bis zum 04. August 2020, um 23:59 Uhr. Die Teilnehmerzahl ist nach derzeitigem Stand auf 60 Starter begrenzt. Klar, den Vorzug bekommen die Teilnehmer der DM und des DC.<\/p>\n<p><strong>Wichtige Links zum Rennen (PDF):<\/strong><\/p>\n<ul>\n<li><a href=\"http:\/\/dmc-online.com\/wordpress\/terminuploads\/1593608738_200823_MCC_Bad_Breisig_-_DM_VG10_-_Ausschreibung_V1_-_200629.pdf\" target=\"_blank\" rel=\"noopener noreferrer\">Ausschreibung<\/a><\/li>\n<li><a href=\"http:\/\/dmc-online.com\/wordpress\/terminuploads\/1593609117_Reifen.pdf\" target=\"_blank\" rel=\"noopener noreferrer\">Reifeninfos<\/a><\/li>\n<li><a href=\"http:\/\/dmc-online.com\/wordpress\/terminuploads\/1593609347_Corona.pdf?\" target=\"_blank\" rel=\"noopener noreferrer\">Hinweise zu den Corona-Regeln<\/a><\/li>\n<\/ul>\n<p>&nbsp;<\/p>\n\n<h5>Weitere Links<\/h5>\n<p>https:\/\/mikanews.de\/2019\/09\/26\/guenter-honert-nach-seinem-titelgewinn-vg5tw-2019-in-bad-breisig-das-interview\/<\/p>\n<p>https:\/\/mikanews.de\/2019\/09\/18\/deutsche-meisterschaft-2019-vg10sca-plus-vg10s-vg8s-beim-amc-hamm\/<\/p>\n<p>#mikanews<\/p>\n","protected":false},"excerpt":{"rendered":"<p>Viele Deutsche Meisterschaften wurden in diesem Jahr wegen den Einschr\u00e4nkungen durch den COVID-19 Virus abgesagt. Dies gilt nicht f\u00fcr die VG10 DM beim MCC Rhein-Ahr e.V. in Bad Breisig.<\/p>\n","protected":false},"author":1,"featured_media":251667,"comment_status":"closed","ping_status":"closed","sticky":false,"template":"","format":"standard","meta":{"ngg_post_thumbnail":0,"_jetpack_memberships_contains_paid_content":false,"footnotes":"","jetpack_publicize_message":"","jetpack_publicize_feature_enabled":true,"jetpack_social_post_already_shared":true,"jetpack_social_options":{"image_generator_settings":{"template":"highway","default_image_id":0,"font":"","enabled":false},"version":2}},"categories":[145],"tags":[34,89,797,2652,3302,3510,5524,5792],"class_list":["post-251665","post","type-post","status-publish","format-standard","has-post-thumbnail","hentry","category-events","tag-vg10","tag-deutsche-meisterschaft","tag-rcweb","tag-mcc-rhein-ahr-e-v","tag-mikanews","tag-mika-news","tag-mcc-rhein-ahr","tag-bad-breisig"],"jetpack_publicize_connections":[],"jetpack_featured_media_url":"https:\/\/mikanews.de\/wp-content\/uploads\/2020\/07\/Titelbild_DM_VG10_Bad_Breisig_Rhein_Ahr-1.jpg","jetpack_sharing_enabled":true,"jetpack_shortlink":"https:\/\/wp.me\/p6wBBU-13t7","_links":{"self":[{"href":"https:\/\/mikanews.de\/index.php?rest_route=\/wp\/v2\/posts\/251665","targetHints":{"allow":["GET"]}}],"collection":[{"href":"https:\/\/mikanews.de\/index.php?rest_route=\/wp\/v2\/posts"}],"about":[{"href":"https:\/\/mikanews.de\/index.php?rest_route=\/wp\/v2\/types\/post"}],"author":[{"embeddable":true,"href":"https:\/\/mikanews.de\/index.php?rest_route=\/wp\/v2\/users\/1"}],"replies":[{"embeddable":true,"href":"https:\/\/mikanews.de\/index.php?rest_route=%2Fwp%2Fv2%2Fcomments&post=251665"}],"version-history":[{"count":1,"href":"https:\/\/mikanews.de\/index.php?rest_route=\/wp\/v2\/posts\/251665\/revisions"}],"predecessor-version":[{"id":251668,"href":"https:\/\/mikanews.de\/index.php?rest_route=\/wp\/v2\/posts\/251665\/revisions\/251668"}],"wp:featuredmedia":[{"embeddable":true,"href":"https:\/\/mikanews.de\/index.php?rest_route=\/wp\/v2\/media\/251667"}],"wp:attachment":[{"href":"https:\/\/mikanews.de\/index.php?rest_route=%2Fwp%2Fv2%2Fmedia&parent=251665"}],"wp:term":[{"taxonomy":"category","embeddable":true,"href":"https:\/\/mikanews.de\/index.php?rest_route=%2Fwp%2Fv2%2Fcategories&post=251665"},{"taxonomy":"post_tag","embeddable":true,"href":"https:\/\/mikanews.de\/index.php?rest_route=%2Fwp%2Fv2%2Ftags&post=251665"}],"curies":[{"name":"wp","href":"https:\/\/api.w.org\/{rel}","templated":true}]}}