{"id":253399,"date":"2020-07-30T00:43:17","date_gmt":"2020-07-29T22:43:17","guid":{"rendered":"http:\/\/mikanews.de\/?p=253399"},"modified":"2020-07-30T00:49:14","modified_gmt":"2020-07-29T22:49:14","slug":"saisonstart-der-rc-lemans-lauf-1-in-bad-breisig","status":"publish","type":"post","link":"https:\/\/mikanews.de\/?p=253399","title":{"rendered":"Saisonstart der RC Lemans Lauf 1 in Bad Breisig"},"content":{"rendered":"<p>Vergangenes Wochenende war es endlich soweit. Durch die Corona Krise konnte die RC Lemans versp\u00e4tet in die Saison starten. Auftakt war beim MCC Rhein Ahr, was auch das Warm up f\u00fcr die Deutsche <!--more-->Meisterschaft in gut 4 Wochen war.<br \/>\nF\u00fcr viele waren es die ersten Akkus diese Saison. Daher wurde das Samstagstraining gut genutzt.<\/p>\n<p>Vorweg; Die geforderten Ma\u00dfnahmen, wie Abstand und das Tragen des Mund und Nasenschutzes wurden hervorragend umgesetzt \u2013 von Fahrer und Verein.<\/p>\n<p>Der Rennsonntag wurde wegen Nasser Strecke um eine Stunde verschoben. Mit leicht feuchten Bedingungen ging es in den ersten Vorlauf beider Pro10 Klassen, LMP1 und LMP2.<\/p>\n<p>In LMP2 Stock war Sascha Lennartz der schnellste Fahrer in Vorlauf 1, gefolgt vom local Hero Max Johennken und Timo Schad, als amtierender LMP1 Champion.<br \/>\nVorlauf 2 ging an Dirk Elesebusch, der mit Doppelstart sehr gefordert war zwischen den L\u00e4ufen und Klassen. Zweiter wurde erneut Max, vor Vize Champion Mathijs Hermens. In den 3 \u201eRocket round\u201c Vorl\u00e4ufen war dann der letzte Vorlauf f\u00fcr viele eine Steigerung. Mathijs setzte sich mit einem sehr schnellen Lauf und als Einziger mit 26 Runden auf TQ f\u00fcr die Finale. Dirk wurde Zweiter in dem Lauf und positionierte sich auch daf\u00fcr f\u00fcr die Finale in der ersten Startreihe. Die Top5 f\u00fcr die Tripple A Finale komplettierten Sascha Lennartz, Max Johennken und amtierender Champion Rainer Schad, der ohne Training nur am Sonntag kam.<\/p>\n<p>R\u00fcber in der schnellen LMP1 Klasse: Tim Altman, dem die Strecke mehr als liegt, gab die Pace in Vorlauf 1 vor. Mit einer satten Runde Vorsprung auf Vize Champion Tobias Weist und Tims Bruder Kai. Im auch hier deutlich schnelleren Zweiten Vorlauf setzte Tobias sich auf Platz 1 vor Kai. Tim schied wegen Defekt aus. Tobias festigte mit einem Sieg im Vorlauf 3 seinen TQ. Dahinter lauerten Kai und Tim mit jeweils 2 Sekunden Abstand vor Joachim Behnken und Dirk Elsebusch.<\/p>\n<p>In den Finalen boten Mathijs und Dirk in LMP2 \u00fcber die komplette 7 Min\u00fctige Distanz ein faires und enges Rennen. Dirk machte so viel Druck auf Mathijs, bis er einen kleiner Fehler machte und Dirk ziehen lassen musste. Dirk fuhr das Finale sicher mit 2 Sekunden Vorsprung nach Hause. Sascha konnte die starken Attacken gegen Local Hero Max Johennken standhalten und mit gerade mal 4\/10 Sekunden Platz 3 sichern.<br \/>\nGleich zu Beginn zu Finale 2 leistete sich Mathijs einen Fehler und Dirk setzte sich erneut an die Spitze. Dahinter ging es hei\u00df her. Timo Schad bahnte sich den Weg von Platz 7 nach Vorne und machte Jagd auf Dirk. Dirk fuhr den Lauf sicher nach Hause und ebnete seinen vorzeitigen Sieg in<br \/>\nLMP2. Dritter wurde Michael Holla, von Platz 6 gestartet, der vom turbolenten Lauf profitierte.<br \/>\nDirk machte auch mit einem Sieg in A3 alles klar. Mathijs leistet sich leider den ein oder anderen Fehler zu viel und fiel im Feld zur\u00fcck. Sascha machte einen Platz gut und fuhr als Zweiter ins Ziel was ihm auch den Gesamtplatz 2 sicherte. Timo Schad erneut mit einem starken Lauf am Ende auf<br \/>\nPlatz 3 im Lauf und im Endresultat.<\/p>\n<hr \/>\n<p><a href=\"https:\/\/mikanews.de\/wp-content\/uploads\/2020\/07\/LMP2_wm.jpg\" rel=\"lightbox[253399]\"><img loading=\"lazy\" decoding=\"async\" class=\"aligncenter size-medium wp-image-253401\" src=\"https:\/\/mikanews.de\/wp-content\/uploads\/2020\/07\/LMP2_wm-300x225.jpg\" alt=\"\" width=\"300\" height=\"225\" srcset=\"https:\/\/mikanews.de\/wp-content\/uploads\/2020\/07\/LMP2_wm-300x225.jpg 300w, https:\/\/mikanews.de\/wp-content\/uploads\/2020\/07\/LMP2_wm.jpg 850w\" sizes=\"auto, (max-width: 300px) 100vw, 300px\" \/><\/a><\/p>\n<hr \/>\n<p>In der schnellen LMP1 Klasse verlief der Start von Tobias alles andere als Gut und lag nach nur einer Kurve auf dem Dach nach Kontakt. Tim machte Profit und \u00fcbernahm direkt die F\u00fchrung. Diese gab er auch nicht mehr her bis zum Ende. Dirk Elsebusch und Joachim Behnken bahnten sich ihren Weg nach Vorne auf Platz Zwei und Drei und profitierten zus\u00e4tzlich von Fehler Anderer.<br \/>\nDer Start zu A2 verlief deutlich besser und Tobias konnte sich absetzen vom Feld. A1 Gewinner Tim schied bereits nach Runde 1 aus. Tobias erwischte leider in F\u00fchrung liegend ein technischer Defekt zu Mitte des Laufes. Kai \u00fcbernahm diesmal die F\u00fchrung und gewann A2. Joachim und Dirk<br \/>\ntauschten diesmal die Pl\u00e4tze und kamen wieder als Zweiter und Dritter ins Ziel.<\/p>\n<p>A3 sollte dann die Entscheidung bringen zwischen Kai, Tim, Joachim und Dirk. Tobias konnte leider nicht mehr mit eingreifen um den Tagessieg. Tim \u00fcberholte schnell seinen Bruder Kai und nahm die Verfolgung auf Tobias auf und kam auch an ihm vorbei. Im Windschattenduell fuhren beide Ihre Runden. In der vorletzten Runde fand Tobias eine L\u00fccke und \u00fcbernahm wieder die Spitze bis zum Ziel. Tim reichte der Zweite Platz f\u00fcr den Tagessieg. Kai sicherte sich im Tie-Break den Zweiten Platz vor Joachim Behnken.<\/p>\n<hr \/>\n<p><a href=\"https:\/\/mikanews.de\/wp-content\/uploads\/2020\/07\/LMP1_wm.jpg\" rel=\"lightbox[253399]\"><img loading=\"lazy\" decoding=\"async\" class=\"aligncenter size-medium wp-image-253402\" src=\"https:\/\/mikanews.de\/wp-content\/uploads\/2020\/07\/LMP1_wm-300x225.jpg\" alt=\"\" width=\"300\" height=\"225\" srcset=\"https:\/\/mikanews.de\/wp-content\/uploads\/2020\/07\/LMP1_wm-300x225.jpg 300w, https:\/\/mikanews.de\/wp-content\/uploads\/2020\/07\/LMP1_wm.jpg 850w\" sizes=\"auto, (max-width: 300px) 100vw, 300px\" \/><\/a><\/p>\n<hr \/>\n<p><strong>Quelle:<\/strong>\u00a0<a href=\"http:\/\/www.rc-lemans.de\/\" target=\"_blank\" rel=\"noopener noreferrer\">www.rc-lemans.de<\/a>\u00a0und\u00a0(Tobias Weist \u2013\u00a0<a href=\"https:\/\/www.vip-pro10.com\/\" target=\"_blank\" rel=\"noopener noreferrer\">https:\/\/www.vip-pro10.com\/<\/a>)<\/p>\n\n<h5>Weitere Links<\/h5>\n<p>https:\/\/mikanews.de\/2019\/08\/11\/altmann-und-schad-siegreich-bei-der-rc-lemans-beim-amc-apeldoornnl\/<\/p>\n<p>https:\/\/mikanews.de\/2019\/10\/13\/finale-6-lauf-der-rc-lemans-im-niederlaendischen-velp\/<\/p>\n<p>#mikanews<\/p>\n","protected":false},"excerpt":{"rendered":"<p>Vergangenes Wochenende war es endlich soweit. Durch die Corona Krise konnte die RC Lemans versp\u00e4tet in die Saison starten. Auftakt war beim MCC Rhein Ahr, was auch das Warm up f\u00fcr die Deutsche<\/p>\n","protected":false},"author":1,"featured_media":253402,"comment_status":"closed","ping_status":"closed","sticky":false,"template":"","format":"standard","meta":{"ngg_post_thumbnail":0,"_jetpack_memberships_contains_paid_content":false,"footnotes":"","jetpack_publicize_message":"","jetpack_publicize_feature_enabled":true,"jetpack_social_post_already_shared":true,"jetpack_social_options":{"image_generator_settings":{"template":"highway","default_image_id":0,"font":"","enabled":false},"version":2}},"categories":[3],"tags":[797,5641],"class_list":["post-253399","post","type-post","status-publish","format-standard","has-post-thumbnail","hentry","category-rennberichte","tag-rcweb","tag-rc-lemans"],"jetpack_publicize_connections":[],"jetpack_featured_media_url":"https:\/\/mikanews.de\/wp-content\/uploads\/2020\/07\/LMP1_wm.jpg","jetpack_sharing_enabled":true,"jetpack_shortlink":"https:\/\/wp.me\/p6wBBU-13V5","_links":{"self":[{"href":"https:\/\/mikanews.de\/index.php?rest_route=\/wp\/v2\/posts\/253399","targetHints":{"allow":["GET"]}}],"collection":[{"href":"https:\/\/mikanews.de\/index.php?rest_route=\/wp\/v2\/posts"}],"about":[{"href":"https:\/\/mikanews.de\/index.php?rest_route=\/wp\/v2\/types\/post"}],"author":[{"embeddable":true,"href":"https:\/\/mikanews.de\/index.php?rest_route=\/wp\/v2\/users\/1"}],"replies":[{"embeddable":true,"href":"https:\/\/mikanews.de\/index.php?rest_route=%2Fwp%2Fv2%2Fcomments&post=253399"}],"version-history":[{"count":4,"href":"https:\/\/mikanews.de\/index.php?rest_route=\/wp\/v2\/posts\/253399\/revisions"}],"predecessor-version":[{"id":253405,"href":"https:\/\/mikanews.de\/index.php?rest_route=\/wp\/v2\/posts\/253399\/revisions\/253405"}],"wp:featuredmedia":[{"embeddable":true,"href":"https:\/\/mikanews.de\/index.php?rest_route=\/wp\/v2\/media\/253402"}],"wp:attachment":[{"href":"https:\/\/mikanews.de\/index.php?rest_route=%2Fwp%2Fv2%2Fmedia&parent=253399"}],"wp:term":[{"taxonomy":"category","embeddable":true,"href":"https:\/\/mikanews.de\/index.php?rest_route=%2Fwp%2Fv2%2Fcategories&post=253399"},{"taxonomy":"post_tag","embeddable":true,"href":"https:\/\/mikanews.de\/index.php?rest_route=%2Fwp%2Fv2%2Ftags&post=253399"}],"curies":[{"name":"wp","href":"https:\/\/api.w.org\/{rel}","templated":true}]}}