{"id":317672,"date":"2023-02-13T12:33:35","date_gmt":"2023-02-13T11:33:35","guid":{"rendered":"https:\/\/mikanews.de\/?p=317672"},"modified":"2023-02-13T12:33:35","modified_gmt":"2023-02-13T11:33:35","slug":"4-six-days-beim-amc-langenfeld","status":"publish","type":"post","link":"https:\/\/mikanews.de\/?p=317672","title":{"rendered":"4. Six Days beim AMC Langenfeld"},"content":{"rendered":"<p>Am letzten Wochenende wurde es wieder voll beim AMC Langenfeld beim nun bereits 4 Saisonlauf der Six Days in den Elektro 1\/10 <!--more-->Offroadklassen. Mit am Start viele junge Fahrer und -innen, die beim AMC Langenfeld einen guten Einstieg ins Hobby bekommen. Wer Unterst\u00fctzung und Hilfe ben\u00f6tigt, der bekommt diese vom Verein. F\u00fcr den Verein steht die Nachwuchsarbeit hoch im Fokus. Dies zeigt sich nicht nur bei den Rennen an den guten Starterzahlen.<\/p>\n\n\n<figure class=\"wp-block-image size-full\"><a href=\"https:\/\/mikanews.de\/wp-content\/uploads\/2023\/02\/Six_Days-R4-AMC_Langenfeld_1.jpg\" rel=\"lightbox[317672]\"><img loading=\"lazy\" decoding=\"async\" width=\"850\" height=\"638\" src=\"https:\/\/mikanews.de\/wp-content\/uploads\/2023\/02\/Six_Days-R4-AMC_Langenfeld_1.jpg\" alt=\"\" class=\"wp-image-317678\" srcset=\"https:\/\/mikanews.de\/wp-content\/uploads\/2023\/02\/Six_Days-R4-AMC_Langenfeld_1.jpg 850w, https:\/\/mikanews.de\/wp-content\/uploads\/2023\/02\/Six_Days-R4-AMC_Langenfeld_1-300x225.jpg 300w\" sizes=\"auto, (max-width: 850px) 100vw, 850px\" \/><\/a><\/figure>\n\n\n\n<figure class=\"wp-block-image size-full\"><a href=\"https:\/\/mikanews.de\/wp-content\/uploads\/2023\/02\/Six_Days-R4-AMC_Langenfeld_2.jpg\" rel=\"lightbox[317672]\"><img loading=\"lazy\" decoding=\"async\" width=\"850\" height=\"638\" src=\"https:\/\/mikanews.de\/wp-content\/uploads\/2023\/02\/Six_Days-R4-AMC_Langenfeld_2.jpg\" alt=\"\" class=\"wp-image-317679\" srcset=\"https:\/\/mikanews.de\/wp-content\/uploads\/2023\/02\/Six_Days-R4-AMC_Langenfeld_2.jpg 850w, https:\/\/mikanews.de\/wp-content\/uploads\/2023\/02\/Six_Days-R4-AMC_Langenfeld_2-300x225.jpg 300w\" sizes=\"auto, (max-width: 850px) 100vw, 850px\" \/><\/a><\/figure>\n\n\n<p>Wie ihr sehen konntet auf dem Bild, war es ein sch\u00f6nes Streckenlayout, was f\u00fcr das Rennen aufgebaut wurde. Diverse Spr\u00fcnge, ein Table, Spitzkehre und Deckel als Abgrenzung machten den \u00b4Reiz der Strecke aus. Daneben war der AMC top organisiert, angefangen von der Zeitnahme, Rennleitung bis zur Verpflegung, um den Teilnehmern zwei tolle RC Car Tage zu bieten. Am Ende waren alle zufrieden und nat\u00fcrlich konnte es nur einen Sieger in den jeweiligen Klassen geben.<\/p>\n<p>Hier die Ergebnisse:<\/p>\n\n<p><span class=\"x193iq5w xeuugli x13faqbe x1vvkbs x1xmvt09 x1lliihq x1s928wv xhkezso x1gmr53x x1cpjm7i x1fgarty x1943h6x xudqn12 x3x7a5m x6prxxf xvq8zen xo1l8bm xzsf02u\" dir=\"auto\"><strong>Fun \/ Kids<\/strong> <br \/>1 Nico Petry <br \/>2 Lukas Klein <br \/>3 Ben Dammermann<\/span><\/p>\n\n\n<figure class=\"wp-block-image size-full\"><a href=\"https:\/\/mikanews.de\/wp-content\/uploads\/2023\/02\/Six_Days-R4-AMC_Langenfeld_FUN-KIDS.jpg\" rel=\"lightbox[317672]\"><img loading=\"lazy\" decoding=\"async\" width=\"850\" height=\"638\" src=\"https:\/\/mikanews.de\/wp-content\/uploads\/2023\/02\/Six_Days-R4-AMC_Langenfeld_FUN-KIDS.jpg\" alt=\"\" class=\"wp-image-317674\" srcset=\"https:\/\/mikanews.de\/wp-content\/uploads\/2023\/02\/Six_Days-R4-AMC_Langenfeld_FUN-KIDS.jpg 850w, https:\/\/mikanews.de\/wp-content\/uploads\/2023\/02\/Six_Days-R4-AMC_Langenfeld_FUN-KIDS-300x225.jpg 300w\" sizes=\"auto, (max-width: 850px) 100vw, 850px\" \/><\/a><\/figure>\n\n\n<p><span class=\"x193iq5w xeuugli x13faqbe x1vvkbs x1xmvt09 x1lliihq x1s928wv xhkezso x1gmr53x x1cpjm7i x1fgarty x1943h6x xudqn12 x3x7a5m x6prxxf xvq8zen xo1l8bm xzsf02u\" dir=\"auto\"><strong>4WD Buggy<\/strong> <br \/>1 Marcel Schneider <br \/>2 J\u00f6rn Neumann <br \/>3 Mick Burbach <br \/>B-Main &#8211; Julian Druschel <br \/>C-Main &#8211; Stefan Augustin <br \/>D-Main &#8211; Nico Petry<\/span><\/p>\n\n\n<figure class=\"wp-block-image size-full\"><a href=\"https:\/\/mikanews.de\/wp-content\/uploads\/2023\/02\/Six_Days-R4-AMC_Langenfeld_4WD.jpg\" rel=\"lightbox[317672]\"><img loading=\"lazy\" decoding=\"async\" width=\"720\" height=\"540\" src=\"https:\/\/mikanews.de\/wp-content\/uploads\/2023\/02\/Six_Days-R4-AMC_Langenfeld_4WD.jpg\" alt=\"\" class=\"wp-image-317673\" srcset=\"https:\/\/mikanews.de\/wp-content\/uploads\/2023\/02\/Six_Days-R4-AMC_Langenfeld_4WD.jpg 720w, https:\/\/mikanews.de\/wp-content\/uploads\/2023\/02\/Six_Days-R4-AMC_Langenfeld_4WD-300x225.jpg 300w\" sizes=\"auto, (max-width: 720px) 100vw, 720px\" \/><\/a><\/figure>\n\n\n<p><span class=\"x193iq5w xeuugli x13faqbe x1vvkbs x1xmvt09 x1lliihq x1s928wv xhkezso x1gmr53x x1cpjm7i x1fgarty x1943h6x xudqn12 x3x7a5m x6prxxf xvq8zen xo1l8bm xzsf02u\" dir=\"auto\"><strong>2WD Buggy<\/strong> <br \/>1 J\u00f6rn Neumann <br \/>2 Marcel Guske <br \/>3 Marcel Schneider <br \/>B Main &#8211; Pulicano Giuseppe <br \/>C Main &#8211; Michael Zimmer <br \/>D Main &#8211; Michel Maier<\/span><\/p>\n\n\n<figure class=\"wp-block-image size-full\"><a href=\"https:\/\/mikanews.de\/wp-content\/uploads\/2023\/02\/Six_Days-R4-AMC_Langenfeld_2WD.jpg\" rel=\"lightbox[317672]\"><img loading=\"lazy\" decoding=\"async\" width=\"850\" height=\"638\" src=\"https:\/\/mikanews.de\/wp-content\/uploads\/2023\/02\/Six_Days-R4-AMC_Langenfeld_2WD.jpg\" alt=\"\" class=\"wp-image-317675\" srcset=\"https:\/\/mikanews.de\/wp-content\/uploads\/2023\/02\/Six_Days-R4-AMC_Langenfeld_2WD.jpg 850w, https:\/\/mikanews.de\/wp-content\/uploads\/2023\/02\/Six_Days-R4-AMC_Langenfeld_2WD-300x225.jpg 300w\" sizes=\"auto, (max-width: 850px) 100vw, 850px\" \/><\/a><\/figure>\n\n\n<p><span class=\"x193iq5w xeuugli x13faqbe x1vvkbs x1xmvt09 x1lliihq x1s928wv xhkezso x1gmr53x x1cpjm7i x1fgarty x1943h6x xudqn12 x3x7a5m x6prxxf xvq8zen xo1l8bm xzsf02u\" dir=\"auto\"><strong>Short Course<\/strong> <br \/>1 Ralf Weyl <br \/>2 Kai Killmann <br \/>3 Thomas Linge<\/span><\/p>\n\n\n<figure class=\"wp-block-image size-full\"><a href=\"https:\/\/mikanews.de\/wp-content\/uploads\/2023\/02\/Six_Days-R4-AMC_Langenfeld_SC.jpg\" rel=\"lightbox[317672]\"><img loading=\"lazy\" decoding=\"async\" width=\"850\" height=\"638\" src=\"https:\/\/mikanews.de\/wp-content\/uploads\/2023\/02\/Six_Days-R4-AMC_Langenfeld_SC.jpg\" alt=\"\" class=\"wp-image-317676\" srcset=\"https:\/\/mikanews.de\/wp-content\/uploads\/2023\/02\/Six_Days-R4-AMC_Langenfeld_SC.jpg 850w, https:\/\/mikanews.de\/wp-content\/uploads\/2023\/02\/Six_Days-R4-AMC_Langenfeld_SC-300x225.jpg 300w\" sizes=\"auto, (max-width: 850px) 100vw, 850px\" \/><\/a><\/figure>\n\n\n<p><span class=\"x193iq5w xeuugli x13faqbe x1vvkbs x1xmvt09 x1lliihq x1s928wv xhkezso x1gmr53x x1cpjm7i x1fgarty x1943h6x xudqn12 x3x7a5m x6prxxf xvq8zen xo1l8bm xzsf02u\" dir=\"auto\"><strong>Truck<\/strong> <br \/>1 Marcel Schneider <br \/>2 Frank Wakan <br \/>3 Thomas M\u00fcller <br \/>B-Main &#8211; Florian Schulz<\/span><\/p>\n\n\n<figure class=\"wp-block-image size-full\"><a href=\"https:\/\/mikanews.de\/wp-content\/uploads\/2023\/02\/Six_Days-R4-AMC_Langenfeld_Truck.jpg\" rel=\"lightbox[317672]\"><img loading=\"lazy\" decoding=\"async\" width=\"850\" height=\"638\" src=\"https:\/\/mikanews.de\/wp-content\/uploads\/2023\/02\/Six_Days-R4-AMC_Langenfeld_Truck.jpg\" alt=\"\" class=\"wp-image-317677\" srcset=\"https:\/\/mikanews.de\/wp-content\/uploads\/2023\/02\/Six_Days-R4-AMC_Langenfeld_Truck.jpg 850w, https:\/\/mikanews.de\/wp-content\/uploads\/2023\/02\/Six_Days-R4-AMC_Langenfeld_Truck-300x225.jpg 300w\" sizes=\"auto, (max-width: 850px) 100vw, 850px\" \/><\/a><\/figure>\n\n\n<p>Das war das vierte Rennen beim AMC Langenfeld. Bald geht es auch im Freien auf ihrer permanenten Rennstrecke weiter. Schaut auf die Webseite und informiert euch \u00fcber die n\u00e4chsten Termine.<\/p>\n<p>Fotos von <a class=\"x1i10hfl xjbqb8w x6umtig x1b1mbwd xaqea5y xav7gou x9f619 x1ypdohk xt0psk2 xe8uvvx xdj266r x11i5rnm xat24cr x1mh8g0r xexx8yu x4uap5 x18d9i69 xkhd6sd x16tdsg8 x1hl2dhg xggy1nq x1a2a7pz xt0b8zv x1qq9wsj xo1l8bm\" tabindex=\"0\" role=\"link\" href=\"https:\/\/www.facebook.com\/profile.php?id=100077632202963&amp;__cft__[0]=AZWumxtVJeAYWI4uBZyXEIzjSCGdmeNwINJwvjQabCmyplC23vZXl5SQcofyERFWGQy53pN-YO36ADnwPVyARy7Pg5YDxlCHG1aB_5f6EwuJV87NeDu1BfTim6MnfBGafME&amp;__tn__=-]K-R\" target=\"_blank\" rel=\"noopener\"><span class=\"xt0psk2\">Andre Vaupel.<\/span><\/a><\/p>\n<div id=\"jsc_c_6n\" class=\"x1n2onr6\">\n<div class=\"x1n2onr6\">\n<div>\n<div>\n<div class=\"x1n2onr6\">\n<div class=\"x1n2onr6\">\n<div class=\"x6ikm8r x10wlt62 x10l6tqk\">\u00a0<\/div>\n<\/div>\n<\/div>\n<\/div>\n<\/div>\n<\/div>\n<\/div>\n<p>Verein:\u00a0\u00a0<a href=\"http:\/\/www.amc-langenfeld.de\/\" target=\"_blank\" rel=\"noopener noreferrer\">AMC\u00a0Langenfeld<\/a><\/p>\n","protected":false},"excerpt":{"rendered":"<p>Am letzten Wochenende wurde es wieder voll beim AMC Langenfeld beim nun bereits 4 Saisonlauf der Six Days in den Elektro 1\/10<\/p>\n","protected":false},"author":1,"featured_media":317680,"comment_status":"closed","ping_status":"closed","sticky":false,"template":"","format":"standard","meta":{"ngg_post_thumbnail":0,"_jetpack_memberships_contains_paid_content":false,"footnotes":"","jetpack_publicize_message":"","jetpack_publicize_feature_enabled":true,"jetpack_social_post_already_shared":true,"jetpack_social_options":{"image_generator_settings":{"template":"highway","default_image_id":0,"font":"","enabled":false},"version":2}},"categories":[3],"tags":[30,3227,3228,3302,3510,3747,11828,11928,12103,12224,13050],"class_list":["post-317672","post","type-post","status-publish","format-standard","has-post-thumbnail","hentry","category-rennberichte","tag-offroad","tag-amc-langenfeld","tag-amc-langenfeld-e-v","tag-mikanews","tag-mika-news","tag-rcnews","tag-longfield-sixdays","tag-sixdays","tag-six-days","tag-longfield-six-days","tag-amc-langenfeld-2"],"jetpack_publicize_connections":[],"jetpack_featured_media_url":"https:\/\/mikanews.de\/wp-content\/uploads\/2023\/02\/Titelbild_Six_Days-R4-AMC_Langenfeld.jpg","jetpack_sharing_enabled":true,"jetpack_shortlink":"https:\/\/wp.me\/p6wBBU-1kDK","_links":{"self":[{"href":"https:\/\/mikanews.de\/index.php?rest_route=\/wp\/v2\/posts\/317672","targetHints":{"allow":["GET"]}}],"collection":[{"href":"https:\/\/mikanews.de\/index.php?rest_route=\/wp\/v2\/posts"}],"about":[{"href":"https:\/\/mikanews.de\/index.php?rest_route=\/wp\/v2\/types\/post"}],"author":[{"embeddable":true,"href":"https:\/\/mikanews.de\/index.php?rest_route=\/wp\/v2\/users\/1"}],"replies":[{"embeddable":true,"href":"https:\/\/mikanews.de\/index.php?rest_route=%2Fwp%2Fv2%2Fcomments&post=317672"}],"version-history":[{"count":1,"href":"https:\/\/mikanews.de\/index.php?rest_route=\/wp\/v2\/posts\/317672\/revisions"}],"predecessor-version":[{"id":317681,"href":"https:\/\/mikanews.de\/index.php?rest_route=\/wp\/v2\/posts\/317672\/revisions\/317681"}],"wp:featuredmedia":[{"embeddable":true,"href":"https:\/\/mikanews.de\/index.php?rest_route=\/wp\/v2\/media\/317680"}],"wp:attachment":[{"href":"https:\/\/mikanews.de\/index.php?rest_route=%2Fwp%2Fv2%2Fmedia&parent=317672"}],"wp:term":[{"taxonomy":"category","embeddable":true,"href":"https:\/\/mikanews.de\/index.php?rest_route=%2Fwp%2Fv2%2Fcategories&post=317672"},{"taxonomy":"post_tag","embeddable":true,"href":"https:\/\/mikanews.de\/index.php?rest_route=%2Fwp%2Fv2%2Ftags&post=317672"}],"curies":[{"name":"wp","href":"https:\/\/api.w.org\/{rel}","templated":true}]}}