{"id":318414,"date":"2023-02-28T11:50:15","date_gmt":"2023-02-28T10:50:15","guid":{"rendered":"https:\/\/mikanews.de\/?p=318414"},"modified":"2023-02-28T11:50:15","modified_gmt":"2023-02-28T10:50:15","slug":"der-rcmc-lud-zur-rck-kleinserie","status":"publish","type":"post","link":"https:\/\/mikanews.de\/?p=318414","title":{"rendered":"Der RCMC lud zur RCK-Kleinserie"},"content":{"rendered":"<p>Am 19.02.2023 war es endlich wieder soweit, die RCK-Kleinserie Nord\/West war wieder zu Gast beim RCMC Ibbenb\u00fcren in H\u00f6rstel-Riesenbeck.<!--more--><\/p>\n\n\n<figure class=\"wp-block-image size-full\"><a href=\"https:\/\/mikanews.de\/wp-content\/uploads\/2023\/02\/2023_02_19_RCK_Kleinserie_RCMC_Ibbenbueren-3.jpg\" rel=\"lightbox[318414]\"><img loading=\"lazy\" decoding=\"async\" width=\"850\" height=\"567\" src=\"https:\/\/mikanews.de\/wp-content\/uploads\/2023\/02\/2023_02_19_RCK_Kleinserie_RCMC_Ibbenbueren-3.jpg\" alt=\"\" class=\"wp-image-318421\" srcset=\"https:\/\/mikanews.de\/wp-content\/uploads\/2023\/02\/2023_02_19_RCK_Kleinserie_RCMC_Ibbenbueren-3.jpg 850w, https:\/\/mikanews.de\/wp-content\/uploads\/2023\/02\/2023_02_19_RCK_Kleinserie_RCMC_Ibbenbueren-3-300x200.jpg 300w\" sizes=\"auto, (max-width: 850px) 100vw, 850px\" \/><\/a><figcaption>Gruppenbild &#8211; Bild von Benjamin \u00a0<a rel=\"noreferrer noopener\" href=\"http:\/\/www.rcmc-ibbenbueren.de\" target=\"_blank\">www.rcmc-ibbenbueren.de<\/a><\/figcaption><\/figure>\n\n\n\n<figure class=\"wp-block-image size-full\"><a href=\"https:\/\/mikanews.de\/wp-content\/uploads\/2023\/02\/2023_02_19_RCK_Kleinserie_RCMC_Ibbenbueren-4.jpg\" rel=\"lightbox[318414]\"><img loading=\"lazy\" decoding=\"async\" width=\"850\" height=\"567\" src=\"https:\/\/mikanews.de\/wp-content\/uploads\/2023\/02\/2023_02_19_RCK_Kleinserie_RCMC_Ibbenbueren-4.jpg\" alt=\"\" class=\"wp-image-318422\" srcset=\"https:\/\/mikanews.de\/wp-content\/uploads\/2023\/02\/2023_02_19_RCK_Kleinserie_RCMC_Ibbenbueren-4.jpg 850w, https:\/\/mikanews.de\/wp-content\/uploads\/2023\/02\/2023_02_19_RCK_Kleinserie_RCMC_Ibbenbueren-4-300x200.jpg 300w\" sizes=\"auto, (max-width: 850px) 100vw, 850px\" \/><\/a><\/figure>\n\n\n<p>Bereits am Samstag vor dem Rennen wurde ausgiebig trainiert, um optimal f\u00fcr den Renntag vorbereitet zu sein. Am Sonntag wurden dann spannende Rennen in den Klassen VTA, Porsche-Cup und GT-Sport ausgetragen. Die Vorl\u00e4ufe am Vormittag bestimmten die Startpositionen in den unterschiedlichen Klassen.<\/p>\n<p>Nach einer st\u00e4rkenden Mittagspause starteten am Nachmittag die Finall\u00e4ufe. In allen Klassen wurde mit vollem Einsatz und maximalem Fahrspa\u00df um die Positionen gek\u00e4mpft. Insbesondere im Porsche Cup geht es hei\u00df her aber auch die VTA Klasse mit ihrem gewohnt starkem Starterfeld sorgte f\u00fcr spannende racing Action. Die GT-Sport klasse k\u00f6nnte etwas mehr Zuspruch vertragen, aber auch mit nur 3 Startern gab es spannende Fights um die Platzierungen, da die Performance der Fahrer und Fahrzeuge hier sehr dicht beieinander liegt.<br \/><br \/><\/p>\n\n\n<figure class=\"wp-block-image size-full\"><a href=\"https:\/\/mikanews.de\/wp-content\/uploads\/2023\/02\/2023_02_19_RCK_Kleinserie_RCMC_Ibbenbueren-2.jpg\" rel=\"lightbox[318414]\"><img loading=\"lazy\" decoding=\"async\" width=\"850\" height=\"567\" src=\"https:\/\/mikanews.de\/wp-content\/uploads\/2023\/02\/2023_02_19_RCK_Kleinserie_RCMC_Ibbenbueren-2.jpg\" alt=\"\" class=\"wp-image-318416\" srcset=\"https:\/\/mikanews.de\/wp-content\/uploads\/2023\/02\/2023_02_19_RCK_Kleinserie_RCMC_Ibbenbueren-2.jpg 850w, https:\/\/mikanews.de\/wp-content\/uploads\/2023\/02\/2023_02_19_RCK_Kleinserie_RCMC_Ibbenbueren-2-300x200.jpg 300w\" sizes=\"auto, (max-width: 850px) 100vw, 850px\" \/><\/a><\/figure>\n\n\n\n<figure class=\"wp-block-image size-full\"><a href=\"https:\/\/mikanews.de\/wp-content\/uploads\/2023\/02\/2023_02_19_RCK_Kleinserie_RCMC_Ibbenbueren-1.jpg\" rel=\"lightbox[318414]\"><img loading=\"lazy\" decoding=\"async\" width=\"850\" height=\"567\" src=\"https:\/\/mikanews.de\/wp-content\/uploads\/2023\/02\/2023_02_19_RCK_Kleinserie_RCMC_Ibbenbueren-1.jpg\" alt=\"\" class=\"wp-image-318423\" srcset=\"https:\/\/mikanews.de\/wp-content\/uploads\/2023\/02\/2023_02_19_RCK_Kleinserie_RCMC_Ibbenbueren-1.jpg 850w, https:\/\/mikanews.de\/wp-content\/uploads\/2023\/02\/2023_02_19_RCK_Kleinserie_RCMC_Ibbenbueren-1-300x200.jpg 300w\" sizes=\"auto, (max-width: 850px) 100vw, 850px\" \/><\/a><\/figure>\n\n\n<p>Hier findet Ihr einige Impressionen vom Renntag <a href=\"https:\/\/protect-de.mimecast.com\/s\/1iGhCEqYz4IRQngjtNjMw1?domain=youtu.be\">https:\/\/youtu.be\/l9ZE3gNDtck<\/a><\/p>\n<p>Weitere Infos, Bilder und Ergebnisse zu vorherigen Veranstaltungen des <br \/>RCMC-Ibbenb\u00fcren k\u00f6nnt Ihr unter <a href=\"http:\/\/www.rcmc-ibbenbueren.de\/\">http:\/\/www.rcmc-ibbenbueren.de\/<\/a> erkunden.<\/p>\n\n\n<figure class=\"wp-block-image size-full\"><a href=\"https:\/\/mikanews.de\/wp-content\/uploads\/2023\/02\/2023_02_19_RCK_Kleinserie_RCMC_Ibbenbueren-5.jpg\" rel=\"lightbox[318414]\"><img loading=\"lazy\" decoding=\"async\" width=\"850\" height=\"565\" src=\"https:\/\/mikanews.de\/wp-content\/uploads\/2023\/02\/2023_02_19_RCK_Kleinserie_RCMC_Ibbenbueren-5.jpg\" alt=\"\" class=\"wp-image-318417\" srcset=\"https:\/\/mikanews.de\/wp-content\/uploads\/2023\/02\/2023_02_19_RCK_Kleinserie_RCMC_Ibbenbueren-5.jpg 850w, https:\/\/mikanews.de\/wp-content\/uploads\/2023\/02\/2023_02_19_RCK_Kleinserie_RCMC_Ibbenbueren-5-300x199.jpg 300w\" sizes=\"auto, (max-width: 850px) 100vw, 850px\" \/><\/a><\/figure>\n\n\n<p>Die VTA Klasse wurde aufgrund der Teilnehmerzahl in A- und B- Finale ausgetragen.<\/p>\n<p>Ergebnis VTA Finale:<\/p>\n\n\n<figure class=\"wp-block-image size-full\"><img loading=\"lazy\" decoding=\"async\" width=\"850\" height=\"567\" src=\"https:\/\/mikanews.de\/wp-content\/uploads\/2023\/02\/2023_02_19_RCK_Kleinserie_RCMC_Ibbenbueren-VTA.jpg\" alt=\"\" class=\"wp-image-318418\" srcset=\"https:\/\/mikanews.de\/wp-content\/uploads\/2023\/02\/2023_02_19_RCK_Kleinserie_RCMC_Ibbenbueren-VTA.jpg 850w, https:\/\/mikanews.de\/wp-content\/uploads\/2023\/02\/2023_02_19_RCK_Kleinserie_RCMC_Ibbenbueren-VTA-300x200.jpg 300w\" sizes=\"auto, (max-width: 850px) 100vw, 850px\" \/><figcaption>1 Bernd Haas (Mitte)<br>2 Hans G\u00fcnther Heitsch (re)<br>3 Thomas Pintat (li)<\/figcaption><\/figure>\n\n\n<p>Ergebnis Porsche-Cup:<\/p>\n\n\n<figure class=\"wp-block-image size-full\"><img loading=\"lazy\" decoding=\"async\" width=\"850\" height=\"567\" src=\"https:\/\/mikanews.de\/wp-content\/uploads\/2023\/02\/2023_02_19_RCK_Kleinserie_RCMC_Ibbenbueren-Porsche.jpg\" alt=\"\" class=\"wp-image-318419\" srcset=\"https:\/\/mikanews.de\/wp-content\/uploads\/2023\/02\/2023_02_19_RCK_Kleinserie_RCMC_Ibbenbueren-Porsche.jpg 850w, https:\/\/mikanews.de\/wp-content\/uploads\/2023\/02\/2023_02_19_RCK_Kleinserie_RCMC_Ibbenbueren-Porsche-300x200.jpg 300w\" sizes=\"auto, (max-width: 850px) 100vw, 850px\" \/><figcaption>1 Michael jun. Martini (Mitte)<br>2 Stefan Olmes (re)<br>3 Christian Kohring (li)<\/figcaption><\/figure>\n\n\n<p>Ergebnis GT Sport:<\/p>\n\n\n<figure class=\"wp-block-image size-full\"><img loading=\"lazy\" decoding=\"async\" width=\"850\" height=\"567\" src=\"https:\/\/mikanews.de\/wp-content\/uploads\/2023\/02\/2023_02_19_RCK_Kleinserie_RCMC_Ibbenbueren-Sport-GT.jpg\" alt=\"\" class=\"wp-image-318420\" srcset=\"https:\/\/mikanews.de\/wp-content\/uploads\/2023\/02\/2023_02_19_RCK_Kleinserie_RCMC_Ibbenbueren-Sport-GT.jpg 850w, https:\/\/mikanews.de\/wp-content\/uploads\/2023\/02\/2023_02_19_RCK_Kleinserie_RCMC_Ibbenbueren-Sport-GT-300x200.jpg 300w\" sizes=\"auto, (max-width: 850px) 100vw, 850px\" \/><figcaption>1: Bernd Haas (mitte)<br>2: Kristian Holz (li)<br>3: Hans G\u00fcnther Heitsch (re)<\/figcaption><\/figure>\n\n\n<p>Danke an alle Teilnehmer f\u00fcr das super Rennen.<\/p>\n\n\n<figure class=\"wp-block-image size-full\"><img loading=\"lazy\" decoding=\"async\" width=\"850\" height=\"567\" src=\"https:\/\/mikanews.de\/wp-content\/uploads\/2023\/02\/2023_02_19_RCK_Kleinserie_RCMC_Ibbenbueren-Gruppenbild.jpg\" alt=\"\" class=\"wp-image-318415\" srcset=\"https:\/\/mikanews.de\/wp-content\/uploads\/2023\/02\/2023_02_19_RCK_Kleinserie_RCMC_Ibbenbueren-Gruppenbild.jpg 850w, https:\/\/mikanews.de\/wp-content\/uploads\/2023\/02\/2023_02_19_RCK_Kleinserie_RCMC_Ibbenbueren-Gruppenbild-300x200.jpg 300w\" sizes=\"auto, (max-width: 850px) 100vw, 850px\" \/><figcaption>Gruppenbild<\/figcaption><\/figure>\n\n\n<p>\u00a0<\/p>\n<p>Schaut doch mal beim\u00a0RCMC Ibbenb\u00fcren e. V. vorbei.<br \/>Auch online unter, <a href=\"http:\/\/www.rcmc-ibbenbueren.de\" target=\"_blank\" rel=\"noopener\">www.rcmc-ibbenbueren.de<\/a><\/p>\n","protected":false},"excerpt":{"rendered":"<p>Am 19.02.2023 war es endlich wieder soweit, die RCK-Kleinserie Nord\/West war wieder zu Gast beim RCMC Ibbenb\u00fcren in H\u00f6rstel-Riesenbeck.<\/p>\n","protected":false},"author":1,"featured_media":318424,"comment_status":"closed","ping_status":"closed","sticky":false,"template":"","format":"standard","meta":{"ngg_post_thumbnail":0,"_jetpack_memberships_contains_paid_content":false,"footnotes":"","jetpack_publicize_message":"","jetpack_publicize_feature_enabled":true,"jetpack_social_post_already_shared":true,"jetpack_social_options":{"image_generator_settings":{"template":"highway","default_image_id":0,"font":"","enabled":false},"version":2}},"categories":[3],"tags":[210,3302,3510,3747,4937,6995,9800,10322,13231],"class_list":["post-318414","post","type-post","status-publish","format-standard","has-post-thumbnail","hentry","category-rennberichte","tag-porsche","tag-mikanews","tag-mika-news","tag-rcnews","tag-rcmc-ibbenbueren","tag-rck-kleinserie","tag-rcmc-ibbenbueren-e-v","tag-porsche-cup","tag-rck-kleinserie-2"],"jetpack_publicize_connections":[],"jetpack_featured_media_url":"https:\/\/mikanews.de\/wp-content\/uploads\/2023\/02\/Titelbild_Ibbenbueren_RC_Kleinserie.gif","jetpack_sharing_enabled":true,"jetpack_shortlink":"https:\/\/wp.me\/p6wBBU-1kPI","_links":{"self":[{"href":"https:\/\/mikanews.de\/index.php?rest_route=\/wp\/v2\/posts\/318414","targetHints":{"allow":["GET"]}}],"collection":[{"href":"https:\/\/mikanews.de\/index.php?rest_route=\/wp\/v2\/posts"}],"about":[{"href":"https:\/\/mikanews.de\/index.php?rest_route=\/wp\/v2\/types\/post"}],"author":[{"embeddable":true,"href":"https:\/\/mikanews.de\/index.php?rest_route=\/wp\/v2\/users\/1"}],"replies":[{"embeddable":true,"href":"https:\/\/mikanews.de\/index.php?rest_route=%2Fwp%2Fv2%2Fcomments&post=318414"}],"version-history":[{"count":2,"href":"https:\/\/mikanews.de\/index.php?rest_route=\/wp\/v2\/posts\/318414\/revisions"}],"predecessor-version":[{"id":318426,"href":"https:\/\/mikanews.de\/index.php?rest_route=\/wp\/v2\/posts\/318414\/revisions\/318426"}],"wp:featuredmedia":[{"embeddable":true,"href":"https:\/\/mikanews.de\/index.php?rest_route=\/wp\/v2\/media\/318424"}],"wp:attachment":[{"href":"https:\/\/mikanews.de\/index.php?rest_route=%2Fwp%2Fv2%2Fmedia&parent=318414"}],"wp:term":[{"taxonomy":"category","embeddable":true,"href":"https:\/\/mikanews.de\/index.php?rest_route=%2Fwp%2Fv2%2Fcategories&post=318414"},{"taxonomy":"post_tag","embeddable":true,"href":"https:\/\/mikanews.de\/index.php?rest_route=%2Fwp%2Fv2%2Ftags&post=318414"}],"curies":[{"name":"wp","href":"https:\/\/api.w.org\/{rel}","templated":true}]}}