{"id":33645,"date":"2016-04-03T21:35:22","date_gmt":"2016-04-03T19:35:22","guid":{"rendered":"http:\/\/mikanews.de\/?p=33645"},"modified":"2016-04-03T21:39:38","modified_gmt":"2016-04-03T19:39:38","slug":"grand-prix-of-kulmbach-das-ergebnis","status":"publish","type":"post","link":"https:\/\/mikanews.de\/?p=33645","title":{"rendered":"Grand Prix of Kulmbach &#8211; Das Ergebnis"},"content":{"rendered":"<p>An diesem Wochenende begann endlich die Verbrennersaison mit dem Grand Prix von Kulmbach. Ein sch\u00f6ner Auftakt an diesem Wochenende f\u00fcr die Buggys im Ma\u00dfstab 1\/8. War es am Freitag <!--more-->noch feucht auf der Strecke, \u00e4nderte sich dies am Rennwochenende. Zum Gl\u00fcck war es trocken. Die Strecke in Kulmbach ist die Reise wert. Eine sch\u00f6ne Kombination aus Spr\u00fcngen und Kurven erwartete hier die Teilnehmer. Im Vorfeld waren\u00a0bereits viele Fahrer f\u00fcr das Event genannt. Viel Action und Spannung konnten die Teilnehmer bei dem Rennen erwarten. Ein Blick auf die Nennliste zeigte dies. Mit\u00a0Sebastian Winterstein, Alex Schmitt, den Kilic Br\u00fcdern, Philipp Gusch, Patrick Hofer, Luca Rau, um nur einige zu nennen, waren einige Spitzenfahrer am Start. Wer w\u00fcrde den besten Start &#8222;nach der Winterpause&#8220; in die Saison in den drei Klasse OR8 Expert, OR8 Hobby und ORE8 feiern.<\/p>\n<figure id=\"attachment_33649\" aria-describedby=\"caption-attachment-33649\" style=\"width: 300px\" class=\"wp-caption aligncenter\"><a href=\"https:\/\/mikanews.de\/wp-content\/uploads\/2016\/04\/2016_04_03_GP_Kulmbach_0056.jpg\" rel=\"lightbox[33645]\"><img loading=\"lazy\" decoding=\"async\" class=\"wp-image-33649 size-medium\" src=\"https:\/\/mikanews.de\/wp-content\/uploads\/2016\/04\/2016_04_03_GP_Kulmbach_0056-300x51.jpg\" alt=\"2016_04_03_GP_Kulmbach_0056\" width=\"300\" height=\"51\" srcset=\"https:\/\/mikanews.de\/wp-content\/uploads\/2016\/04\/2016_04_03_GP_Kulmbach_0056-300x51.jpg 300w, https:\/\/mikanews.de\/wp-content\/uploads\/2016\/04\/2016_04_03_GP_Kulmbach_0056.jpg 850w\" sizes=\"auto, (max-width: 300px) 100vw, 300px\" \/><\/a><figcaption id=\"caption-attachment-33649\" class=\"wp-caption-text\">Streckenbild aus Sicht der Fahrer.<\/figcaption><\/figure>\n<h6>OR8 Expert:<\/h6>\n<p>Nach dem 4.Vorlauf ergab sich folgendes Bild. F\u00fcr die aufsteigenden Finals war noch alles offen.<\/p>\n<figure id=\"attachment_33652\" aria-describedby=\"caption-attachment-33652\" style=\"width: 169px\" class=\"wp-caption aligncenter\"><a href=\"https:\/\/mikanews.de\/wp-content\/uploads\/2016\/04\/2016_04_03_GP_Kulmbach_0059.jpg\" rel=\"lightbox[33645]\"><img loading=\"lazy\" decoding=\"async\" class=\"wp-image-33652 size-medium\" src=\"https:\/\/mikanews.de\/wp-content\/uploads\/2016\/04\/2016_04_03_GP_Kulmbach_0059-169x300.jpg\" alt=\"2016_04_03_GP_Kulmbach_0059\" width=\"169\" height=\"300\" srcset=\"https:\/\/mikanews.de\/wp-content\/uploads\/2016\/04\/2016_04_03_GP_Kulmbach_0059-169x300.jpg 169w, https:\/\/mikanews.de\/wp-content\/uploads\/2016\/04\/2016_04_03_GP_Kulmbach_0059.jpg 478w\" sizes=\"auto, (max-width: 169px) 100vw, 169px\" \/><\/a><figcaption id=\"caption-attachment-33652\" class=\"wp-caption-text\">Rangliste nach Lauf 4<\/figcaption><\/figure>\n<ol>\n<li>Sebastian Winterstein &#8211;\u00a0Mugen MBX-7R<\/li>\n<li>Alex Schmitt &#8211; 38 Runden<\/li>\n<li>Burak Kilic &#8211; Agama A215<\/li>\n<li>Luca Rau &#8211; Kyosho<\/li>\n<li>Lucas Strothmann<\/li>\n<li>Philipp Guschl &#8211; Mugen MBX-7R<\/li>\n<li>Philipp M\u00fcller<\/li>\n<li>Fabian Hinderer<\/li>\n<li>Patrick Hofer<\/li>\n<li>Tim Hinterer<\/li>\n<li>Roman Kummer<\/li>\n<li>Marcel Kruger<\/li>\n<\/ol>\n<figure id=\"attachment_33654\" aria-describedby=\"caption-attachment-33654\" style=\"width: 169px\" class=\"wp-caption aligncenter\"><a href=\"https:\/\/mikanews.de\/wp-content\/uploads\/2016\/04\/2016_04_03_GP_Kulmbach_0061.jpg\" rel=\"lightbox[33645]\"><img loading=\"lazy\" decoding=\"async\" class=\"wp-image-33654 size-medium\" src=\"https:\/\/mikanews.de\/wp-content\/uploads\/2016\/04\/2016_04_03_GP_Kulmbach_0061-169x300.jpg\" alt=\"2016_04_03_GP_Kulmbach_0061\" width=\"169\" height=\"300\" srcset=\"https:\/\/mikanews.de\/wp-content\/uploads\/2016\/04\/2016_04_03_GP_Kulmbach_0061-169x300.jpg 169w, https:\/\/mikanews.de\/wp-content\/uploads\/2016\/04\/2016_04_03_GP_Kulmbach_0061.jpg 478w\" sizes=\"auto, (max-width: 169px) 100vw, 169px\" \/><\/a><figcaption id=\"caption-attachment-33654\" class=\"wp-caption-text\">Ergebnis OR8 Expert<\/figcaption><\/figure>\n<h6>OR8 &#8211; Elo<\/h6>\n<p>Auch in dieser Klasse wurden 4 Vorl\u00e4ufen \u00fcber 5 Minuten gefahren. Aufgrund der Streckengr\u00f6\u00dfe waren 7 Runden das Maximum. Das zeigt die Gr\u00f6\u00dfe der Strecke in Kulmbach. Sebastian Winterstein war in der ORE8 Klasse mit seinem Mugen MBX-7R Eco nach den Vorl\u00e4ufen Schnellster gefolgt von \u00a0Roman Kummer, Luca Rau (Kyosho), Guido Erler, Rene K\u00f6nig und Tim Kraus.<\/p>\n<h6><a href=\"https:\/\/mikanews.de\/wp-content\/uploads\/2016\/04\/2016_04_03_GP_Kulmbach_0055.jpg\" rel=\"lightbox[33645]\"><img loading=\"lazy\" decoding=\"async\" class=\"aligncenter wp-image-33648 size-medium\" src=\"https:\/\/mikanews.de\/wp-content\/uploads\/2016\/04\/2016_04_03_GP_Kulmbach_0055-169x300.jpg\" alt=\"2016_04_03_GP_Kulmbach_0055\" width=\"169\" height=\"300\" srcset=\"https:\/\/mikanews.de\/wp-content\/uploads\/2016\/04\/2016_04_03_GP_Kulmbach_0055-169x300.jpg 169w, https:\/\/mikanews.de\/wp-content\/uploads\/2016\/04\/2016_04_03_GP_Kulmbach_0055.jpg 478w\" sizes=\"auto, (max-width: 169px) 100vw, 169px\" \/><\/a><\/h6>\n<p>Den\u00a0Doppelsieg machte heute Sebastian Winterstein mit dem Finalsieg in der Elektroklasse dann auch noch perfekt. F\u00fcr ihn ein gelungener Einstieg in die Saison.<\/p>\n<h6>OR8 Hobby<\/h6>\n<p>Die zweite Klasse im Rahmen des GP war den Hobbyfahrern bzw. der OR8 Hobby Klasse vorbehalten. Nach 4 Vorl\u00e4ufen war Ralph Sittler vor Stefan Hartenberger und Harry Schnarkowski auf Platz 1 von 24 Teilnehmern.<\/p>\n<figure id=\"attachment_33650\" aria-describedby=\"caption-attachment-33650\" style=\"width: 169px\" class=\"wp-caption aligncenter\"><a href=\"https:\/\/mikanews.de\/wp-content\/uploads\/2016\/04\/2016_04_03_GP_Kulmbach_0057.jpg\" rel=\"lightbox[33645]\"><img loading=\"lazy\" decoding=\"async\" class=\"wp-image-33650 size-medium\" src=\"https:\/\/mikanews.de\/wp-content\/uploads\/2016\/04\/2016_04_03_GP_Kulmbach_0057-169x300.jpg\" alt=\"2016_04_03_GP_Kulmbach_0057\" width=\"169\" height=\"300\" srcset=\"https:\/\/mikanews.de\/wp-content\/uploads\/2016\/04\/2016_04_03_GP_Kulmbach_0057-169x300.jpg 169w, https:\/\/mikanews.de\/wp-content\/uploads\/2016\/04\/2016_04_03_GP_Kulmbach_0057.jpg 478w\" sizes=\"auto, (max-width: 169px) 100vw, 169px\" \/><\/a><figcaption id=\"caption-attachment-33650\" class=\"wp-caption-text\">OR8 Hobby &#8211; Stand nach dem 4.Vorlauf<\/figcaption><\/figure>\n<p>Endergebnis folgt &#8211; fehlte im Moment leider<\/p>\n<div id='gallery-1' class='gallery galleryid-33645 gallery-columns-3 gallery-size-thumbnail'><figure class='gallery-item'>\n\t\t\t<div class='gallery-icon landscape'>\n\t\t\t\t<a href='https:\/\/mikanews.de\/wp-content\/uploads\/2016\/04\/2016_04_03_GP_Kulmbach_0060.jpg' rel=\"lightbox[33645]\"><img loading=\"lazy\" decoding=\"async\" width=\"150\" height=\"150\" src=\"https:\/\/mikanews.de\/wp-content\/uploads\/2016\/04\/2016_04_03_GP_Kulmbach_0060-150x150.jpg\" class=\"attachment-thumbnail size-thumbnail\" alt=\"\" \/><\/a>\n\t\t\t<\/div><\/figure><figure class='gallery-item'>\n\t\t\t<div class='gallery-icon landscape'>\n\t\t\t\t<a href='https:\/\/mikanews.de\/wp-content\/uploads\/2016\/04\/2016_04_03_GP_Kulmbach_0054.jpg' rel=\"lightbox[33645]\"><img loading=\"lazy\" decoding=\"async\" width=\"150\" height=\"150\" src=\"https:\/\/mikanews.de\/wp-content\/uploads\/2016\/04\/2016_04_03_GP_Kulmbach_0054-150x150.jpg\" class=\"attachment-thumbnail size-thumbnail\" alt=\"\" \/><\/a>\n\t\t\t<\/div><\/figure><figure class='gallery-item'>\n\t\t\t<div class='gallery-icon landscape'>\n\t\t\t\t<a href='https:\/\/mikanews.de\/wp-content\/uploads\/2016\/04\/2016_04_03_GP_Kulmbach_0058.jpg' rel=\"lightbox[33645]\"><img loading=\"lazy\" decoding=\"async\" width=\"150\" height=\"150\" src=\"https:\/\/mikanews.de\/wp-content\/uploads\/2016\/04\/2016_04_03_GP_Kulmbach_0058-150x150.jpg\" class=\"attachment-thumbnail size-thumbnail\" alt=\"\" \/><\/a>\n\t\t\t<\/div><\/figure>\n\t\t<\/div>\n\n<h6>Ein paar Bilder vom letzten Jahr hier:<\/h6>\n<div id='gallery-2' class='gallery galleryid-33645 gallery-columns-5 gallery-size-thumbnail'><figure class='gallery-item'>\n\t\t\t<div class='gallery-icon landscape'>\n\t\t\t\t<a href='https:\/\/mikanews.de\/wp-content\/uploads\/2016\/04\/2015_05_03_GP_MCT_Kulmbach_0288.jpg' rel=\"lightbox[33645]\"><img loading=\"lazy\" decoding=\"async\" width=\"150\" height=\"150\" src=\"https:\/\/mikanews.de\/wp-content\/uploads\/2016\/04\/2015_05_03_GP_MCT_Kulmbach_0288-150x150.jpg\" class=\"attachment-thumbnail size-thumbnail\" alt=\"\" \/><\/a>\n\t\t\t<\/div><\/figure><figure class='gallery-item'>\n\t\t\t<div class='gallery-icon landscape'>\n\t\t\t\t<a href='https:\/\/mikanews.de\/wp-content\/uploads\/2016\/04\/2015_05_03_GP_MCT_Kulmbach_0332.jpg' rel=\"lightbox[33645]\"><img loading=\"lazy\" decoding=\"async\" width=\"150\" height=\"150\" src=\"https:\/\/mikanews.de\/wp-content\/uploads\/2016\/04\/2015_05_03_GP_MCT_Kulmbach_0332-150x150.jpg\" class=\"attachment-thumbnail size-thumbnail\" alt=\"\" \/><\/a>\n\t\t\t<\/div><\/figure><figure class='gallery-item'>\n\t\t\t<div class='gallery-icon landscape'>\n\t\t\t\t<a href='https:\/\/mikanews.de\/wp-content\/uploads\/2016\/04\/2015_05_03_GP_MCT_Kulmbach_0442.jpg' rel=\"lightbox[33645]\"><img loading=\"lazy\" decoding=\"async\" width=\"150\" height=\"150\" src=\"https:\/\/mikanews.de\/wp-content\/uploads\/2016\/04\/2015_05_03_GP_MCT_Kulmbach_0442-150x150.jpg\" class=\"attachment-thumbnail size-thumbnail\" alt=\"\" \/><\/a>\n\t\t\t<\/div><\/figure><figure class='gallery-item'>\n\t\t\t<div class='gallery-icon landscape'>\n\t\t\t\t<a href='https:\/\/mikanews.de\/wp-content\/uploads\/2016\/04\/2015_05_03_GP_MCT_Kulmbach_0490.jpg' rel=\"lightbox[33645]\"><img loading=\"lazy\" decoding=\"async\" width=\"150\" height=\"150\" src=\"https:\/\/mikanews.de\/wp-content\/uploads\/2016\/04\/2015_05_03_GP_MCT_Kulmbach_0490-150x150.jpg\" class=\"attachment-thumbnail size-thumbnail\" alt=\"\" \/><\/a>\n\t\t\t<\/div><\/figure><figure class='gallery-item'>\n\t\t\t<div class='gallery-icon landscape'>\n\t\t\t\t<a href='https:\/\/mikanews.de\/wp-content\/uploads\/2016\/04\/2015_05_03_GP_MCT_Kulmbach_0560.jpg' rel=\"lightbox[33645]\"><img loading=\"lazy\" decoding=\"async\" width=\"150\" height=\"150\" src=\"https:\/\/mikanews.de\/wp-content\/uploads\/2016\/04\/2015_05_03_GP_MCT_Kulmbach_0560-150x150.jpg\" class=\"attachment-thumbnail size-thumbnail\" alt=\"\" \/><\/a>\n\t\t\t<\/div><\/figure><figure class='gallery-item'>\n\t\t\t<div class='gallery-icon landscape'>\n\t\t\t\t<a href='https:\/\/mikanews.de\/wp-content\/uploads\/2016\/04\/2015_05_03_GP_MCT_Kulmbach_0569.jpg' rel=\"lightbox[33645]\"><img loading=\"lazy\" decoding=\"async\" width=\"150\" height=\"150\" src=\"https:\/\/mikanews.de\/wp-content\/uploads\/2016\/04\/2015_05_03_GP_MCT_Kulmbach_0569-150x150.jpg\" class=\"attachment-thumbnail size-thumbnail\" alt=\"\" \/><\/a>\n\t\t\t<\/div><\/figure><figure class='gallery-item'>\n\t\t\t<div class='gallery-icon landscape'>\n\t\t\t\t<a href='https:\/\/mikanews.de\/wp-content\/uploads\/2016\/04\/2015_05_03_GP_MCT_Kulmbach_0570.jpg' rel=\"lightbox[33645]\"><img loading=\"lazy\" decoding=\"async\" width=\"150\" height=\"150\" src=\"https:\/\/mikanews.de\/wp-content\/uploads\/2016\/04\/2015_05_03_GP_MCT_Kulmbach_0570-150x150.jpg\" class=\"attachment-thumbnail size-thumbnail\" alt=\"\" \/><\/a>\n\t\t\t<\/div><\/figure><figure class='gallery-item'>\n\t\t\t<div class='gallery-icon landscape'>\n\t\t\t\t<a href='https:\/\/mikanews.de\/wp-content\/uploads\/2016\/04\/2015_05_03_GP_MCT_Kulmbach_0659.jpg' rel=\"lightbox[33645]\"><img loading=\"lazy\" decoding=\"async\" width=\"150\" height=\"150\" src=\"https:\/\/mikanews.de\/wp-content\/uploads\/2016\/04\/2015_05_03_GP_MCT_Kulmbach_0659-150x150.jpg\" class=\"attachment-thumbnail size-thumbnail\" alt=\"\" \/><\/a>\n\t\t\t<\/div><\/figure><figure class='gallery-item'>\n\t\t\t<div class='gallery-icon landscape'>\n\t\t\t\t<a href='https:\/\/mikanews.de\/wp-content\/uploads\/2016\/04\/2015_05_03_GP_MCT_Kulmbach_0667.jpg' rel=\"lightbox[33645]\"><img loading=\"lazy\" decoding=\"async\" width=\"150\" height=\"150\" src=\"https:\/\/mikanews.de\/wp-content\/uploads\/2016\/04\/2015_05_03_GP_MCT_Kulmbach_0667-150x150.jpg\" class=\"attachment-thumbnail size-thumbnail\" alt=\"\" \/><\/a>\n\t\t\t<\/div><\/figure><figure class='gallery-item'>\n\t\t\t<div class='gallery-icon landscape'>\n\t\t\t\t<a href='https:\/\/mikanews.de\/wp-content\/uploads\/2016\/04\/2015_05_03_GP_MCT_Kulmbach_0668.jpg' rel=\"lightbox[33645]\"><img loading=\"lazy\" decoding=\"async\" width=\"150\" height=\"150\" src=\"https:\/\/mikanews.de\/wp-content\/uploads\/2016\/04\/2015_05_03_GP_MCT_Kulmbach_0668-150x150.jpg\" class=\"attachment-thumbnail size-thumbnail\" alt=\"\" \/><\/a>\n\t\t\t<\/div><\/figure><figure class='gallery-item'>\n\t\t\t<div class='gallery-icon landscape'>\n\t\t\t\t<a href='https:\/\/mikanews.de\/wp-content\/uploads\/2016\/04\/2015_05_03_GP_MCT_Kulmbach_0671.jpg' rel=\"lightbox[33645]\"><img loading=\"lazy\" decoding=\"async\" width=\"150\" height=\"150\" src=\"https:\/\/mikanews.de\/wp-content\/uploads\/2016\/04\/2015_05_03_GP_MCT_Kulmbach_0671-150x150.jpg\" class=\"attachment-thumbnail size-thumbnail\" alt=\"\" \/><\/a>\n\t\t\t<\/div><\/figure><figure class='gallery-item'>\n\t\t\t<div class='gallery-icon landscape'>\n\t\t\t\t<a href='https:\/\/mikanews.de\/wp-content\/uploads\/2016\/04\/2015_05_03_GP_MCT_Kulmbach_0675.jpg' rel=\"lightbox[33645]\"><img loading=\"lazy\" decoding=\"async\" width=\"150\" height=\"150\" src=\"https:\/\/mikanews.de\/wp-content\/uploads\/2016\/04\/2015_05_03_GP_MCT_Kulmbach_0675-150x150.jpg\" class=\"attachment-thumbnail size-thumbnail\" alt=\"\" \/><\/a>\n\t\t\t<\/div><\/figure><figure class='gallery-item'>\n\t\t\t<div class='gallery-icon landscape'>\n\t\t\t\t<a href='https:\/\/mikanews.de\/wp-content\/uploads\/2016\/04\/2015_05_03_GP_MCT_Kulmbach_0697.jpg' rel=\"lightbox[33645]\"><img loading=\"lazy\" decoding=\"async\" width=\"150\" height=\"150\" src=\"https:\/\/mikanews.de\/wp-content\/uploads\/2016\/04\/2015_05_03_GP_MCT_Kulmbach_0697-150x150.jpg\" class=\"attachment-thumbnail size-thumbnail\" alt=\"\" \/><\/a>\n\t\t\t<\/div><\/figure><figure class='gallery-item'>\n\t\t\t<div class='gallery-icon landscape'>\n\t\t\t\t<a href='https:\/\/mikanews.de\/wp-content\/uploads\/2016\/04\/2015_05_03_GP_MCT_Kulmbach_0699.jpg' rel=\"lightbox[33645]\"><img loading=\"lazy\" decoding=\"async\" width=\"150\" height=\"150\" src=\"https:\/\/mikanews.de\/wp-content\/uploads\/2016\/04\/2015_05_03_GP_MCT_Kulmbach_0699-150x150.jpg\" class=\"attachment-thumbnail size-thumbnail\" alt=\"\" \/><\/a>\n\t\t\t<\/div><\/figure><figure class='gallery-item'>\n\t\t\t<div class='gallery-icon landscape'>\n\t\t\t\t<a href='https:\/\/mikanews.de\/wp-content\/uploads\/2016\/04\/2015_05_03_GP_MCT_Kulmbach_0701.jpg' rel=\"lightbox[33645]\"><img loading=\"lazy\" decoding=\"async\" width=\"150\" height=\"150\" src=\"https:\/\/mikanews.de\/wp-content\/uploads\/2016\/04\/2015_05_03_GP_MCT_Kulmbach_0701-150x150.jpg\" class=\"attachment-thumbnail size-thumbnail\" alt=\"\" \/><\/a>\n\t\t\t<\/div><\/figure><figure class='gallery-item'>\n\t\t\t<div class='gallery-icon landscape'>\n\t\t\t\t<a href='https:\/\/mikanews.de\/wp-content\/uploads\/2016\/04\/2015_05_03_GP_MCT_Kulmbach_0703.jpg' rel=\"lightbox[33645]\"><img loading=\"lazy\" decoding=\"async\" width=\"150\" height=\"150\" src=\"https:\/\/mikanews.de\/wp-content\/uploads\/2016\/04\/2015_05_03_GP_MCT_Kulmbach_0703-150x150.jpg\" class=\"attachment-thumbnail size-thumbnail\" alt=\"\" \/><\/a>\n\t\t\t<\/div><\/figure><figure class='gallery-item'>\n\t\t\t<div class='gallery-icon landscape'>\n\t\t\t\t<a href='https:\/\/mikanews.de\/wp-content\/uploads\/2016\/04\/2015_05_03_GP_MCT_Kulmbach_0746.jpg' rel=\"lightbox[33645]\"><img loading=\"lazy\" decoding=\"async\" width=\"150\" height=\"150\" src=\"https:\/\/mikanews.de\/wp-content\/uploads\/2016\/04\/2015_05_03_GP_MCT_Kulmbach_0746-150x150.jpg\" class=\"attachment-thumbnail size-thumbnail\" alt=\"\" \/><\/a>\n\t\t\t<\/div><\/figure><figure class='gallery-item'>\n\t\t\t<div class='gallery-icon landscape'>\n\t\t\t\t<a href='https:\/\/mikanews.de\/wp-content\/uploads\/2016\/04\/2015_05_03_GP_MCT_Kulmbach_0749.jpg' rel=\"lightbox[33645]\"><img loading=\"lazy\" decoding=\"async\" width=\"150\" height=\"150\" src=\"https:\/\/mikanews.de\/wp-content\/uploads\/2016\/04\/2015_05_03_GP_MCT_Kulmbach_0749-150x150.jpg\" class=\"attachment-thumbnail size-thumbnail\" alt=\"\" \/><\/a>\n\t\t\t<\/div><\/figure><figure class='gallery-item'>\n\t\t\t<div class='gallery-icon landscape'>\n\t\t\t\t<a href='https:\/\/mikanews.de\/wp-content\/uploads\/2016\/04\/2015_05_03_GP_MCT_Kulmbach_0756.jpg' rel=\"lightbox[33645]\"><img loading=\"lazy\" decoding=\"async\" width=\"150\" height=\"150\" src=\"https:\/\/mikanews.de\/wp-content\/uploads\/2016\/04\/2015_05_03_GP_MCT_Kulmbach_0756-150x150.jpg\" class=\"attachment-thumbnail size-thumbnail\" alt=\"\" \/><\/a>\n\t\t\t<\/div><\/figure><figure class='gallery-item'>\n\t\t\t<div class='gallery-icon landscape'>\n\t\t\t\t<a href='https:\/\/mikanews.de\/wp-content\/uploads\/2016\/04\/2015_05_03_GP_MCT_Kulmbach_0758.jpg' rel=\"lightbox[33645]\"><img loading=\"lazy\" decoding=\"async\" width=\"150\" height=\"150\" src=\"https:\/\/mikanews.de\/wp-content\/uploads\/2016\/04\/2015_05_03_GP_MCT_Kulmbach_0758-150x150.jpg\" class=\"attachment-thumbnail size-thumbnail\" alt=\"\" \/><\/a>\n\t\t\t<\/div><\/figure>\n\t\t<\/div>\n\n<p>Danke Philipp Guschl f\u00fcr die Bilder<\/p>\n<h6>Ank\u00fcndigung vom Rennen:<\/h6>\n<p>https:\/\/mikanews.de\/2016\/03\/30\/grand-prix-of-kulmbach-startet-am-wochenende\/<\/p>\n<p>https:\/\/mikanews.de\/2015\/10\/10\/chassisfokus-mugen-mbx7r-eco-sebastian-winterstein\/<\/p>\n<p>https:\/\/mikanews.de\/2016\/03\/07\/rennaktion-im-czypu-drom-beim-1-sk-lauf-gruppe-west-or8e\/<\/p>\n<p>https:\/\/mikanews.de\/2015\/10\/10\/chassisfokus-mugen-seiki-mbx7r-sebastian-winterstein\/<\/p>\n","protected":false},"excerpt":{"rendered":"<p>An diesem Wochenende begann endlich die Verbrennersaison mit dem Grand Prix von Kulmbach. Ein sch\u00f6ner Auftakt an diesem Wochenende f\u00fcr die Buggys im Ma\u00dfstab 1\/8. War es am Freitag<\/p>\n","protected":false},"author":1,"featured_media":33647,"comment_status":"closed","ping_status":"open","sticky":false,"template":"","format":"standard","meta":{"ngg_post_thumbnail":0,"_jetpack_memberships_contains_paid_content":false,"footnotes":"","jetpack_publicize_message":"","jetpack_publicize_feature_enabled":true,"jetpack_social_post_already_shared":false,"jetpack_social_options":{"image_generator_settings":{"template":"highway","default_image_id":0,"font":"","enabled":false},"version":2}},"categories":[3],"tags":[17,31,82,604,797,1291,1792,2090],"class_list":["post-33645","post","type-post","status-publish","format-standard","has-post-thumbnail","hentry","category-rennberichte","tag-17","tag-or8","tag-mugen","tag-sebastian-winterstein","tag-rcweb","tag-agama","tag-rc","tag-mct-kulmbach"],"jetpack_publicize_connections":[],"jetpack_featured_media_url":"https:\/\/mikanews.de\/wp-content\/uploads\/2016\/04\/2016_04_03_GP_Kulmbach_0054.jpg","jetpack_sharing_enabled":true,"jetpack_shortlink":"https:\/\/wp.me\/p6wBBU-8KF","_links":{"self":[{"href":"https:\/\/mikanews.de\/index.php?rest_route=\/wp\/v2\/posts\/33645","targetHints":{"allow":["GET"]}}],"collection":[{"href":"https:\/\/mikanews.de\/index.php?rest_route=\/wp\/v2\/posts"}],"about":[{"href":"https:\/\/mikanews.de\/index.php?rest_route=\/wp\/v2\/types\/post"}],"author":[{"embeddable":true,"href":"https:\/\/mikanews.de\/index.php?rest_route=\/wp\/v2\/users\/1"}],"replies":[{"embeddable":true,"href":"https:\/\/mikanews.de\/index.php?rest_route=%2Fwp%2Fv2%2Fcomments&post=33645"}],"version-history":[{"count":3,"href":"https:\/\/mikanews.de\/index.php?rest_route=\/wp\/v2\/posts\/33645\/revisions"}],"predecessor-version":[{"id":33677,"href":"https:\/\/mikanews.de\/index.php?rest_route=\/wp\/v2\/posts\/33645\/revisions\/33677"}],"wp:featuredmedia":[{"embeddable":true,"href":"https:\/\/mikanews.de\/index.php?rest_route=\/wp\/v2\/media\/33647"}],"wp:attachment":[{"href":"https:\/\/mikanews.de\/index.php?rest_route=%2Fwp%2Fv2%2Fmedia&parent=33645"}],"wp:term":[{"taxonomy":"category","embeddable":true,"href":"https:\/\/mikanews.de\/index.php?rest_route=%2Fwp%2Fv2%2Fcategories&post=33645"},{"taxonomy":"post_tag","embeddable":true,"href":"https:\/\/mikanews.de\/index.php?rest_route=%2Fwp%2Fv2%2Ftags&post=33645"}],"curies":[{"name":"wp","href":"https:\/\/api.w.org\/{rel}","templated":true}]}}