{"id":338455,"date":"2024-04-13T23:11:42","date_gmt":"2024-04-13T21:11:42","guid":{"rendered":"https:\/\/mikanews.de\/?p=338455"},"modified":"2024-04-13T23:11:42","modified_gmt":"2024-04-13T21:11:42","slug":"lauter-und-orlowski-vorn-efra-euro-1-12","status":"publish","type":"post","link":"https:\/\/mikanews.de\/?p=338455","title":{"rendered":"Lauter und Orlowski vorn &#8211; EFRA Euro 1\/12"},"content":{"rendered":"<p>Heute gab es die Vorl\u00e4ufe bei der EFRA Europameisterschaft 1\/12 in <!--more-->Italien zu sehen. Diese waren vorallem in der Klasse Modified bis zum Schluss sehr spannend. Der deutsche Fahrer Marc Rheinard kam immer besser mit der Strecke zurecht und konnte nicht nur den letzten Vorlauf als Sieger beenden. Trotzdem reichte es noch f\u00fcr den amtierenden IFMAR Weltmeister Michal Orlowski zur Pole Position, was es f\u00fcr die morgigen Finals besonders spannend macht. Neben Marc Rheinard, k\u00f6nnen ihm Ollie Payne und auch Alexander Hagberg den Titelgewinn noch streitig machen. Alle haben mindestens einen Vorlauf gewonnen und haben berechtigte Chancen auf den Sieg. Der Titelkampf ist er\u00f6ffnet.<\/p>\n<ol>\n<li>Michal Orlowski<\/li>\n<li>Ollie Payne<\/li>\n<li>Alexander Hagberg<\/li>\n<li>Marc Rheinard<\/li>\n<\/ol>\n<p>\u00a0<\/p>\n\n\n<figure class=\"wp-block-image size-full\"><a href=\"https:\/\/mikanews.de\/wp-content\/uploads\/2024\/04\/2024_04_12_EFRA_Euro_12_Messina_Italien_Michal_Orlowski.jpg\" rel=\"lightbox[338455]\"><img loading=\"lazy\" decoding=\"async\" width=\"554\" height=\"332\" src=\"https:\/\/mikanews.de\/wp-content\/uploads\/2024\/04\/2024_04_12_EFRA_Euro_12_Messina_Italien_Michal_Orlowski.jpg\" alt=\"\" class=\"wp-image-338456\" srcset=\"https:\/\/mikanews.de\/wp-content\/uploads\/2024\/04\/2024_04_12_EFRA_Euro_12_Messina_Italien_Michal_Orlowski.jpg 554w, https:\/\/mikanews.de\/wp-content\/uploads\/2024\/04\/2024_04_12_EFRA_Euro_12_Messina_Italien_Michal_Orlowski-300x180.jpg 300w\" sizes=\"auto, (max-width: 554px) 100vw, 554px\" \/><\/a><\/figure>\n\n\n<p>In der Klasse Stock war es Simon Lauter, der seine Klasse zeigte. Simon konnte in dieser Klasse seine Form aus dem Training best\u00e4tigen und sich knapp gegen Ollie Payne, Jan Ratheisky und den amtierenden IFMAR Weltmeister Max M\u00e4chler durchsetzen. Er hat damit berechtigte Chancen auf den Titel-<\/p>\n<ol>\n<li>Simon Lauter<\/li>\n<li>Ollie Payne<\/li>\n<li>Jan Ratheisky<\/li>\n<li>Max M\u00e4chler<\/li>\n<\/ol>\n\n\n<figure class=\"wp-block-image size-full\"><a href=\"https:\/\/mikanews.de\/wp-content\/uploads\/2024\/04\/2024_04_12_EFRA_Euro_12_Messina_Italien_30_Simon-Lauter.png\" rel=\"lightbox[338455]\"><img loading=\"lazy\" decoding=\"async\" width=\"802\" height=\"547\" src=\"https:\/\/mikanews.de\/wp-content\/uploads\/2024\/04\/2024_04_12_EFRA_Euro_12_Messina_Italien_30_Simon-Lauter.png\" alt=\"\" class=\"wp-image-338457\" srcset=\"https:\/\/mikanews.de\/wp-content\/uploads\/2024\/04\/2024_04_12_EFRA_Euro_12_Messina_Italien_30_Simon-Lauter.png 802w, https:\/\/mikanews.de\/wp-content\/uploads\/2024\/04\/2024_04_12_EFRA_Euro_12_Messina_Italien_30_Simon-Lauter-300x205.png 300w\" sizes=\"auto, (max-width: 802px) 100vw, 802px\" \/><\/a><\/figure>\n\n\n<p>Die Ergebnisse findet ihr bei MYRCM: <a href=\"https:\/\/www.myrcm.ch\/myrcm\/main?pLa=de&amp;dId[E]=77811&amp;hId[1]=evt#\" target=\"_blank\" rel=\"noopener\">\u2013Hier Klicken\u2013<\/a><\/p>\n\n<p>Quelle:\u00a0<a href=\"https:\/\/www.efra.ws\/\" target=\"_blank\" rel=\"noopener noreferrer\">EFRA<\/a><\/p>\n","protected":false},"excerpt":{"rendered":"<p>Heute gab es die Vorl\u00e4ufe bei der EFRA Europameisterschaft 1\/12 in<\/p>\n","protected":false},"author":1,"featured_media":338457,"comment_status":"closed","ping_status":"closed","sticky":false,"template":"","format":"standard","meta":{"ngg_post_thumbnail":0,"_jetpack_memberships_contains_paid_content":false,"footnotes":"","jetpack_publicize_message":"","jetpack_publicize_feature_enabled":true,"jetpack_social_post_already_shared":true,"jetpack_social_options":{"image_generator_settings":{"template":"highway","default_image_id":0,"font":"","enabled":false},"version":2}},"categories":[3],"tags":[42,595,2261,3302,3510,3747,3938],"class_list":["post-338455","post","type-post","status-publish","format-standard","has-post-thumbnail","hentry","category-rennberichte","tag-efra","tag-michal-orlowski","tag-italien","tag-mikanews","tag-mika-news","tag-rcnews","tag-simon-lauter"],"jetpack_publicize_connections":[],"jetpack_featured_media_url":"https:\/\/mikanews.de\/wp-content\/uploads\/2024\/04\/2024_04_12_EFRA_Euro_12_Messina_Italien_30_Simon-Lauter.png","jetpack_sharing_enabled":true,"jetpack_shortlink":"https:\/\/wp.me\/p6wBBU-1q2X","_links":{"self":[{"href":"https:\/\/mikanews.de\/index.php?rest_route=\/wp\/v2\/posts\/338455","targetHints":{"allow":["GET"]}}],"collection":[{"href":"https:\/\/mikanews.de\/index.php?rest_route=\/wp\/v2\/posts"}],"about":[{"href":"https:\/\/mikanews.de\/index.php?rest_route=\/wp\/v2\/types\/post"}],"author":[{"embeddable":true,"href":"https:\/\/mikanews.de\/index.php?rest_route=\/wp\/v2\/users\/1"}],"replies":[{"embeddable":true,"href":"https:\/\/mikanews.de\/index.php?rest_route=%2Fwp%2Fv2%2Fcomments&post=338455"}],"version-history":[{"count":2,"href":"https:\/\/mikanews.de\/index.php?rest_route=\/wp\/v2\/posts\/338455\/revisions"}],"predecessor-version":[{"id":338459,"href":"https:\/\/mikanews.de\/index.php?rest_route=\/wp\/v2\/posts\/338455\/revisions\/338459"}],"wp:featuredmedia":[{"embeddable":true,"href":"https:\/\/mikanews.de\/index.php?rest_route=\/wp\/v2\/media\/338457"}],"wp:attachment":[{"href":"https:\/\/mikanews.de\/index.php?rest_route=%2Fwp%2Fv2%2Fmedia&parent=338455"}],"wp:term":[{"taxonomy":"category","embeddable":true,"href":"https:\/\/mikanews.de\/index.php?rest_route=%2Fwp%2Fv2%2Fcategories&post=338455"},{"taxonomy":"post_tag","embeddable":true,"href":"https:\/\/mikanews.de\/index.php?rest_route=%2Fwp%2Fv2%2Ftags&post=338455"}],"curies":[{"name":"wp","href":"https:\/\/api.w.org\/{rel}","templated":true}]}}