{"id":367088,"date":"2024-12-28T11:02:04","date_gmt":"2024-12-28T10:02:04","guid":{"rendered":"https:\/\/mikanews.de\/?p=367088"},"modified":"2024-12-28T11:02:14","modified_gmt":"2024-12-28T10:02:14","slug":"schneider-verlaesst-absima-team","status":"publish","type":"post","link":"https:\/\/mikanews.de\/?p=367088","title":{"rendered":"Schneider verl\u00e4sst ABSIMA Team"},"content":{"rendered":"<p>Von dem Absima Team gibt es eine Nachricht zu dem<!--more--> langj\u00e4hrigen Fahrer Marcel Schneider,&nbsp; der das ABSIMA Team verl\u00e4sst.&nbsp;<\/p>\n<p>Hier die Meldung:<\/p>\n<p>Nach fast 10 Jahren verl\u00e4sst Marcel Schneider leider das ABSIMA Team.<\/p>\n<p>Der junge Fahrer von damals hat mit viel Ehrgeiz, Talent und Hilfsbereitschaft dem Team und mir sehr viel Spa\u00df und viele Erfolge bereitet, und er ist zu einer der besten Deutschen Off-Road RC Fahrer herangewachsen. Marcel selbst hat sich als 16-J\u00e4hriger zum 2WD Deutschen Meister (Pic) und sp\u00e4ter auch zum 4WD Deutschen Meister gekr\u00f6nt. <br>Nat\u00fcrlich f\u00e4llt es mir umso schwerer Marcel weiter ziehen zu lassen .<\/p>\n<p>Vielen Dank Marcel f\u00fcr die vielen sch\u00f6nen Momente zusammen, und ich w\u00fcnsche Dir viele weitere Erfolge auf Deiner RC-Laufbahn!<\/p>\n<p>CU at the racetrack&nbsp;<\/p>\n<p>Marcel&#8217;s Worte:<\/p>\n<p>\u201eIch bedanke mich von Herzen f\u00fcr die langj\u00e4hrige Zusammenarbeit und wei\u00df es sehr zu sch\u00e4tzen was ihr als Team speziell J\u00fcrgen und Marcus f\u00fcr mich gemacht habt.<br>Das hat einem dem R\u00fccken gest\u00e4rkt &#8211; zudem haben wir ein gro\u00dfes Team im Westen aufbauen k\u00f6nnen, wo ich mich auch nochmal bei allen Teammitgliedern f\u00fcr die coole Zeit bedanken m\u00f6chte!<br>Hat Spa\u00df gemacht dem ein oder anderen unter die Arme zu greifen, so wie es bei mir in den Anfangs Zeiten von Absima war!<br>Vielen Dank f\u00fcr alles &#8211; ohne dem w\u00e4re ich jetzt nicht da wo ich heutzutage bin.\u201c<\/p>\n\n\n<figure class=\"wp-block-image size-large\"><a href=\"https:\/\/mikanews.de\/wp-content\/uploads\/2019\/09\/2019_09_07_Deutsche_Meisterschaft_ORE2WD_Arena33_1015.jpg\" rel=\"lightbox[367088]\"><img loading=\"lazy\" decoding=\"async\" width=\"850\" height=\"567\" src=\"https:\/\/mikanews.de\/wp-content\/uploads\/2019\/09\/2019_09_07_Deutsche_Meisterschaft_ORE2WD_Arena33_1015-850x567.jpg\" alt=\"\" class=\"wp-image-226496\" srcset=\"https:\/\/mikanews.de\/wp-content\/uploads\/2019\/09\/2019_09_07_Deutsche_Meisterschaft_ORE2WD_Arena33_1015.jpg 850w, https:\/\/mikanews.de\/wp-content\/uploads\/2019\/09\/2019_09_07_Deutsche_Meisterschaft_ORE2WD_Arena33_1015-300x200.jpg 300w\" sizes=\"auto, (max-width: 850px) 100vw, 850px\" \/><\/a><figcaption>Marcel Schneider konnte im zweiten A-Finale nicht gewinnen<\/figcaption><\/figure>\n\n\n<p>&nbsp;<\/p>\n<p><strong>Quelle:<\/strong>&nbsp;<a href=\"http:\/\/www.absima.com\/\" target=\"_blank\" rel=\"noopener noreferrer\">www.absima.com<\/a><\/p>\n","protected":false},"excerpt":{"rendered":"<p>Von dem Absima Team gibt es eine Nachricht zu dem<\/p>\n","protected":false},"author":1,"featured_media":367089,"comment_status":"closed","ping_status":"closed","sticky":false,"template":"","format":"standard","meta":{"ngg_post_thumbnail":0,"_jetpack_memberships_contains_paid_content":false,"footnotes":"","jetpack_publicize_message":"","jetpack_publicize_feature_enabled":true,"jetpack_social_post_already_shared":true,"jetpack_social_options":{"image_generator_settings":{"template":"highway","default_image_id":0,"font":"","enabled":false},"version":2}},"categories":[4671],"tags":[281,1799,3302,3510,3747,8276],"class_list":["post-367088","post","type-post","status-publish","format-standard","has-post-thumbnail","hentry","category-fahrerwechsel-mw","tag-absima","tag-absima-gmbh","tag-mikanews","tag-mika-news","tag-rcnews","tag-marcel-schneider"],"jetpack_publicize_connections":[],"jetpack_featured_media_url":"https:\/\/mikanews.de\/wp-content\/uploads\/2024\/12\/Marcel_Schneider.jpg","jetpack_sharing_enabled":true,"jetpack_shortlink":"https:\/\/wp.me\/p6wBBU-1xuM","_links":{"self":[{"href":"https:\/\/mikanews.de\/index.php?rest_route=\/wp\/v2\/posts\/367088","targetHints":{"allow":["GET"]}}],"collection":[{"href":"https:\/\/mikanews.de\/index.php?rest_route=\/wp\/v2\/posts"}],"about":[{"href":"https:\/\/mikanews.de\/index.php?rest_route=\/wp\/v2\/types\/post"}],"author":[{"embeddable":true,"href":"https:\/\/mikanews.de\/index.php?rest_route=\/wp\/v2\/users\/1"}],"replies":[{"embeddable":true,"href":"https:\/\/mikanews.de\/index.php?rest_route=%2Fwp%2Fv2%2Fcomments&post=367088"}],"version-history":[{"count":1,"href":"https:\/\/mikanews.de\/index.php?rest_route=\/wp\/v2\/posts\/367088\/revisions"}],"predecessor-version":[{"id":367090,"href":"https:\/\/mikanews.de\/index.php?rest_route=\/wp\/v2\/posts\/367088\/revisions\/367090"}],"wp:featuredmedia":[{"embeddable":true,"href":"https:\/\/mikanews.de\/index.php?rest_route=\/wp\/v2\/media\/367089"}],"wp:attachment":[{"href":"https:\/\/mikanews.de\/index.php?rest_route=%2Fwp%2Fv2%2Fmedia&parent=367088"}],"wp:term":[{"taxonomy":"category","embeddable":true,"href":"https:\/\/mikanews.de\/index.php?rest_route=%2Fwp%2Fv2%2Fcategories&post=367088"},{"taxonomy":"post_tag","embeddable":true,"href":"https:\/\/mikanews.de\/index.php?rest_route=%2Fwp%2Fv2%2Ftags&post=367088"}],"curies":[{"name":"wp","href":"https:\/\/api.w.org\/{rel}","templated":true}]}}