{"id":371260,"date":"2025-03-29T22:55:12","date_gmt":"2025-03-29T21:55:12","guid":{"rendered":"https:\/\/mikanews.de\/?p=371260"},"modified":"2025-03-29T22:55:59","modified_gmt":"2025-03-29T21:55:59","slug":"371260","status":"publish","type":"post","link":"https:\/\/mikanews.de\/?p=371260","title":{"rendered":"Rheinard, Payne und Mobers sind TQ`s bei der EFRA EM 2025"},"content":{"rendered":"<p>Der zweite Tag der EFRA Europameisterschaft stand im Zeichen der<!--more--> Vorl\u00e4ufe. Dabei konnte in der Klasse GT ein junger deutscher Fahrer \u00fcberzeugen Louis Mobers konnte 4 der 5 Vorl\u00e4ufe gewinnen und seine starke aus den Trainings eindrucksvoll best\u00e4tigen. In der Klasse Stock war es Ollie Payne, der mit 5 Laufsiegen verdient von Startplatz 1 in den Finalen starten wird. Jedoch war der amtierende TMFRA Weltmeister Max M\u00e4chler direkt in Schlagdistanz und so wird mit ihm morgen in den Finals zu rechnen sein. Ausruhen ist f\u00fcr Ollie nicht angesagt.<\/p>\n<p>In Modiefied kam es zu einem spannenden Zweikampf an der Spitze, den Marc Rheinard trotz Punktgleichheit f\u00fcr sich entscheiden konnte. Ollie Payne war jedoch dran. Auf Platz 3 lag der amtierende IFMAR- und Europameister Michal Orlowski, der einen ungew\u00f6hnlichn gro\u00dfen R\u00fcckstand zur Spitze hat. Ob er morgen in den Kampf um den Titel wird eingreifen k\u00f6nnen, h\u00e4ngt davon ab, ob er noch die fehlenden Zehntel im Auto findet. Wer sich einen der beiden EFRA Europameisterschaftstitel holen wird, erfahrt ihr morgen am Abend. In GT geht es nicht um den EM Titel, zumindest noch nicht.<\/p>\n\n\n<figure class=\"wp-block-image size-large\"><a href=\"https:\/\/mikanews.de\/wp-content\/uploads\/2025\/03\/Titelbild_TQ_EFRA_EM_Belgien.jpg\" rel=\"lightbox[371260]\"><img loading=\"lazy\" decoding=\"async\" width=\"850\" height=\"479\" src=\"https:\/\/mikanews.de\/wp-content\/uploads\/2025\/03\/Titelbild_TQ_EFRA_EM_Belgien-850x479.jpg\" alt=\"\" class=\"wp-image-371261\" srcset=\"https:\/\/mikanews.de\/wp-content\/uploads\/2025\/03\/Titelbild_TQ_EFRA_EM_Belgien-850x479.jpg 850w, https:\/\/mikanews.de\/wp-content\/uploads\/2025\/03\/Titelbild_TQ_EFRA_EM_Belgien-300x169.jpg 300w, https:\/\/mikanews.de\/wp-content\/uploads\/2025\/03\/Titelbild_TQ_EFRA_EM_Belgien.jpg 1080w\" sizes=\"auto, (max-width: 850px) 100vw, 850px\" \/><\/a><figcaption>Quelle: Facebook EFRA \u2013 Ollie Payne \/ Marc Rheinard<\/figcaption><\/figure>\n\n\n<p>Hier der Stand nach dem letzten Vorlauf:<\/p>\n<p>GT<\/p>\n<ol>\n<li>LOUIS MOBERS \u2013 Xray<\/li>\n<li>LAURENS SIPS<\/li>\n<li>MIKA MOBERS \u2013 Xray<\/li>\n<li>Chris Grenz &#8211; Xray<\/li>\n<\/ol>\n<p>Stock<\/p>\n<ol>\n<li>Ollie Payne<\/li>\n<li>Max M\u00e4chler \u2013 Awesomatix<\/li>\n<li>OLIVIER BULTYNCK \u2013 Awesomatix<\/li>\n<\/ol>\n<p>Modified<\/p>\n<ol>\n<li>Marc Rheinard<\/li>\n<li>Ollie Payne<\/li>\n<li>Michal Orlowski \u2013 Schumacher<\/li>\n<\/ol>\n<p>&nbsp;<\/p>\n<p>Hier der Link zu MYRCM und den Ergebnissen:<a href=\"https:\/\/www.myrcm.ch\/myrcm\/main?pLa=de&amp;dId[E]=84438&amp;hId[1]=evt#\" target=\"_blank\" rel=\"noopener\"> &#8211;Hier Klicken&#8211;<\/a><\/p>\n<p>&nbsp;<\/p>\n","protected":false},"excerpt":{"rendered":"<p>Der zweite Tag der EFRA Europameisterschaft stand im Zeichen der<\/p>\n","protected":false},"author":1,"featured_media":371261,"comment_status":"closed","ping_status":"closed","sticky":false,"template":"","format":"standard","meta":{"ngg_post_thumbnail":0,"_jetpack_memberships_contains_paid_content":false,"footnotes":"","jetpack_publicize_message":"","jetpack_publicize_feature_enabled":true,"jetpack_social_post_already_shared":true,"jetpack_social_options":{"image_generator_settings":{"template":"highway","default_image_id":0,"font":"","enabled":false},"version":2}},"categories":[3],"tags":[608,3302,3340,3510,3747,4837,8776,14883,14884],"class_list":["post-371260","post","type-post","status-publish","format-standard","has-post-thumbnail","hentry","category-rennberichte","tag-marc-rheinard","tag-mikanews","tag-belgien","tag-mika-news","tag-rcnews","tag-ollie-payne","tag-efra-europameisterschaft","tag-efra-em","tag-louis-mobers"],"jetpack_publicize_connections":[],"jetpack_featured_media_url":"https:\/\/mikanews.de\/wp-content\/uploads\/2025\/03\/Titelbild_TQ_EFRA_EM_Belgien.jpg","jetpack_sharing_enabled":true,"jetpack_shortlink":"https:\/\/wp.me\/s6wBBU-371260","_links":{"self":[{"href":"https:\/\/mikanews.de\/index.php?rest_route=\/wp\/v2\/posts\/371260","targetHints":{"allow":["GET"]}}],"collection":[{"href":"https:\/\/mikanews.de\/index.php?rest_route=\/wp\/v2\/posts"}],"about":[{"href":"https:\/\/mikanews.de\/index.php?rest_route=\/wp\/v2\/types\/post"}],"author":[{"embeddable":true,"href":"https:\/\/mikanews.de\/index.php?rest_route=\/wp\/v2\/users\/1"}],"replies":[{"embeddable":true,"href":"https:\/\/mikanews.de\/index.php?rest_route=%2Fwp%2Fv2%2Fcomments&post=371260"}],"version-history":[{"count":3,"href":"https:\/\/mikanews.de\/index.php?rest_route=\/wp\/v2\/posts\/371260\/revisions"}],"predecessor-version":[{"id":371264,"href":"https:\/\/mikanews.de\/index.php?rest_route=\/wp\/v2\/posts\/371260\/revisions\/371264"}],"wp:featuredmedia":[{"embeddable":true,"href":"https:\/\/mikanews.de\/index.php?rest_route=\/wp\/v2\/media\/371261"}],"wp:attachment":[{"href":"https:\/\/mikanews.de\/index.php?rest_route=%2Fwp%2Fv2%2Fmedia&parent=371260"}],"wp:term":[{"taxonomy":"category","embeddable":true,"href":"https:\/\/mikanews.de\/index.php?rest_route=%2Fwp%2Fv2%2Fcategories&post=371260"},{"taxonomy":"post_tag","embeddable":true,"href":"https:\/\/mikanews.de\/index.php?rest_route=%2Fwp%2Fv2%2Ftags&post=371260"}],"curies":[{"name":"wp","href":"https:\/\/api.w.org\/{rel}","templated":true}]}}