{"id":37787,"date":"2016-05-03T06:48:31","date_gmt":"2016-05-03T04:48:31","guid":{"rendered":"http:\/\/mikanews.de\/?p=37787"},"modified":"2016-05-03T06:48:31","modified_gmt":"2016-05-03T04:48:31","slug":"chassisfokus-asso-b5m-jan-marcus-pattri","status":"publish","type":"post","link":"https:\/\/mikanews.de\/?p=37787","title":{"rendered":"CHASSISFOKUS ASSO B5M \u2013 JAN MARCUS PATTRI"},"content":{"rendered":"<p>Von Null auf Hundert von heute auf morgen. Bei Jan Markus Pattri scheint der ber\u00fchmte Knoten geplatzt zu sein. Seit Beginn der Berlin-Trophy Saison 2015\/16 konnte er sich enorm steigern. Klar, <!--more-->im letzten Jahr blitzte sein Talent bereits bei der <a href=\"https:\/\/mikanews.de\/2015\/09\/03\/review-von-der-dm-short-coursemonster-in-potsdam\/\" target=\"_blank\">Deutschen Meisterschaft in Potsdam<\/a> auf, aber das war immerhin seine Heimstrecke beim ASC-Potsdam e.V.. Im letzten Jahr konnte er in der Klasse <a href=\"https:\/\/mikanews.de\/2015\/08\/23\/deutsche-meisterschaft-monster-short-course-2015-in-potsdam-die-entscheidung\/\">Short Course hinter Sebastian Honscha Vizemeister<\/a> werden.<\/p>\n<p><a href=\"https:\/\/mikanews.de\/wp-content\/uploads\/2015\/08\/2015_08_22_DM_Monster_Potsdam-8505.jpg\" rel=\"lightbox[37787]\"><img loading=\"lazy\" decoding=\"async\" class=\"aligncenter size-medium wp-image-3043\" src=\"https:\/\/mikanews.de\/wp-content\/uploads\/2015\/08\/2015_08_22_DM_Monster_Potsdam-8505-300x200.jpg\" alt=\"2015_08_22_DM_Monster_Potsdam-8505\" width=\"300\" height=\"200\" srcset=\"https:\/\/mikanews.de\/wp-content\/uploads\/2015\/08\/2015_08_22_DM_Monster_Potsdam-8505-300x200.jpg 300w, https:\/\/mikanews.de\/wp-content\/uploads\/2015\/08\/2015_08_22_DM_Monster_Potsdam-8505.jpg 850w\" sizes=\"auto, (max-width: 300px) 100vw, 300px\" \/><\/a><\/p>\n<p>Ausw\u00e4rts konnte er sich &#8222;noch&#8220; so recht in Szene setzen. Doch nun ist Jan Markus ein st\u00e4ndiger &#8222;Besucher&#8220; im A-Finale und braucht sich bei den Rundenzeiten, die er f\u00e4hrt, nicht verstecken. <a href=\"https:\/\/mikanews.de\/2016\/04\/28\/conrad-offroad-masters-und-5-lauf-zur-berlin-trophy-rueckblick\/\" target=\"_blank\">Beim letzten Lauf<\/a> schrammte er wieder knapp am Podest vorbei. Mit Platz 4 nach den Vorl\u00e4ufen und den Finals zeigte Jan Markus das mit ihm zu rechnen ist. Von ihm werden wir bestimmt noch einiges h\u00f6ren.<\/p>\n<figure id=\"attachment_37790\" aria-describedby=\"caption-attachment-37790\" style=\"width: 300px\" class=\"wp-caption aligncenter\"><a href=\"https:\/\/mikanews.de\/wp-content\/uploads\/2016\/05\/Chassisfokus_Jan_Markus_Pattri_Asso_B5M_0008.jpg\" rel=\"lightbox[37787]\"><img loading=\"lazy\" decoding=\"async\" class=\"wp-image-37790 size-medium\" src=\"https:\/\/mikanews.de\/wp-content\/uploads\/2016\/05\/Chassisfokus_Jan_Markus_Pattri_Asso_B5M_0008-300x200.jpg\" alt=\"Chassisfokus_Jan_Markus_Pattri_Asso_B5M_0008\" width=\"300\" height=\"200\" srcset=\"https:\/\/mikanews.de\/wp-content\/uploads\/2016\/05\/Chassisfokus_Jan_Markus_Pattri_Asso_B5M_0008-300x200.jpg 300w, https:\/\/mikanews.de\/wp-content\/uploads\/2016\/05\/Chassisfokus_Jan_Markus_Pattri_Asso_B5M_0008.jpg 850w\" sizes=\"auto, (max-width: 300px) 100vw, 300px\" \/><\/a><figcaption id=\"caption-attachment-37790\" class=\"wp-caption-text\">Asso B5M<\/figcaption><\/figure>\n<p><strong>Fahrzeug:<\/strong>\u00a0 \u00a0 \u00a0 \u00a0 \u00a0 \u00a0 \u00a0 \u00a0Asso B5M<\/p>\n<p><strong>Regler: <\/strong>\u00a0 \u00a0 \u00a0 \u00a0 \u00a0 \u00a0 \u00a0 \u00a0 \u00a0 \u00a0 \u00a0&#8222;No Name&#8220;<\/p>\n<p><strong>Motor:<\/strong> \u00a0 \u00a0 \u00a0 \u00a0 \u00a0 \u00a0 \u00a0 \u00a0 \u00a0 \u00a0 \u00a0LRP X20 7,5 Turn<\/p>\n<p><strong>Akku:<\/strong> \u00a0 \u00a0 \u00a0 \u00a0 \u00a0 \u00a0 \u00a0 \u00a0 \u00a0 \u00a0 \u00a0 Nvision 5800 Saddle Pack<\/p>\n<p><strong>Servo:<\/strong>\u00a0 \u00a0 \u00a0 \u00a0 \u00a0 \u00a0 \u00a0 \u00a0 \u00a0 \u00a0 \u00a0 \u00a0Graupner<\/p>\n<p><strong>Sender:<\/strong> \u00a0 \u00a0 \u00a0 \u00a0 \u00a0 \u00a0 \u00a0 \u00a0 \u00a0 \u00a0Sanwa MT4<\/p>\n<p><strong>Empf\u00e4nger:<\/strong>\u00a0 \u00a0 \u00a0 \u00a0 \u00a0 \u00a0Sanwa RX-471W<\/p>\n<p><strong>Reifen:<\/strong>\u00a0 \u00a0 \u00a0 \u00a0 \u00a0 \u00a0 \u00a0 \u00a0 \u00a0 \u00a0 \u00a0Mini Pin 2 hinten \/ Low Profil vorn (Schumacher)<\/p>\n<p><a href=\"https:\/\/mikanews.de\/wp-content\/uploads\/2016\/05\/Chassisfokus_Jan_Markus_Pattri_Asso_B5M_0006.jpg\" rel=\"lightbox[37787]\"><img loading=\"lazy\" decoding=\"async\" class=\"aligncenter size-medium wp-image-37808\" src=\"https:\/\/mikanews.de\/wp-content\/uploads\/2016\/05\/Chassisfokus_Jan_Markus_Pattri_Asso_B5M_0006-300x200.jpg\" alt=\"Chassisfokus_Jan_Markus_Pattri_Asso_B5M_0006\" width=\"300\" height=\"200\" srcset=\"https:\/\/mikanews.de\/wp-content\/uploads\/2016\/05\/Chassisfokus_Jan_Markus_Pattri_Asso_B5M_0006-300x200.jpg 300w, https:\/\/mikanews.de\/wp-content\/uploads\/2016\/05\/Chassisfokus_Jan_Markus_Pattri_Asso_B5M_0006.jpg 850w\" sizes=\"auto, (max-width: 300px) 100vw, 300px\" \/><\/a><\/p>\n<p><strong>Tuning:<\/strong> \u00a0 \u00a0 \u00a0 \u00a0 \u00a0 \u00a0 \u00a0 \u00a0 \u00a0 \u00a0Jan Markus f\u00e4hrt in seinem B5M den Akku vorne und setzt Saddle Packs ein. Er f\u00e4hrt das 3 Gear Getriebe und Aluteile hinten. Im Diff verwendet er 4500 cts \u00d6l von Ansmann.<\/p>\n<figure id=\"attachment_24437\" aria-describedby=\"caption-attachment-24437\" style=\"width: 200px\" class=\"wp-caption aligncenter\"><a href=\"https:\/\/mikanews.de\/wp-content\/uploads\/2016\/02\/2016_02_07_Berlin_Trophy_3_0496.jpg\" rel=\"lightbox[37787]\"><img loading=\"lazy\" decoding=\"async\" class=\"size-medium wp-image-24437\" src=\"https:\/\/mikanews.de\/wp-content\/uploads\/2016\/02\/2016_02_07_Berlin_Trophy_3_0496-200x300.jpg\" alt=\"Jan Markus beim pilotieren seines Assos\" width=\"200\" height=\"300\" srcset=\"https:\/\/mikanews.de\/wp-content\/uploads\/2016\/02\/2016_02_07_Berlin_Trophy_3_0496-200x300.jpg 200w, https:\/\/mikanews.de\/wp-content\/uploads\/2016\/02\/2016_02_07_Berlin_Trophy_3_0496.jpg 567w\" sizes=\"auto, (max-width: 200px) 100vw, 200px\" \/><\/a><figcaption id=\"caption-attachment-24437\" class=\"wp-caption-text\">Jan Markus beim pilotieren seines Assos<\/figcaption><\/figure>\n<h5>Bildergalerie:<\/h5>\n<div id='gallery-1' class='gallery galleryid-37787 gallery-columns-4 gallery-size-thumbnail'><figure class='gallery-item'>\n\t\t\t<div class='gallery-icon landscape'>\n\t\t\t\t<a href='https:\/\/mikanews.de\/wp-content\/uploads\/2016\/05\/Chassisfokus_Jan_Markus_Pattri_Asso_B5M_0009.jpg' rel=\"lightbox[37787]\"><img loading=\"lazy\" decoding=\"async\" width=\"150\" height=\"150\" src=\"https:\/\/mikanews.de\/wp-content\/uploads\/2016\/05\/Chassisfokus_Jan_Markus_Pattri_Asso_B5M_0009-150x150.jpg\" class=\"attachment-thumbnail size-thumbnail\" alt=\"\" \/><\/a>\n\t\t\t<\/div><\/figure><figure class='gallery-item'>\n\t\t\t<div class='gallery-icon landscape'>\n\t\t\t\t<a href='https:\/\/mikanews.de\/wp-content\/uploads\/2016\/05\/Chassisfokus_Jan_Markus_Pattri_Asso_B5M_0010.jpg' rel=\"lightbox[37787]\"><img loading=\"lazy\" decoding=\"async\" width=\"150\" height=\"150\" src=\"https:\/\/mikanews.de\/wp-content\/uploads\/2016\/05\/Chassisfokus_Jan_Markus_Pattri_Asso_B5M_0010-150x150.jpg\" class=\"attachment-thumbnail size-thumbnail\" alt=\"\" \/><\/a>\n\t\t\t<\/div><\/figure><figure class='gallery-item'>\n\t\t\t<div class='gallery-icon landscape'>\n\t\t\t\t<a href='https:\/\/mikanews.de\/wp-content\/uploads\/2016\/05\/Chassisfokus_Jan_Markus_Pattri_Asso_B5M_0011.jpg' rel=\"lightbox[37787]\"><img loading=\"lazy\" decoding=\"async\" width=\"150\" height=\"150\" src=\"https:\/\/mikanews.de\/wp-content\/uploads\/2016\/05\/Chassisfokus_Jan_Markus_Pattri_Asso_B5M_0011-150x150.jpg\" class=\"attachment-thumbnail size-thumbnail\" alt=\"\" \/><\/a>\n\t\t\t<\/div><\/figure><figure class='gallery-item'>\n\t\t\t<div class='gallery-icon landscape'>\n\t\t\t\t<a href='https:\/\/mikanews.de\/wp-content\/uploads\/2016\/05\/Chassisfokus_Jan_Markus_Pattri_Asso_B5M_0012.jpg' rel=\"lightbox[37787]\"><img loading=\"lazy\" decoding=\"async\" width=\"150\" height=\"150\" src=\"https:\/\/mikanews.de\/wp-content\/uploads\/2016\/05\/Chassisfokus_Jan_Markus_Pattri_Asso_B5M_0012-150x150.jpg\" class=\"attachment-thumbnail size-thumbnail\" alt=\"\" \/><\/a>\n\t\t\t<\/div><\/figure><figure class='gallery-item'>\n\t\t\t<div class='gallery-icon landscape'>\n\t\t\t\t<a href='https:\/\/mikanews.de\/wp-content\/uploads\/2016\/05\/Chassisfokus_Jan_Markus_Pattri_Asso_B5M_0013.jpg' rel=\"lightbox[37787]\"><img loading=\"lazy\" decoding=\"async\" width=\"150\" height=\"150\" src=\"https:\/\/mikanews.de\/wp-content\/uploads\/2016\/05\/Chassisfokus_Jan_Markus_Pattri_Asso_B5M_0013-150x150.jpg\" class=\"attachment-thumbnail size-thumbnail\" alt=\"\" \/><\/a>\n\t\t\t<\/div><\/figure><figure class='gallery-item'>\n\t\t\t<div class='gallery-icon landscape'>\n\t\t\t\t<a href='https:\/\/mikanews.de\/wp-content\/uploads\/2016\/05\/Chassisfokus_Jan_Markus_Pattri_Asso_B5M_0014.jpg' rel=\"lightbox[37787]\"><img loading=\"lazy\" decoding=\"async\" width=\"150\" height=\"150\" src=\"https:\/\/mikanews.de\/wp-content\/uploads\/2016\/05\/Chassisfokus_Jan_Markus_Pattri_Asso_B5M_0014-150x150.jpg\" class=\"attachment-thumbnail size-thumbnail\" alt=\"\" \/><\/a>\n\t\t\t<\/div><\/figure><figure class='gallery-item'>\n\t\t\t<div class='gallery-icon landscape'>\n\t\t\t\t<a href='https:\/\/mikanews.de\/wp-content\/uploads\/2016\/05\/Chassisfokus_Jan_Markus_Pattri_Asso_B5M_0015.jpg' rel=\"lightbox[37787]\"><img loading=\"lazy\" decoding=\"async\" width=\"150\" height=\"150\" src=\"https:\/\/mikanews.de\/wp-content\/uploads\/2016\/05\/Chassisfokus_Jan_Markus_Pattri_Asso_B5M_0015-150x150.jpg\" class=\"attachment-thumbnail size-thumbnail\" alt=\"\" \/><\/a>\n\t\t\t<\/div><\/figure><figure class='gallery-item'>\n\t\t\t<div class='gallery-icon landscape'>\n\t\t\t\t<a href='https:\/\/mikanews.de\/wp-content\/uploads\/2016\/05\/Chassisfokus_Jan_Markus_Pattri_Asso_B5M_0016.jpg' rel=\"lightbox[37787]\"><img loading=\"lazy\" decoding=\"async\" width=\"150\" height=\"150\" src=\"https:\/\/mikanews.de\/wp-content\/uploads\/2016\/05\/Chassisfokus_Jan_Markus_Pattri_Asso_B5M_0016-150x150.jpg\" class=\"attachment-thumbnail size-thumbnail\" alt=\"\" \/><\/a>\n\t\t\t<\/div><\/figure><figure class='gallery-item'>\n\t\t\t<div class='gallery-icon landscape'>\n\t\t\t\t<a href='https:\/\/mikanews.de\/wp-content\/uploads\/2016\/05\/Chassisfokus_Jan_Markus_Pattri_Asso_B5M_0017.jpg' rel=\"lightbox[37787]\"><img loading=\"lazy\" decoding=\"async\" width=\"150\" height=\"150\" src=\"https:\/\/mikanews.de\/wp-content\/uploads\/2016\/05\/Chassisfokus_Jan_Markus_Pattri_Asso_B5M_0017-150x150.jpg\" class=\"attachment-thumbnail size-thumbnail\" alt=\"\" \/><\/a>\n\t\t\t<\/div><\/figure><figure class='gallery-item'>\n\t\t\t<div class='gallery-icon landscape'>\n\t\t\t\t<a href='https:\/\/mikanews.de\/wp-content\/uploads\/2016\/05\/Chassisfokus_Jan_Markus_Pattri_Asso_B5M_0018.jpg' rel=\"lightbox[37787]\"><img loading=\"lazy\" decoding=\"async\" width=\"150\" height=\"150\" src=\"https:\/\/mikanews.de\/wp-content\/uploads\/2016\/05\/Chassisfokus_Jan_Markus_Pattri_Asso_B5M_0018-150x150.jpg\" class=\"attachment-thumbnail size-thumbnail\" alt=\"\" \/><\/a>\n\t\t\t<\/div><\/figure><figure class='gallery-item'>\n\t\t\t<div class='gallery-icon landscape'>\n\t\t\t\t<a href='https:\/\/mikanews.de\/wp-content\/uploads\/2016\/05\/Chassisfokus_Jan_Markus_Pattri_Asso_B5M_0019.jpg' rel=\"lightbox[37787]\"><img loading=\"lazy\" decoding=\"async\" width=\"150\" height=\"150\" src=\"https:\/\/mikanews.de\/wp-content\/uploads\/2016\/05\/Chassisfokus_Jan_Markus_Pattri_Asso_B5M_0019-150x150.jpg\" class=\"attachment-thumbnail size-thumbnail\" alt=\"\" \/><\/a>\n\t\t\t<\/div><\/figure><figure class='gallery-item'>\n\t\t\t<div class='gallery-icon landscape'>\n\t\t\t\t<a href='https:\/\/mikanews.de\/wp-content\/uploads\/2016\/05\/Chassisfokus_Jan_Markus_Pattri_Asso_B5M_0020.jpg' rel=\"lightbox[37787]\"><img loading=\"lazy\" decoding=\"async\" width=\"150\" height=\"150\" src=\"https:\/\/mikanews.de\/wp-content\/uploads\/2016\/05\/Chassisfokus_Jan_Markus_Pattri_Asso_B5M_0020-150x150.jpg\" class=\"attachment-thumbnail size-thumbnail\" alt=\"\" \/><\/a>\n\t\t\t<\/div><\/figure><figure class='gallery-item'>\n\t\t\t<div class='gallery-icon landscape'>\n\t\t\t\t<a href='https:\/\/mikanews.de\/wp-content\/uploads\/2016\/05\/Chassisfokus_Jan_Markus_Pattri_Asso_B5M_0001.jpg' rel=\"lightbox[37787]\"><img loading=\"lazy\" decoding=\"async\" width=\"150\" height=\"150\" src=\"https:\/\/mikanews.de\/wp-content\/uploads\/2016\/05\/Chassisfokus_Jan_Markus_Pattri_Asso_B5M_0001-150x150.jpg\" class=\"attachment-thumbnail size-thumbnail\" alt=\"\" aria-describedby=\"gallery-1-37803\" \/><\/a>\n\t\t\t<\/div>\n\t\t\t\t<figcaption class='wp-caption-text gallery-caption' id='gallery-1-37803'>\n\t\t\t\tDie zwei Getriebe, die er im Asso fahren kann\n\t\t\t\t<\/figcaption><\/figure><figure class='gallery-item'>\n\t\t\t<div class='gallery-icon landscape'>\n\t\t\t\t<a href='https:\/\/mikanews.de\/wp-content\/uploads\/2016\/05\/Chassisfokus_Jan_Markus_Pattri_Asso_B5M_0002.jpg' rel=\"lightbox[37787]\"><img loading=\"lazy\" decoding=\"async\" width=\"150\" height=\"150\" src=\"https:\/\/mikanews.de\/wp-content\/uploads\/2016\/05\/Chassisfokus_Jan_Markus_Pattri_Asso_B5M_0002-150x150.jpg\" class=\"attachment-thumbnail size-thumbnail\" alt=\"\" \/><\/a>\n\t\t\t<\/div><\/figure><figure class='gallery-item'>\n\t\t\t<div class='gallery-icon landscape'>\n\t\t\t\t<a href='https:\/\/mikanews.de\/wp-content\/uploads\/2016\/05\/Chassisfokus_Jan_Markus_Pattri_Asso_B5M_0003.jpg' rel=\"lightbox[37787]\"><img loading=\"lazy\" decoding=\"async\" width=\"150\" height=\"150\" src=\"https:\/\/mikanews.de\/wp-content\/uploads\/2016\/05\/Chassisfokus_Jan_Markus_Pattri_Asso_B5M_0003-150x150.jpg\" class=\"attachment-thumbnail size-thumbnail\" alt=\"\" \/><\/a>\n\t\t\t<\/div><\/figure><figure class='gallery-item'>\n\t\t\t<div class='gallery-icon landscape'>\n\t\t\t\t<a href='https:\/\/mikanews.de\/wp-content\/uploads\/2016\/05\/Chassisfokus_Jan_Markus_Pattri_Asso_B5M_0004.jpg' rel=\"lightbox[37787]\"><img loading=\"lazy\" decoding=\"async\" width=\"150\" height=\"150\" src=\"https:\/\/mikanews.de\/wp-content\/uploads\/2016\/05\/Chassisfokus_Jan_Markus_Pattri_Asso_B5M_0004-150x150.jpg\" class=\"attachment-thumbnail size-thumbnail\" alt=\"\" \/><\/a>\n\t\t\t<\/div><\/figure><figure class='gallery-item'>\n\t\t\t<div class='gallery-icon landscape'>\n\t\t\t\t<a href='https:\/\/mikanews.de\/wp-content\/uploads\/2016\/05\/Chassisfokus_Jan_Markus_Pattri_Asso_B5M_0005.jpg' rel=\"lightbox[37787]\"><img loading=\"lazy\" decoding=\"async\" width=\"150\" height=\"150\" src=\"https:\/\/mikanews.de\/wp-content\/uploads\/2016\/05\/Chassisfokus_Jan_Markus_Pattri_Asso_B5M_0005-150x150.jpg\" class=\"attachment-thumbnail size-thumbnail\" alt=\"\" \/><\/a>\n\t\t\t<\/div><\/figure><figure class='gallery-item'>\n\t\t\t<div class='gallery-icon landscape'>\n\t\t\t\t<a href='https:\/\/mikanews.de\/wp-content\/uploads\/2016\/05\/Chassisfokus_Jan_Markus_Pattri_Asso_B5M_0007.jpg' rel=\"lightbox[37787]\"><img loading=\"lazy\" decoding=\"async\" width=\"150\" height=\"150\" src=\"https:\/\/mikanews.de\/wp-content\/uploads\/2016\/05\/Chassisfokus_Jan_Markus_Pattri_Asso_B5M_0007-150x150.jpg\" class=\"attachment-thumbnail size-thumbnail\" alt=\"\" \/><\/a>\n\t\t\t<\/div><\/figure><figure class='gallery-item'>\n\t\t\t<div class='gallery-icon landscape'>\n\t\t\t\t<a href='https:\/\/mikanews.de\/wp-content\/uploads\/2016\/02\/2016_02_07_Berlin_Trophy_3_0129.jpg' rel=\"lightbox[37787]\"><img loading=\"lazy\" decoding=\"async\" width=\"150\" height=\"150\" src=\"https:\/\/mikanews.de\/wp-content\/uploads\/2016\/02\/2016_02_07_Berlin_Trophy_3_0129-150x150.jpg\" class=\"attachment-thumbnail size-thumbnail\" alt=\"\" \/><\/a>\n\t\t\t<\/div><\/figure><figure class='gallery-item'>\n\t\t\t<div class='gallery-icon landscape'>\n\t\t\t\t<a href='https:\/\/mikanews.de\/wp-content\/uploads\/2016\/02\/2016_02_07_Berlin_Trophy_3_0048.jpg' rel=\"lightbox[37787]\"><img loading=\"lazy\" decoding=\"async\" width=\"150\" height=\"150\" src=\"https:\/\/mikanews.de\/wp-content\/uploads\/2016\/02\/2016_02_07_Berlin_Trophy_3_0048-150x150.jpg\" class=\"attachment-thumbnail size-thumbnail\" alt=\"\" \/><\/a>\n\t\t\t<\/div><\/figure><figure class='gallery-item'>\n\t\t\t<div class='gallery-icon landscape'>\n\t\t\t\t<a href='https:\/\/mikanews.de\/wp-content\/uploads\/2016\/02\/2016_02_07_Berlin_Trophy_3_0053.jpg' rel=\"lightbox[37787]\"><img loading=\"lazy\" decoding=\"async\" width=\"150\" height=\"150\" src=\"https:\/\/mikanews.de\/wp-content\/uploads\/2016\/02\/2016_02_07_Berlin_Trophy_3_0053-150x150.jpg\" class=\"attachment-thumbnail size-thumbnail\" alt=\"\" \/><\/a>\n\t\t\t<\/div><\/figure><figure class='gallery-item'>\n\t\t\t<div class='gallery-icon landscape'>\n\t\t\t\t<a href='https:\/\/mikanews.de\/wp-content\/uploads\/2016\/02\/2016_02_07_Berlin_Trophy_3_0470.jpg' rel=\"lightbox[37787]\"><img loading=\"lazy\" decoding=\"async\" width=\"150\" height=\"150\" src=\"https:\/\/mikanews.de\/wp-content\/uploads\/2016\/02\/2016_02_07_Berlin_Trophy_3_0470-150x150.jpg\" class=\"attachment-thumbnail size-thumbnail\" alt=\"\" aria-describedby=\"gallery-1-24574\" \/><\/a>\n\t\t\t<\/div>\n\t\t\t\t<figcaption class='wp-caption-text gallery-caption' id='gallery-1-24574'>\n\t\t\t\tShort Course von Jan markus\n\t\t\t\t<\/figcaption><\/figure><figure class='gallery-item'>\n\t\t\t<div class='gallery-icon landscape'>\n\t\t\t\t<a href='https:\/\/mikanews.de\/wp-content\/uploads\/2015\/10\/2015_02_08_Berlin_Trophy_4_Lauf_0238.jpg' rel=\"lightbox[37787]\"><img loading=\"lazy\" decoding=\"async\" width=\"150\" height=\"150\" src=\"https:\/\/mikanews.de\/wp-content\/uploads\/2015\/10\/2015_02_08_Berlin_Trophy_4_Lauf_0238-150x150.jpg\" class=\"attachment-thumbnail size-thumbnail\" alt=\"\" aria-describedby=\"gallery-1-6270\" \/><\/a>\n\t\t\t<\/div>\n\t\t\t\t<figcaption class='wp-caption-text gallery-caption' id='gallery-1-6270'>\n\t\t\t\tManchmal f\u00e4hrt er auch Short Corse\n\t\t\t\t<\/figcaption><\/figure><figure class='gallery-item'>\n\t\t\t<div class='gallery-icon landscape'>\n\t\t\t\t<a href='https:\/\/mikanews.de\/wp-content\/uploads\/2016\/04\/2016_04_24_5_Lauf_Berlin_Trophy_0256.jpg' rel=\"lightbox[37787]\"><img loading=\"lazy\" decoding=\"async\" width=\"150\" height=\"150\" src=\"https:\/\/mikanews.de\/wp-content\/uploads\/2016\/04\/2016_04_24_5_Lauf_Berlin_Trophy_0256-150x150.jpg\" class=\"attachment-thumbnail size-thumbnail\" alt=\"\" \/><\/a>\n\t\t\t<\/div><\/figure>\n\t\t<\/div>\n\n<h5>Weitere Links:<\/h5>\n<p>https:\/\/mikanews.de\/2016\/04\/28\/conrad-offroad-masters-und-5-lauf-zur-berlin-trophy-rueckblick\/<\/p>\n<p>https:\/\/mikanews.de\/2015\/08\/23\/deutsche-meisterschaft-monster-short-course-2015-in-potsdam-die-entscheidung\/<\/p>\n<p>https:\/\/mikanews.de\/2016\/04\/29\/team-associated-rc10b6-von-spencer-rivkin\/<\/p>\n<p>https:\/\/mikanews.de\/2016\/01\/09\/chassisfokus-xray-xb2-jan-ratheisky\/<\/p>\n<p>https:\/\/mikanews.de\/2016\/01\/25\/losi-22-3-0-buggy-race-kit-von-tlr-aufbau\/<\/p>\n<p>https:\/\/mikanews.de\/2016\/02\/20\/chassisfokus-xray-xb2-thomas-nitschke\/<\/p>\n<p>https:\/\/mikanews.de\/2015\/12\/05\/chassisfokus-yokomo-yz-2-mateusz-dudzic\/<\/p>\n<p>https:\/\/mikanews.de\/2016\/01\/10\/chassisfokus-kyosho-rb6-tim-benson\/<\/p>\n<p>https:\/\/mikanews.de\/2016\/04\/14\/durango-dex-210-f-der-zusammenbau-teil-1\/<\/p>\n","protected":false},"excerpt":{"rendered":"<p>Von Null auf Hundert von heute auf morgen. Bei Jan Markus Pattri scheint der ber\u00fchmte Knoten geplatzt zu sein. Seit Beginn der Berlin-Trophy Saison 2015\/16 konnte er sich enorm steigern. Klar,<\/p>\n","protected":false},"author":1,"featured_media":37220,"comment_status":"closed","ping_status":"closed","sticky":false,"template":"","format":"standard","meta":{"ngg_post_thumbnail":0,"_jetpack_memberships_contains_paid_content":false,"footnotes":"","jetpack_publicize_message":"","jetpack_publicize_feature_enabled":true,"jetpack_social_post_already_shared":false,"jetpack_social_options":{"image_generator_settings":{"template":"highway","default_image_id":0,"font":"","enabled":false},"version":2}},"categories":[722],"tags":[53,98,329,358,371,445,627,797,1792],"class_list":["post-37787","post","type-post","status-publish","format-standard","has-post-thumbnail","hentry","category-chassisfokus","tag-asso","tag-ore2wd","tag-jan-markus-pattri","tag-b5m","tag-ore2wdst","tag-berlin-trophy","tag-asso-b5m","tag-rcweb","tag-rc"],"jetpack_publicize_connections":[],"jetpack_featured_media_url":"https:\/\/mikanews.de\/wp-content\/uploads\/2016\/04\/2016_04_24_5_Lauf_Berlin_Trophy_0256.jpg","jetpack_sharing_enabled":true,"jetpack_shortlink":"https:\/\/wp.me\/p6wBBU-9Pt","_links":{"self":[{"href":"https:\/\/mikanews.de\/index.php?rest_route=\/wp\/v2\/posts\/37787","targetHints":{"allow":["GET"]}}],"collection":[{"href":"https:\/\/mikanews.de\/index.php?rest_route=\/wp\/v2\/posts"}],"about":[{"href":"https:\/\/mikanews.de\/index.php?rest_route=\/wp\/v2\/types\/post"}],"author":[{"embeddable":true,"href":"https:\/\/mikanews.de\/index.php?rest_route=\/wp\/v2\/users\/1"}],"replies":[{"embeddable":true,"href":"https:\/\/mikanews.de\/index.php?rest_route=%2Fwp%2Fv2%2Fcomments&post=37787"}],"version-history":[{"count":2,"href":"https:\/\/mikanews.de\/index.php?rest_route=\/wp\/v2\/posts\/37787\/revisions"}],"predecessor-version":[{"id":37810,"href":"https:\/\/mikanews.de\/index.php?rest_route=\/wp\/v2\/posts\/37787\/revisions\/37810"}],"wp:featuredmedia":[{"embeddable":true,"href":"https:\/\/mikanews.de\/index.php?rest_route=\/wp\/v2\/media\/37220"}],"wp:attachment":[{"href":"https:\/\/mikanews.de\/index.php?rest_route=%2Fwp%2Fv2%2Fmedia&parent=37787"}],"wp:term":[{"taxonomy":"category","embeddable":true,"href":"https:\/\/mikanews.de\/index.php?rest_route=%2Fwp%2Fv2%2Fcategories&post=37787"},{"taxonomy":"post_tag","embeddable":true,"href":"https:\/\/mikanews.de\/index.php?rest_route=%2Fwp%2Fv2%2Ftags&post=37787"}],"curies":[{"name":"wp","href":"https:\/\/api.w.org\/{rel}","templated":true}]}}