{"id":380375,"date":"2025-06-24T18:36:00","date_gmt":"2025-06-24T16:36:00","guid":{"rendered":"https:\/\/mikanews.de\/?p=380375"},"modified":"2025-06-24T18:42:02","modified_gmt":"2025-06-24T16:42:02","slug":"rck-kleinserie-in-andernach-zu-gast","status":"publish","type":"post","link":"https:\/\/mikanews.de\/?p=380375","title":{"rendered":"Teilnehmerrekord! RCK-KleinSerie in Andernach zu Gast"},"content":{"rendered":"<p>Nach der Weltmeisterschaft ging es weiter mit den regionalen Rennen <!--more-->der RCK-KleinSerie in ganz Deutschland. Mit dabei ist nun die neue Klasse LMH, welche schon Fans bekommen hat Dies zeigt sich bei kommenden Combilauf der Gruppe MITTE \/ WEST am 29.06.2025 bei der DJK Andernach. Daf\u00fcr ist die Anzahl der Nennungen auf 120 begrenzt. Mit nun schon \u00fcber 108 Nennungen ist dies fast ausgef\u00fcllt. Wahnsinn, was euch da erwarten wird.&nbsp; Bisher sind es:<\/p>\n<p>49 Porsche<br>36 LMH<br>15 GT-Sport<br>8 VTA<\/p>\n<p>Das wird wohl ein neuer Rekord f\u00fcr einen regionalen Lauf werden. Wer sich&nbsp; noch einen Startplatz sichern m\u00f6chte, sollte schnell nennen auf:<br>https:\/\/kleinserie.rck-solutions.de<\/p>\n\n\n<figure class=\"wp-block-image size-full\"><a href=\"https:\/\/mikanews.de\/wp-content\/uploads\/2025\/06\/Strecke-Andernach.jpg\" rel=\"lightbox[380375]\"><img loading=\"lazy\" decoding=\"async\" width=\"850\" height=\"432\" src=\"https:\/\/mikanews.de\/wp-content\/uploads\/2025\/06\/Strecke-Andernach.jpg\" alt=\"\" class=\"wp-image-380854\" srcset=\"https:\/\/mikanews.de\/wp-content\/uploads\/2025\/06\/Strecke-Andernach.jpg 850w, https:\/\/mikanews.de\/wp-content\/uploads\/2025\/06\/Strecke-Andernach-300x152.jpg 300w\" sizes=\"auto, (max-width: 850px) 100vw, 850px\" \/><\/a><\/figure>\n\n\n\n<figure class=\"wp-block-image size-full\"><a href=\"https:\/\/mikanews.de\/wp-content\/uploads\/2025\/06\/Strecke-Andernach-1.jpg\" rel=\"lightbox[380375]\"><img loading=\"lazy\" decoding=\"async\" width=\"850\" height=\"640\" src=\"https:\/\/mikanews.de\/wp-content\/uploads\/2025\/06\/Strecke-Andernach-1.jpg\" alt=\"\" class=\"wp-image-380855\" srcset=\"https:\/\/mikanews.de\/wp-content\/uploads\/2025\/06\/Strecke-Andernach-1.jpg 850w, https:\/\/mikanews.de\/wp-content\/uploads\/2025\/06\/Strecke-Andernach-1-300x226.jpg 300w\" sizes=\"auto, (max-width: 850px) 100vw, 850px\" \/><\/a><\/figure>\n\n\n<p><iframe loading=\"lazy\" title=\"RCK-KLEINSERIE 2025 - Reglement Vorschau + Weltmeisterschaft Porsche-Cup VTA GT-SPORT M-Chassis LMH\" src=\"https:\/\/www.youtube.com\/embed\/V0e2sp87dQ4\" width=\"474\" height=\"315\" frameborder=\"0\" allowfullscreen=\"allowfullscreen\"><\/iframe><\/p>\n<p>&nbsp;<\/p>\n<p>Weitere Infos bei <a href=\"https:\/\/www.rc-kleinkram.de\/\" target=\"_blank\" rel=\"noopener\">RC-KleinKram<\/a> bzw. bei der <a href=\"https:\/\/www.rck-solutions.de\/index.php?id=82\" target=\"_blank\" rel=\"noopener\">RCK-KleinSerie<\/a> .<\/p>\n","protected":false},"excerpt":{"rendered":"<p>Nach der Weltmeisterschaft ging es weiter mit den regionalen Rennen<\/p>\n","protected":false},"author":1,"featured_media":380854,"comment_status":"closed","ping_status":"closed","sticky":false,"template":"","format":"standard","meta":{"ngg_post_thumbnail":0,"_jetpack_memberships_contains_paid_content":false,"footnotes":"","jetpack_publicize_message":"","jetpack_publicize_feature_enabled":true,"jetpack_social_post_already_shared":true,"jetpack_social_options":{"image_generator_settings":{"template":"highway","default_image_id":0,"font":"","enabled":false},"version":2}},"categories":[145],"tags":[3302,3510,3747,6995],"class_list":["post-380375","post","type-post","status-publish","format-standard","has-post-thumbnail","hentry","category-events","tag-mikanews","tag-mika-news","tag-rcnews","tag-rck-kleinserie"],"jetpack_publicize_connections":[],"jetpack_featured_media_url":"https:\/\/mikanews.de\/wp-content\/uploads\/2025\/06\/Strecke-Andernach.jpg","jetpack_sharing_enabled":true,"jetpack_shortlink":"https:\/\/wp.me\/p6wBBU-1AX5","_links":{"self":[{"href":"https:\/\/mikanews.de\/index.php?rest_route=\/wp\/v2\/posts\/380375","targetHints":{"allow":["GET"]}}],"collection":[{"href":"https:\/\/mikanews.de\/index.php?rest_route=\/wp\/v2\/posts"}],"about":[{"href":"https:\/\/mikanews.de\/index.php?rest_route=\/wp\/v2\/types\/post"}],"author":[{"embeddable":true,"href":"https:\/\/mikanews.de\/index.php?rest_route=\/wp\/v2\/users\/1"}],"replies":[{"embeddable":true,"href":"https:\/\/mikanews.de\/index.php?rest_route=%2Fwp%2Fv2%2Fcomments&post=380375"}],"version-history":[{"count":4,"href":"https:\/\/mikanews.de\/index.php?rest_route=\/wp\/v2\/posts\/380375\/revisions"}],"predecessor-version":[{"id":380857,"href":"https:\/\/mikanews.de\/index.php?rest_route=\/wp\/v2\/posts\/380375\/revisions\/380857"}],"wp:featuredmedia":[{"embeddable":true,"href":"https:\/\/mikanews.de\/index.php?rest_route=\/wp\/v2\/media\/380854"}],"wp:attachment":[{"href":"https:\/\/mikanews.de\/index.php?rest_route=%2Fwp%2Fv2%2Fmedia&parent=380375"}],"wp:term":[{"taxonomy":"category","embeddable":true,"href":"https:\/\/mikanews.de\/index.php?rest_route=%2Fwp%2Fv2%2Fcategories&post=380375"},{"taxonomy":"post_tag","embeddable":true,"href":"https:\/\/mikanews.de\/index.php?rest_route=%2Fwp%2Fv2%2Ftags&post=380375"}],"curies":[{"name":"wp","href":"https:\/\/api.w.org\/{rel}","templated":true}]}}