{"id":387199,"date":"2025-09-06T21:43:19","date_gmt":"2025-09-06T19:43:19","guid":{"rendered":"https:\/\/mikanews.de\/?p=387199"},"modified":"2025-09-06T21:44:18","modified_gmt":"2025-09-06T19:44:18","slug":"furioses-a1-beim-ets-r3-2025-in-luxemburg","status":"publish","type":"post","link":"https:\/\/mikanews.de\/?p=387199","title":{"rendered":"Furioses A1 beim ETS R3 2025 in Luxemburg"},"content":{"rendered":"<p>Heute fand das erste A-Finale der Klasse Modified beim ETS R3 in <!--more-->Luxemburg statt. Dabei sahen die Zuschauer einen super aufgelegten Bruno Coelho aus Portugal, der zuerst mit einem tollen \u00dcberholman\u00f6ver Michal Orlowski knackte und im Anschluss die L\u00fccke zu Lucas Urbain zufuhr und ihn \u00fcberholte. Wahnsinn. Bruno Coelho siegt vor Lucas Urbain und S\u00f6ren Sparbier, der sich mit einem super Lauf auf Platz 3 platzierte.<\/p>\n\n<div class=\"wp-block-image\">\n<figure class=\"aligncenter size-full\"><a href=\"https:\/\/mikanews.de\/wp-content\/uploads\/2025\/09\/ETS-Luxemburg-Bruno-Coelho.jpg\" rel=\"lightbox[387199]\"><img loading=\"lazy\" decoding=\"async\" width=\"850\" height=\"477\" src=\"https:\/\/mikanews.de\/wp-content\/uploads\/2025\/09\/ETS-Luxemburg-Bruno-Coelho.jpg\" alt=\"\" class=\"wp-image-387200\" srcset=\"https:\/\/mikanews.de\/wp-content\/uploads\/2025\/09\/ETS-Luxemburg-Bruno-Coelho.jpg 850w, https:\/\/mikanews.de\/wp-content\/uploads\/2025\/09\/ETS-Luxemburg-Bruno-Coelho-300x168.jpg 300w\" sizes=\"auto, (max-width: 850px) 100vw, 850px\" \/><\/a><\/figure>\n<\/div>\n\n<p><a href=\"https:\/\/www.myrcm.ch\/myrcm\/main?dId[E]=88595#\" target=\"_blank\" rel=\"noopener\">Link zu den Ergebnissen<\/a><\/p>\n<p>Bilder: rc-cars-pics.de \/ Christian Sandner<\/p>\n<p><strong>Quelle:<\/strong>&nbsp;<a href=\"https:\/\/www.eurorcseries.com\/\" target=\"_blank\" rel=\"noopener noreferrer\">EuroRCSeries<\/a><\/p>\n","protected":false},"excerpt":{"rendered":"<p>Heute fand das erste A-Finale der Klasse Modified beim ETS R3 in<\/p>\n","protected":false},"author":1,"featured_media":387200,"comment_status":"closed","ping_status":"closed","sticky":false,"template":"","format":"standard","meta":{"ngg_post_thumbnail":0,"_jetpack_memberships_contains_paid_content":false,"footnotes":"","jetpack_publicize_message":"","jetpack_publicize_feature_enabled":true,"jetpack_social_post_already_shared":true,"jetpack_social_options":{"image_generator_settings":{"template":"highway","default_image_id":0,"font":"","enabled":false},"version":2}},"categories":[3],"tags":[381,464,696,3302,3510,3747,8794],"class_list":["post-387199","post","type-post","status-publish","format-standard","has-post-thumbnail","hentry","category-rennberichte","tag-bruno-coelho","tag-ets","tag-euro-touring-series","tag-mikanews","tag-mika-news","tag-rcnews","tag-luxemburg"],"jetpack_publicize_connections":[],"jetpack_featured_media_url":"https:\/\/mikanews.de\/wp-content\/uploads\/2025\/09\/ETS-Luxemburg-Bruno-Coelho.jpg","jetpack_sharing_enabled":true,"jetpack_shortlink":"https:\/\/wp.me\/p6wBBU-1CJ9","_links":{"self":[{"href":"https:\/\/mikanews.de\/index.php?rest_route=\/wp\/v2\/posts\/387199","targetHints":{"allow":["GET"]}}],"collection":[{"href":"https:\/\/mikanews.de\/index.php?rest_route=\/wp\/v2\/posts"}],"about":[{"href":"https:\/\/mikanews.de\/index.php?rest_route=\/wp\/v2\/types\/post"}],"author":[{"embeddable":true,"href":"https:\/\/mikanews.de\/index.php?rest_route=\/wp\/v2\/users\/1"}],"replies":[{"embeddable":true,"href":"https:\/\/mikanews.de\/index.php?rest_route=%2Fwp%2Fv2%2Fcomments&post=387199"}],"version-history":[{"count":1,"href":"https:\/\/mikanews.de\/index.php?rest_route=\/wp\/v2\/posts\/387199\/revisions"}],"predecessor-version":[{"id":387201,"href":"https:\/\/mikanews.de\/index.php?rest_route=\/wp\/v2\/posts\/387199\/revisions\/387201"}],"wp:featuredmedia":[{"embeddable":true,"href":"https:\/\/mikanews.de\/index.php?rest_route=\/wp\/v2\/media\/387200"}],"wp:attachment":[{"href":"https:\/\/mikanews.de\/index.php?rest_route=%2Fwp%2Fv2%2Fmedia&parent=387199"}],"wp:term":[{"taxonomy":"category","embeddable":true,"href":"https:\/\/mikanews.de\/index.php?rest_route=%2Fwp%2Fv2%2Fcategories&post=387199"},{"taxonomy":"post_tag","embeddable":true,"href":"https:\/\/mikanews.de\/index.php?rest_route=%2Fwp%2Fv2%2Ftags&post=387199"}],"curies":[{"name":"wp","href":"https:\/\/api.w.org\/{rel}","templated":true}]}}