{"id":391900,"date":"2025-10-14T23:51:25","date_gmt":"2025-10-14T21:51:25","guid":{"rendered":"https:\/\/mikanews.de\/?p=391900"},"modified":"2025-10-17T09:31:45","modified_gmt":"2025-10-17T07:31:45","slug":"rennbericht-deutsche-meisterschaft-rc-car-1-28-2025-in-sandhausen","status":"publish","type":"post","link":"https:\/\/mikanews.de\/?p=391900","title":{"rendered":"Rennbericht \u2013 Deutsche Meisterschaft RC Car 1\/28 2025 in Sandhausen"},"content":{"rendered":"<p>Am letzten Wochenende trafen sich die Teilnehmer der deutschen <!--more-->Meisterschaft RC Car 1\/28 in Sandhausen. Dort war das Team vom Mini-Z Racing Sandhausen gut vorbereitet. Die Strecke bot den w\u00fcrdigen Rahmen auf knapp 53 Metern und einer 13 Meter langen Geraden. Als Untergrund wurde das Kyoshosystem verwendet. Rund um die Strecke war Platz zum Schrauben f\u00fcr die Teilnehmer, denen auch Catering geboten wurde. Am Start waren die Klassen Open, ProStock 3.5 und SuperStock 2.5. Bei den Fahrzeugen waren die Marken:&nbsp; GL- Racing, Xbility, RTA, Atomic, Vitamin Z DS28, RiMa Racing und Reflex Racing vertreten.<\/p>\n<p>Nach der Anreise wurde zun\u00e4chst der Schrauberplatz eingerichtet. Anschlie\u00dfend ging es auf die Strecke, um die ersten Runden zu drehen. F\u00fcr viele ging es am Freitag mit dem freien Training los. Das Streckenlayout war f\u00fcr alle neu, sodass sich die Fahrer langsam herantasten mussten. So wurde der Tag genutzt sich an die neue Streckenf\u00fchrung zu gew\u00f6hnen und ein passenden Setup f\u00fcr ihr Fahrzeug zu finden.&nbsp;Das Grundsetup war jedoch schnell gefunden, und jeder Pilot passte es nur noch leicht an seinen individuellen Fahrstil an. Die Pace der unterschiedlichen Chassis waren \u00e4hnlich, sodass es interessant sein w\u00fcrde, wer am Ende siegreich sein w\u00fcrde.&nbsp;<\/p>\n<p>Hier ein Teambericht zum Rennen:<\/p>\n<p><strong>Samstag \u2013 Kurzes Training &amp; Qualifikation<\/strong><\/p>\n<p>Lukas reiste erst am Samstag an und hatte dadurch einen kleinen Nachteil. Das Team versorgte ihn jedoch mit allen n\u00f6tigen Informationen, damit er das Grundsetup \u00fcbernehmen konnte. Viel Zeit zum Testen blieb ihm allerdings nicht.<\/p>\n<p>Das restliche Team nutzte den Vormittag, um Reifen anzufahren. Es wurden ein paar Installationsrunden gedreht, um sicherzugehen, dass das Chassis noch genauso auf der Strecke lag wie am Vorabend.<\/p>\n<p>Lukas fand sich schnell zurecht und steigerte im Laufe der Qualifikationsl\u00e4ufe kontinuierlich seine Pace. Auch der Rest des Teams zeigte starke Leistungen \u2013 erneut wurde deutlich, dass mit uns zu rechnen war!<\/p>\n<p><strong>Sonntag \u2013 Letzter Qualilauf &amp; Finals<\/strong><\/p>\n<p>Der letzte Qualifikationslauf entschied \u00fcber die Startpl\u00e4tze in den jeweiligen Finals. Das eine gute Startaufstellung auf der Strecke entscheidend werden sollte, war klar. \u00dcberholen war schwierig.<\/p>\n<p><strong>Die Finals<\/strong><\/p>\n<p>In den Finals war alles m\u00f6glich \u2013 mit acht Piloten auf der Strecke brauchte man nicht nur eine gute Pace, sondern auch etwas Gl\u00fcck in jedem Lauf. Schwierig waren die \u00dcberholman\u00f6ver einmal beim \u00dcberrunden, aber auch wenn man seinen Kontrahenden \u00fcberholen wollte. Machte der Vordermann keine Fehler, war es extrem schwierig einen Platz gutzumachen. Deswegen war die Qualifikation sehr entscheidend gewesen.&nbsp;<\/p>\n<p>Hier nun die&nbsp;Endergebnisse:<\/p>\n<p><strong>Open-Klasse (10 Starter)<\/strong><\/p>\n<ol>\n<li>Samuel Verdan<\/li>\n<li>Nicolai B\u00e4hr<\/li>\n<li>Cham Dass<\/li>\n<\/ol>\n<p><strong>&nbsp;Superstock (18 Starter)<\/strong><\/p>\n<ol>\n<li>Cham Dass<\/li>\n<li>Daniel Schweizer<\/li>\n<li>Marco Crisante<\/li>\n<\/ol>\n<p>Lukas hatte in den Finals etwas Pech, verlor eine Position und beendete das Rennen auf P8. Eine starke Leistung, besonders da ihm ein kompletter Trainingstag fehlte.<\/p>\n<p>Dominik beendete seine Finals auf P12, zeigte aber zum Schluss eine deutlich steigende Formkurve.<\/p>\n<p><strong>&nbsp;Stock (27 Starter)<\/strong><\/p>\n<ol>\n<li>Samuel Verdan<\/li>\n<li>Cham Dass<\/li>\n<li>Roberto Sannino<\/li>\n<\/ol>\n<p>Marco verlor in den Finals einige Positionen \u2013 am Ende fehlte etwas Pace und das Gl\u00fcck war diesmal nicht auf seiner Seite. Trotzdem ein respektabler P7 in der Endwertung. Rigo zeigte seine gewohnt ruhige und stabile Fahrweise im B-Finale. Leider fiel in seinem letzten Lauf der Regler aus, wodurch er seine Position nicht verteidigen konnte \u2013 P13 war das Ergebnis, obwohl mehr m\u00f6glich gewesen w\u00e4re. Axel, der sein allererstes Rennen bestritt, zeigte eine beeindruckende Entwicklung. Mit technischer und mentaler Unterst\u00fctzung des Teams wurde er stetig schneller und konstanter \u2013 am Ende P12 in der Gesamtwertung!<\/p>\nngg_shortcode_0_placeholder\n<p><strong>Fazit<\/strong><\/p>\n<p>Das Fahrerfeld war in allen Klassen au\u00dfergew\u00f6hnlich stark besetzt. Das ist f\u00fcr die Szene ein gutes Zeichen und l\u00e4sst auf eine gute Zukunft hoffen. Das Team ist absolut zufrieden mit den&nbsp;Ergebnissen \u2013 mehrere A-Final-Pl\u00e4tze, zwei Podiumspl\u00e4tze und eine insgesamt starke Teamleistung sprechen f\u00fcr sich.<\/p>\n<p>Wir freuen uns bereits auf die n\u00e4chste Competition \u2013 mit neuer Motivation und viel Teamgeist!<\/p>\n<p>&nbsp;<\/p>\n<p><strong>Veranstaltungsort:<\/strong><\/p>\n<p>Mini-z Racing Sandhausen<\/p>\n<p>Heidelbergerstr. 11<\/p>\n<p>69207 Sandhausen<\/p>\n<p>Eventseite: <a href=\"https:\/\/baehr-racing.jimdofree.com\/termine\/deutsche-meisterschaft-2025\/\" target=\"_blank\" rel=\"noopener\">\u2013Hier zur Eventseite\u2013<\/a><\/p>\n<p>Wer sich f\u00fcr die kleinen Flitzer interessiert, kann hier im Mini-Z Forum mehr erfahren: <a href=\"http:\/\/www.miniz-forum.de\/\" target=\"_blank\" rel=\"noopener\">&#8211;Hier Klicken&#8211;<\/a><\/p>\n\n","protected":false},"excerpt":{"rendered":"<p>Am letzten Wochenende trafen sich die Teilnehmer der deutschen<\/p>\n","protected":false},"author":1,"featured_media":391922,"comment_status":"closed","ping_status":"closed","sticky":false,"template":"","format":"standard","meta":{"ngg_post_thumbnail":25512,"_jetpack_memberships_contains_paid_content":false,"footnotes":"","jetpack_publicize_message":"","jetpack_publicize_feature_enabled":true,"jetpack_social_post_already_shared":false,"jetpack_social_options":{"image_generator_settings":{"template":"highway","default_image_id":0,"font":"","enabled":false},"version":2}},"categories":[3],"tags":[13,89,3302,3510,3747,15419,15420],"class_list":["post-391900","post","type-post","status-publish","format-standard","has-post-thumbnail","hentry","category-rennberichte","tag-dm","tag-deutsche-meisterschaft","tag-mikanews","tag-mika-news","tag-rcnews","tag-sandhausen","tag-mini-z-racing-sandhausen"],"jetpack_publicize_connections":[],"jetpack_featured_media_url":"https:\/\/mikanews.de\/wp-content\/uploads\/2025\/10\/nggallery_import\/2025_10_12_DM_Mini_Z_Sandhausen_12.jpg","jetpack_sharing_enabled":true,"jetpack_shortlink":"https:\/\/wp.me\/p6wBBU-1DWY","_links":{"self":[{"href":"https:\/\/mikanews.de\/index.php?rest_route=\/wp\/v2\/posts\/391900","targetHints":{"allow":["GET"]}}],"collection":[{"href":"https:\/\/mikanews.de\/index.php?rest_route=\/wp\/v2\/posts"}],"about":[{"href":"https:\/\/mikanews.de\/index.php?rest_route=\/wp\/v2\/types\/post"}],"author":[{"embeddable":true,"href":"https:\/\/mikanews.de\/index.php?rest_route=\/wp\/v2\/users\/1"}],"replies":[{"embeddable":true,"href":"https:\/\/mikanews.de\/index.php?rest_route=%2Fwp%2Fv2%2Fcomments&post=391900"}],"version-history":[{"count":4,"href":"https:\/\/mikanews.de\/index.php?rest_route=\/wp\/v2\/posts\/391900\/revisions"}],"predecessor-version":[{"id":392007,"href":"https:\/\/mikanews.de\/index.php?rest_route=\/wp\/v2\/posts\/391900\/revisions\/392007"}],"wp:featuredmedia":[{"embeddable":true,"href":"https:\/\/mikanews.de\/index.php?rest_route=\/wp\/v2\/media\/391922"}],"wp:attachment":[{"href":"https:\/\/mikanews.de\/index.php?rest_route=%2Fwp%2Fv2%2Fmedia&parent=391900"}],"wp:term":[{"taxonomy":"category","embeddable":true,"href":"https:\/\/mikanews.de\/index.php?rest_route=%2Fwp%2Fv2%2Fcategories&post=391900"},{"taxonomy":"post_tag","embeddable":true,"href":"https:\/\/mikanews.de\/index.php?rest_route=%2Fwp%2Fv2%2Ftags&post=391900"}],"curies":[{"name":"wp","href":"https:\/\/api.w.org\/{rel}","templated":true}]}}