{"id":410078,"date":"2026-09-06T09:50:00","date_gmt":"2026-09-06T07:50:00","guid":{"rendered":"https:\/\/mikanews.de\/?p=410078"},"modified":"2026-09-06T09:50:05","modified_gmt":"2026-09-06T07:50:05","slug":"volles-haus-beim-25-jahre-rc-glashaus-fest-am-tag-1","status":"publish","type":"post","link":"https:\/\/mikanews.de\/?p=410078","title":{"rendered":"Volles Haus beim 25 Jahre RC-Glashaus Fest am Tag 1"},"content":{"rendered":"<p>Mit einem tollen Programm, vielen<!--more--> Attraktionen, H\u00e4ndlern und besinderen G\u00e4sten feiert das RC-Glashaus ihr 25 j\u00e4hriges Jubil\u00e4um. Es wurde am gestrigen Samstag richtig voll. Zum Gl\u00fcck hatte der Veranstalter f\u00fcr ausreichend Parkpl\u00e4tze gesorgt. Das RC-Glashaus wurde extra herausgeputzt. Mit dabei war Marco Heinrich, der Stimme des Norden. Die Stimmung war super, nette Leute und sch\u00f6ne Shows, wie u.a. der Lowrider von Sven St\u00e4dt in Aktion. Es war \u00fcberall auf den Strecken und Parcours was los. Die Besucher haben die Einladung gern angenommen und sindcfroh, dass es dieses RC Paradies gibt. Soviel Facetten des Modellbaus zu erleben gibt es nicht in Deutschland und Europa zu finden.<\/p>\n<p>Heute habt ihr nochmal von 10- 18 Uhr dabei zu sein. Das Team vom RC-Glashaus um Thorsten Hinsch freut sich auf Euch.<\/p>\n\n<div class=\"wp-block-image\">\n<figure class=\"aligncenter size-large\"><a href=\"https:\/\/mikanews.de\/wp-content\/uploads\/2026\/09\/25-Jahre-RC-Glashaus.jpg\" rel=\"lightbox[410078]\"><img loading=\"lazy\" decoding=\"async\" width=\"850\" height=\"477\" src=\"https:\/\/mikanews.de\/wp-content\/uploads\/2026\/09\/25-Jahre-RC-Glashaus-850x477.jpg\" alt=\"\" class=\"wp-image-410079\" srcset=\"https:\/\/mikanews.de\/wp-content\/uploads\/2026\/09\/25-Jahre-RC-Glashaus-850x477.jpg 850w, https:\/\/mikanews.de\/wp-content\/uploads\/2026\/09\/25-Jahre-RC-Glashaus-300x168.jpg 300w, https:\/\/mikanews.de\/wp-content\/uploads\/2026\/09\/25-Jahre-RC-Glashaus.jpg 1080w\" sizes=\"auto, (max-width: 850px) 100vw, 850px\" \/><\/a><\/figure>\n<\/div>\n\n<p><span class=\"embed-youtube\"><iframe loading=\"lazy\" class=\"youtube-player\" src=\"https:\/\/www.youtube.com\/embed\/Eyr2PHK-zMQ?version=3&amp;rel=1&amp;showsearch=0&amp;showinfo=1&amp;iv_load_policy=1&amp;fs=1&amp;hl=de-DE&amp;autohide=2&amp;wmode=transparent\" width=\"474\" height=\"267\" sandbox=\"allow-scripts allow-same-origin allow-popups allow-presentation allow-popups-to-escape-sandbox\" allowfullscreen=\"allowfullscreen\" data-mce-fragment=\"1\"><\/iframe><\/span><\/p>\n<p>&nbsp;<\/p>\n<p>Hier die \u00d6ffnungszeit:<\/p>\n<p><strong>6. September 2026 \u2013 10 \u2013 18 Uhr<\/strong><\/p>\n<p><strong>An allen Tagen auf allen Strecken&nbsp;<\/strong><\/p>\n<p><strong>freies Fahren&nbsp;<\/strong><strong>ohne Anmeldung m\u00f6glich!<\/strong><\/p>\n<p>Ggfs. gibt es kurze Einschr\u00e4nkungen, wenn auf der jeweiligen Strecke das Showfahren stattfindet,&nbsp;dann k\u00f6nnt ihr f\u00fcr ca. 10 min diese eine Strecke nicht nutzen. Wir bitten hier um euer Verst\u00e4ndnis.<\/p>\n<p><strong>Fahrpreis \u2013 egal wie lange und mit wie vielen Fahrzeugen ihr fahrt!!&nbsp;<\/strong><\/p>\n<p><strong>Tagespreis 10 Euro f\u00fcr Erwachsene<\/strong><\/p>\n<p><strong>Tagespreis 3 Euro f\u00fcr Kinder<\/strong><\/p>\n<p><strong>Tagespreis f\u00fcr Besucher \/ Zuschauer (nur Sa. &amp; So.)<\/strong><\/p>\n<p><strong>Erwachsene 2 Euro \/ Kinder ab 6 J. 1 Euro<\/strong><\/p>\n<p>&nbsp;<\/p>\n<p><strong>Quelle, Bilder und zum Verein:<\/strong>&nbsp;<a href=\"http:\/\/www.rc-glashaus.de\/\" target=\"_blank\" rel=\"noopener noreferrer\">RC-Glashaus<\/a><\/p>\n","protected":false},"excerpt":{"rendered":"<p>Mit einem tollen Programm, vielen<\/p>\n","protected":false},"author":1,"featured_media":410079,"comment_status":"closed","ping_status":"closed","sticky":false,"template":"","format":"standard","meta":{"ngg_post_thumbnail":0,"_jetpack_newsletter_access":"","_jetpack_dont_email_post_to_subs":false,"_jetpack_newsletter_tier_id":0,"_jetpack_memberships_contains_paywalled_content":false,"_jetpack_feature_clip_id":0,"_jetpack_memberships_contains_paid_content":false,"footnotes":"","jetpack_publicize_message":"","jetpack_publicize_feature_enabled":true,"jetpack_social_post_already_shared":true,"jetpack_social_options":{"image_generator_settings":{"template":"highway","default_image_id":0,"font":"","enabled":false},"version":2},"jetpack_post_was_ever_published":false},"categories":[145],"tags":[],"class_list":["post-410078","post","type-post","status-publish","format-standard","has-post-thumbnail","hentry","category-events"],"jetpack_publicize_connections":[],"jetpack_sharing_enabled":true,"jetpack_shortlink":"https:\/\/wp.me\/p6wBBU-1IGa","jetpack_featured_media_url":"https:\/\/mikanews.de\/wp-content\/uploads\/2026\/09\/25-Jahre-RC-Glashaus.jpg","_links":{"self":[{"href":"https:\/\/mikanews.de\/index.php?rest_route=\/wp\/v2\/posts\/410078","targetHints":{"allow":["GET"]}}],"collection":[{"href":"https:\/\/mikanews.de\/index.php?rest_route=\/wp\/v2\/posts"}],"about":[{"href":"https:\/\/mikanews.de\/index.php?rest_route=\/wp\/v2\/types\/post"}],"author":[{"embeddable":true,"href":"https:\/\/mikanews.de\/index.php?rest_route=\/wp\/v2\/users\/1"}],"replies":[{"embeddable":true,"href":"https:\/\/mikanews.de\/index.php?rest_route=%2Fwp%2Fv2%2Fcomments&post=410078"}],"version-history":[{"count":1,"href":"https:\/\/mikanews.de\/index.php?rest_route=\/wp\/v2\/posts\/410078\/revisions"}],"predecessor-version":[{"id":410081,"href":"https:\/\/mikanews.de\/index.php?rest_route=\/wp\/v2\/posts\/410078\/revisions\/410081"}],"wp:featuredmedia":[{"embeddable":true,"href":"https:\/\/mikanews.de\/index.php?rest_route=\/wp\/v2\/media\/410079"}],"wp:attachment":[{"href":"https:\/\/mikanews.de\/index.php?rest_route=%2Fwp%2Fv2%2Fmedia&parent=410078"}],"wp:term":[{"taxonomy":"category","embeddable":true,"href":"https:\/\/mikanews.de\/index.php?rest_route=%2Fwp%2Fv2%2Fcategories&post=410078"},{"taxonomy":"post_tag","embeddable":true,"href":"https:\/\/mikanews.de\/index.php?rest_route=%2Fwp%2Fv2%2Ftags&post=410078"}],"curies":[{"name":"wp","href":"https:\/\/api.w.org\/{rel}","templated":true}]}}