{"id":42070,"date":"2016-09-07T00:40:23","date_gmt":"2016-09-06T22:40:23","guid":{"rendered":"http:\/\/mikanews.de\/?p=42070"},"modified":"2016-09-07T00:43:00","modified_gmt":"2016-09-06T22:43:00","slug":"mim-maedels-im-modellbau-17-patricia-licht","status":"publish","type":"post","link":"https:\/\/mikanews.de\/?p=42070","title":{"rendered":"MIM M\u00e4dels im Modellbau &#8211; #17 Patricia Licht"},"content":{"rendered":"<p>Einer jungen Dame kann es gar nicht schnell genug gehen. W\u00e4hrend wir Herren im Alter gerne in eine weniger stark motorisierten Klasse wechseln, geht sie nicht den leichten Weg. Sie k\u00e4mpft oft <!--more-->in der LRP-HPI-Challenge in der Stock-Klasse (13,5T- , fr\u00fcher auch mit 10,5T-Motor) mit. Man sieht unweigerlich, Patricia ist ein echter Speedfreak. Am 16.-18.9.2016 geht es dann wieder zum Deutschlandfinale der LRP-HPI-Challenge nach Hann. M\u00fcnden. Garantiert dabei &#8211; Patricia Licht!<\/p>\n<hr \/>\n<p><em><strong>mikanews:<\/strong><\/em><\/p>\n<p>Hallo Patricia, wie kamst du zu den RC Cars? Wie lange f\u00e4hrst du bereits? Wer brachte dich zu diesem Hobby?<\/p>\n<hr \/>\n<p><strong>Patricia:<\/strong><\/p>\n<p>Hey, ich bin Patricia Licht und 19 Jahre alt. Zu den RC Cars bin ich durch meinen Vater gekommen, der schon eine Zeit lang vor mir im Hobby unterwegs war. Irgendwann kam dann der Tag, an dem ich zur Rennstrecke mitkommen wollte\u00a0 und seit damals bin ich dabei. Das ist nun schon mehr als 10 Jahre her.<\/p>\n<p><a href=\"https:\/\/mikanews.de\/wp-content\/uploads\/2016\/09\/MIMPatriciaLicht_Copyrightsarahrogaczewski-21.jpg\" rel=\"lightbox[42070]\"><img loading=\"lazy\" decoding=\"async\" class=\"alignnone size-full wp-image-64103\" src=\"https:\/\/mikanews.de\/wp-content\/uploads\/2016\/09\/MIMPatriciaLicht_Copyrightsarahrogaczewski-21.jpg\" alt=\"MIMPatriciaLicht_Copyrightsarahrogaczewski (21)\" width=\"960\" height=\"638\" srcset=\"https:\/\/mikanews.de\/wp-content\/uploads\/2016\/09\/MIMPatriciaLicht_Copyrightsarahrogaczewski-21.jpg 960w, https:\/\/mikanews.de\/wp-content\/uploads\/2016\/09\/MIMPatriciaLicht_Copyrightsarahrogaczewski-21-300x199.jpg 300w, https:\/\/mikanews.de\/wp-content\/uploads\/2016\/09\/MIMPatriciaLicht_Copyrightsarahrogaczewski-21-850x565.jpg 850w\" sizes=\"auto, (max-width: 960px) 100vw, 960px\" \/><\/a><\/p>\n<p><em><strong>mikanews:<\/strong><\/em><\/p>\n<p>Welche Modelle besitzt du?<\/p>\n<hr \/>\n<p><strong>Patricia:<\/strong><\/p>\n<p>Unter meiner Haube befindet sich ein Serpent Eryx 4.0.<\/p>\n<p><a href=\"https:\/\/mikanews.de\/wp-content\/uploads\/2016\/09\/MIMPatriciaLichtActionKleinburgwedel-2.jpg\" rel=\"lightbox[42070]\"><img loading=\"lazy\" decoding=\"async\" class=\"alignnone size-full wp-image-64097\" src=\"https:\/\/mikanews.de\/wp-content\/uploads\/2016\/09\/MIMPatriciaLichtActionKleinburgwedel-2.jpg\" alt=\"MIMPatriciaLichtActionKleinburgwedel (2)\" width=\"1600\" height=\"1066\" srcset=\"https:\/\/mikanews.de\/wp-content\/uploads\/2016\/09\/MIMPatriciaLichtActionKleinburgwedel-2.jpg 1600w, https:\/\/mikanews.de\/wp-content\/uploads\/2016\/09\/MIMPatriciaLichtActionKleinburgwedel-2-300x200.jpg 300w, https:\/\/mikanews.de\/wp-content\/uploads\/2016\/09\/MIMPatriciaLichtActionKleinburgwedel-2-850x566.jpg 850w\" sizes=\"auto, (max-width: 1600px) 100vw, 1600px\" \/><\/a><a href=\"https:\/\/mikanews.de\/wp-content\/uploads\/2016\/09\/MIMPatriciaLichtActionKleinburgwedel-4.jpg\" rel=\"lightbox[42070]\"><img loading=\"lazy\" decoding=\"async\" class=\"alignnone size-full wp-image-64098\" src=\"https:\/\/mikanews.de\/wp-content\/uploads\/2016\/09\/MIMPatriciaLichtActionKleinburgwedel-4.jpg\" alt=\"MIMPatriciaLichtActionKleinburgwedel (4)\" width=\"1600\" height=\"1066\" srcset=\"https:\/\/mikanews.de\/wp-content\/uploads\/2016\/09\/MIMPatriciaLichtActionKleinburgwedel-4.jpg 1600w, https:\/\/mikanews.de\/wp-content\/uploads\/2016\/09\/MIMPatriciaLichtActionKleinburgwedel-4-300x200.jpg 300w, https:\/\/mikanews.de\/wp-content\/uploads\/2016\/09\/MIMPatriciaLichtActionKleinburgwedel-4-850x566.jpg 850w\" sizes=\"auto, (max-width: 1600px) 100vw, 1600px\" \/><\/a><\/p>\n<p><em><strong>mikanews:<\/strong><\/em><\/p>\n<p>Was passiert bei dir, wenn kein Rennen am Wochenende stattfindet?<\/p>\n<hr \/>\n<p><strong>Patricia:<\/strong><\/p>\n<p>An Wochenenden, an denen ich kein Rennen fahre, findet man mich h\u00e4ufig auf der Arbeit. Die Freizeit wird dann mit der Familie und Freunden verbracht \u2013 Abende auch gerne in Bars mit ein paar Drinks und guten Gespr\u00e4chen.<\/p>\n<hr \/>\n<p><em><strong>mikanews:<\/strong><\/em><\/p>\n<p>Welche Klasse f\u00e4hrst du zu welcher Jahreszeit am liebsten?<\/p>\n<hr \/>\n<p><strong>Patricia: <\/strong><\/p>\n<p>Tourenwagen 13,5 Turn\u2013 im Sommer wie im Winter \ud83d\ude09<\/p>\n<figure id=\"attachment_64099\" aria-describedby=\"caption-attachment-64099\" style=\"width: 1600px\" class=\"wp-caption alignnone\"><a href=\"https:\/\/mikanews.de\/wp-content\/uploads\/2016\/09\/MIMPatriciaLichtActionKleinburgwedel-5.jpg\" rel=\"lightbox[42070]\"><img loading=\"lazy\" decoding=\"async\" class=\"wp-image-64099 size-full\" src=\"https:\/\/mikanews.de\/wp-content\/uploads\/2016\/09\/MIMPatriciaLichtActionKleinburgwedel-5.jpg\" alt=\"MIMPatriciaLichtActionKleinburgwedel (5)\" width=\"1600\" height=\"1066\" srcset=\"https:\/\/mikanews.de\/wp-content\/uploads\/2016\/09\/MIMPatriciaLichtActionKleinburgwedel-5.jpg 1600w, https:\/\/mikanews.de\/wp-content\/uploads\/2016\/09\/MIMPatriciaLichtActionKleinburgwedel-5-300x200.jpg 300w, https:\/\/mikanews.de\/wp-content\/uploads\/2016\/09\/MIMPatriciaLichtActionKleinburgwedel-5-850x566.jpg 850w\" sizes=\"auto, (max-width: 1600px) 100vw, 1600px\" \/><\/a><figcaption id=\"caption-attachment-64099\" class=\"wp-caption-text\">Patricia und ihr Serpent bei einem LRP-HPI-Challenge-Lauf der Gruppe Nord in Kleinburgwedel.<\/figcaption><\/figure>\n<p><a href=\"https:\/\/mikanews.de\/wp-content\/uploads\/2016\/09\/MIMPatriciaLichtActionKleinburgwedel-6.jpg\" rel=\"lightbox[42070]\"><img loading=\"lazy\" decoding=\"async\" class=\"alignnone size-full wp-image-64100\" src=\"https:\/\/mikanews.de\/wp-content\/uploads\/2016\/09\/MIMPatriciaLichtActionKleinburgwedel-6.jpg\" alt=\"MIMPatriciaLichtActionKleinburgwedel (6)\" width=\"1600\" height=\"1066\" srcset=\"https:\/\/mikanews.de\/wp-content\/uploads\/2016\/09\/MIMPatriciaLichtActionKleinburgwedel-6.jpg 1600w, https:\/\/mikanews.de\/wp-content\/uploads\/2016\/09\/MIMPatriciaLichtActionKleinburgwedel-6-300x200.jpg 300w, https:\/\/mikanews.de\/wp-content\/uploads\/2016\/09\/MIMPatriciaLichtActionKleinburgwedel-6-850x566.jpg 850w\" sizes=\"auto, (max-width: 1600px) 100vw, 1600px\" \/><\/a><\/p>\n<p>&nbsp;<\/p>\n<p><em><strong>mikanews:<\/strong><\/em><\/p>\n<p>Was war f\u00fcr dich dein bestes Rennen?<\/p>\n<hr \/>\n<p><strong>Patricia:<\/strong><\/p>\n<p>F\u00fcr mich sind die besten Rennen bez\u00fcglich der Stimmung bis jetzt immer die Deutschen Meisterschaften der LRP-HPI-Challenge gewesen. Dort habe ich 2009 z.B. auch meine heutige beste Freundin kennengelernt. Aber auch ETS Appeldoorn 2012 hat mir sehr gut gefallen und viel Spa\u00df beschert.<\/p>\n<hr \/>\n<p><em><strong>mikanews:<\/strong><\/em><\/p>\n<p>Bist du in einem Verein?<\/p>\n<hr \/>\n<p><strong>Patricia:<\/strong><\/p>\n<p>In einem Verein bin ich nicht. Eine echte Heimstrecke habe ich daher auch nicht. Beim RCCT Hann.M\u00fcnden f\u00fchle ich mich aber sehr wohl. Sie tragen ja bald auch wieder die Deutsche Meisterschaften der LRP-HPI-Challenge aus.<\/p>\n<hr \/>\n<p><em><strong>mikanews:<\/strong><\/em><\/p>\n<p>Hann.M\u00fcnden magst du also. Hast du noch andere Lieblingsstrecken?<\/p>\n<hr \/>\n<p><strong>Patricia:<\/strong><\/p>\n<p>Die Outdoorstrecke des MAC Burgdorf finde ich super. Dort fahre ich auch sehr gerne.<\/p>\n<hr \/>\n<p><em><strong>mikanews:<\/strong><\/em><\/p>\n<p>Hast du im oder au\u00dferhalb vom RC-Sport eine Art Idol?<\/p>\n<hr \/>\n<p><strong>Patricia:<\/strong><\/p>\n<p>Vorbilder habe ich (besonders au\u00dferhalb des RC) so direkt keine. Beim RC sind allerdings die Topfahrer nat\u00fcrlich schon die, dessen Skills man sehr bewundert. Allgemein bewundere ich lieber, als dass ich mir eine Einzelperson als DAS Vorbild hinstelle, dem ich absolut nacheifere.<\/p>\n<figure id=\"attachment_64102\" aria-describedby=\"caption-attachment-64102\" style=\"width: 960px\" class=\"wp-caption alignnone\"><a href=\"https:\/\/mikanews.de\/wp-content\/uploads\/2016\/09\/MIMPatriciaLicht_Copyrightsarahrogaczewski-8.jpg\" rel=\"lightbox[42070]\"><img loading=\"lazy\" decoding=\"async\" class=\"wp-image-64102 size-full\" src=\"https:\/\/mikanews.de\/wp-content\/uploads\/2016\/09\/MIMPatriciaLicht_Copyrightsarahrogaczewski-8.jpg\" alt=\"MIMPatriciaLicht_Copyrightsarahrogaczewski (8)\" width=\"960\" height=\"638\" srcset=\"https:\/\/mikanews.de\/wp-content\/uploads\/2016\/09\/MIMPatriciaLicht_Copyrightsarahrogaczewski-8.jpg 960w, https:\/\/mikanews.de\/wp-content\/uploads\/2016\/09\/MIMPatriciaLicht_Copyrightsarahrogaczewski-8-300x199.jpg 300w, https:\/\/mikanews.de\/wp-content\/uploads\/2016\/09\/MIMPatriciaLicht_Copyrightsarahrogaczewski-8-850x565.jpg 850w\" sizes=\"auto, (max-width: 960px) 100vw, 960px\" \/><\/a><figcaption id=\"caption-attachment-64102\" class=\"wp-caption-text\">Echte Vorbilder hat sie keine, Patricia steht lieber mit beiden Beinen im Leben. Die F\u00e4higkeiten der schnellsten Fahrer bewundert sie jedoch.<\/figcaption><\/figure>\n<p><em><strong>mikanews: <\/strong><\/em><\/p>\n<p>Welche Erfolge hattest du schon in den vielen Jahren an der Seite deines Vaters?<\/p>\n<hr \/>\n<p><strong>Patricia:<\/strong><\/p>\n<p>Es sind noch keine nennenswerte Erfolge vorhanden \ud83d\ude00 (Anmerkung von mikanews: Es hat zwar noch nicht zu einem DM-Titel gereicht, aber bei den vielen Regionall\u00e4ufen hat sie schon mehr als 1 Finale gewonnen und auch genug alte Haudegen hinter sich halten k\u00f6nnen! Komplett erfolglos ist sie nicht. Sie schm\u00fcckt sich mit Understatement \ud83d\ude42 !)<\/p>\n<hr \/>\n<p><em><strong>mikanews:<\/strong><\/em><\/p>\n<p>Welche Ziele hast du noch f\u00fcr dieses Jahr und dar\u00fcber hinaus?<\/p>\n<hr \/>\n<p><strong>Patricia:<\/strong><\/p>\n<p>Meine Ziele sind nat\u00fcrlich weiterhin viel Spa\u00df am Hobby zu haben. Dar\u00fcber hinaus habe ich mir vorgenommen, einen gr\u00f6\u00dferen Fokus aufs Training zu setzen, um voranzukommen.<br \/>\nIm Leben fernab vom RC m\u00f6chte ich meine Ausbildung erfolgreich weiterf\u00fchren, n\u00e4chstes Jahr abschlie\u00dfen und weiterhin auf mein pers\u00f6nlich gr\u00f6\u00dftes Ziel \u2013 Medizinstudium \u2013 hinarbeiten.<\/p>\n<hr \/>\n<p><em><strong>mikanews:<\/strong><\/em><\/p>\n<p>Hast du als M\u00e4del auch Sponsoren und F\u00f6rderer hinter dir?<\/p>\n<hr \/>\n<p><strong>Patricia:<\/strong><\/p>\n<p>Ja, ich erhalte seit einigen Jahren Unterst\u00fctzung von 2-Speed.<\/p>\n<hr \/>\n<p><em><strong>mikanews:<br \/>\n<\/strong><\/em><\/p>\n<p>Vielen Dank f\u00fcr die Antworten. Wir sehen uns dann in ein paar Tagen in Hann. M\u00fcnden.\u00a0 Wir freuen uns auch schon auf Holger Sparbier und seine Vereinskollegen. Vielleicht wird es wieder so spannend wie 2013.<\/p>\n<hr \/>\n<p><a href=\"https:\/\/mikanews.de\/wp-content\/uploads\/2016\/09\/MIMPatriciaLicht_Copyrightsarahrogaczewski-2.jpg\" rel=\"lightbox[42070]\"><img loading=\"lazy\" decoding=\"async\" class=\"alignnone size-full wp-image-64104\" src=\"https:\/\/mikanews.de\/wp-content\/uploads\/2016\/09\/MIMPatriciaLicht_Copyrightsarahrogaczewski-2.jpg\" alt=\"MIMPatriciaLicht_Copyrightsarahrogaczewski (2)\" width=\"638\" height=\"960\" srcset=\"https:\/\/mikanews.de\/wp-content\/uploads\/2016\/09\/MIMPatriciaLicht_Copyrightsarahrogaczewski-2.jpg 638w, https:\/\/mikanews.de\/wp-content\/uploads\/2016\/09\/MIMPatriciaLicht_Copyrightsarahrogaczewski-2-199x300.jpg 199w, https:\/\/mikanews.de\/wp-content\/uploads\/2016\/09\/MIMPatriciaLicht_Copyrightsarahrogaczewski-2-565x850.jpg 565w\" sizes=\"auto, (max-width: 638px) 100vw, 638px\" \/><\/a><\/p>\n<p>Die Portr\u00e4tfotos von Patricia wurden von Sarah Rogaczewski Photoraphy gemacht. Die dazugeh\u00f6rige Facebookseite ist unter<\/p>\n<p><a href=\"https:\/\/www.facebook.com\/sarah.rogaczewski.photography\/?fref=nf\">https:\/\/www.facebook.com\/sarah.rogaczewski.photography\/?fref=nf<\/a> zu finden.<\/p>\n<p>Lasst der jungen Dame mit dem talentierten Blick durch den Sucher einer digitalen Spiegelreflexkamera ein Like auf ihrer Facebook-Seite.<\/p>\n<p>Eine eigene Website hat sie mittlerweile auch. Unter <a href=\"http:\/\/sarah-rogaczewski.jimdo.com\/\">http:\/\/sarah-rogaczewski.jimdo.com\/<\/a> k\u00f6nnt ihr noch mehr Werke von ihr bewundern.<\/p>\n<p><strong>Eine kleine Klarstellung, die Reihenfolge und Nummerierung sind keine Charts und sind in keinerlei Hinsicht eine Wertung der F\u00e4higkeiten. Es geht einfach darum, euch die Frauen, die sich im mit Testosteron gef\u00fcllten Fahrerlager behaupten, n\u00e4her vorzustellen!<\/strong><\/p>\n<div id='gallery-1' class='gallery galleryid-42070 gallery-columns-3 gallery-size-thumbnail'><figure class='gallery-item'>\n\t\t\t<div class='gallery-icon portrait'>\n\t\t\t\t<a href='https:\/\/mikanews.de\/wp-content\/uploads\/2016\/09\/MIMPatriciaLicht_Copyrightsarahrogaczewski-2.jpg' rel=\"lightbox[42070]\"><img loading=\"lazy\" decoding=\"async\" width=\"150\" height=\"150\" src=\"https:\/\/mikanews.de\/wp-content\/uploads\/2016\/09\/MIMPatriciaLicht_Copyrightsarahrogaczewski-2-150x150.jpg\" class=\"attachment-thumbnail size-thumbnail\" alt=\"\" \/><\/a>\n\t\t\t<\/div><\/figure><figure class='gallery-item'>\n\t\t\t<div class='gallery-icon landscape'>\n\t\t\t\t<a href='https:\/\/mikanews.de\/wp-content\/uploads\/2016\/09\/MIMPatriciaLicht_Copyrightsarahrogaczewski-21.jpg' rel=\"lightbox[42070]\"><img loading=\"lazy\" decoding=\"async\" width=\"150\" height=\"150\" src=\"https:\/\/mikanews.de\/wp-content\/uploads\/2016\/09\/MIMPatriciaLicht_Copyrightsarahrogaczewski-21-150x150.jpg\" class=\"attachment-thumbnail size-thumbnail\" alt=\"\" \/><\/a>\n\t\t\t<\/div><\/figure><figure class='gallery-item'>\n\t\t\t<div class='gallery-icon landscape'>\n\t\t\t\t<a href='https:\/\/mikanews.de\/wp-content\/uploads\/2016\/09\/MIMPatriciaLicht_Copyrightsarahrogaczewski-8.jpg' rel=\"lightbox[42070]\"><img loading=\"lazy\" decoding=\"async\" width=\"150\" height=\"150\" src=\"https:\/\/mikanews.de\/wp-content\/uploads\/2016\/09\/MIMPatriciaLicht_Copyrightsarahrogaczewski-8-150x150.jpg\" class=\"attachment-thumbnail size-thumbnail\" alt=\"\" \/><\/a>\n\t\t\t<\/div><\/figure><figure class='gallery-item'>\n\t\t\t<div class='gallery-icon landscape'>\n\t\t\t\t<a href='https:\/\/mikanews.de\/wp-content\/uploads\/2016\/09\/MIMPatriciaLichtActionKleinburgwedel-6.jpg' rel=\"lightbox[42070]\"><img loading=\"lazy\" decoding=\"async\" width=\"150\" height=\"150\" src=\"https:\/\/mikanews.de\/wp-content\/uploads\/2016\/09\/MIMPatriciaLichtActionKleinburgwedel-6-150x150.jpg\" class=\"attachment-thumbnail size-thumbnail\" alt=\"\" \/><\/a>\n\t\t\t<\/div><\/figure><figure class='gallery-item'>\n\t\t\t<div class='gallery-icon landscape'>\n\t\t\t\t<a href='https:\/\/mikanews.de\/wp-content\/uploads\/2016\/09\/MIMPatriciaLichtActionKleinburgwedel-5.jpg' rel=\"lightbox[42070]\"><img loading=\"lazy\" decoding=\"async\" width=\"150\" height=\"150\" src=\"https:\/\/mikanews.de\/wp-content\/uploads\/2016\/09\/MIMPatriciaLichtActionKleinburgwedel-5-150x150.jpg\" class=\"attachment-thumbnail size-thumbnail\" alt=\"\" \/><\/a>\n\t\t\t<\/div><\/figure><figure class='gallery-item'>\n\t\t\t<div class='gallery-icon landscape'>\n\t\t\t\t<a href='https:\/\/mikanews.de\/wp-content\/uploads\/2016\/09\/MIMPatriciaLichtActionKleinburgwedel-4.jpg' rel=\"lightbox[42070]\"><img loading=\"lazy\" decoding=\"async\" width=\"150\" height=\"150\" src=\"https:\/\/mikanews.de\/wp-content\/uploads\/2016\/09\/MIMPatriciaLichtActionKleinburgwedel-4-150x150.jpg\" class=\"attachment-thumbnail size-thumbnail\" alt=\"\" \/><\/a>\n\t\t\t<\/div><\/figure><figure class='gallery-item'>\n\t\t\t<div class='gallery-icon landscape'>\n\t\t\t\t<a href='https:\/\/mikanews.de\/wp-content\/uploads\/2016\/09\/MIMPatriciaLichtActionKleinburgwedel-2.jpg' rel=\"lightbox[42070]\"><img loading=\"lazy\" decoding=\"async\" width=\"150\" height=\"150\" src=\"https:\/\/mikanews.de\/wp-content\/uploads\/2016\/09\/MIMPatriciaLichtActionKleinburgwedel-2-150x150.jpg\" class=\"attachment-thumbnail size-thumbnail\" alt=\"\" \/><\/a>\n\t\t\t<\/div><\/figure>\n\t\t<\/div>\n\n<p>&nbsp;<\/p>\n<p>Patricia ist vorerst unsere letzte Dame in der Kolumne MIM:M\u00e4dels im Modellbau. 17 unerschrockene Frauen haben wir euch in den vergangenen Wochen vorgestellt. Ihr seht, als Frau muss man keine Angst haben.\u00a0 Traut euch auf die Strecken dieser Welt! Es gibt so viel zu entdecken und auszutauschen. Ihr werdet auch garantiert positiv aufgenommen.<\/p>\n<p>Nat\u00fcrlich wissen wir, es gibt noch viel mehr von euch und wir w\u00fcrden uns freuen, wenn wir viel von euch h\u00f6ren und sehen! \ud83d\ude42<\/p>\n<p><strong>andere M\u00e4dels in Modellbau:<\/strong><\/p>\n<p>https:\/\/mikanews.de\/2016\/05\/18\/mim-maedels-im-modellbau-1-nicole-roentsch\/<\/p>\n<p>https:\/\/mikanews.de\/2016\/05\/25\/luisa-marie-fassmers-kurz-lulu\/<\/p>\n<p>https:\/\/mikanews.de\/2016\/06\/01\/mim-maedels-im-modellbau-3-laura-pollert\/<\/p>\n<p>https:\/\/mikanews.de\/2016\/06\/08\/mim-maedels-im-modellbau-4-katja-brammertz\/<\/p>\n<p>https:\/\/mikanews.de\/2016\/06\/15\/mim-maedels-im-modellbau-5-elena-hummel\/<\/p>\n<p>https:\/\/mikanews.de\/2016\/06\/22\/mim-maedels-im-modellbau-6-madeline-barczewski\/<\/p>\n<p>https:\/\/mikanews.de\/2016\/06\/29\/mim-maedels-im-modellbau-7-mareike-stegmeier\/<\/p>\n<p>https:\/\/mikanews.de\/2016\/07\/06\/mim-maedels-im-modellbau-8-leony-liv-schwinkowski\/<\/p>\n<p>https:\/\/mikanews.de\/2016\/07\/13\/mim-maedels-im-modellbau-9-kerstin-bessler\/<\/p>\n<p>https:\/\/mikanews.de\/2016\/07\/20\/mim-maedels-im-modellbau-10-vanessa-wende\/<\/p>\n<p>https:\/\/mikanews.de\/2016\/07\/27\/mim-maedels-im-modellbau-11-jessica-palsson\/<\/p>\n<p>https:\/\/mikanews.de\/2016\/08\/03\/mim-maedels-im-modellbau-12-emmanuelle-vanhaesendonck\/<\/p>\n<p>https:\/\/mikanews.de\/2016\/08\/10\/mim-maedels-im-modellbau-13-katharina-willgerod\/<\/p>\n<p>https:\/\/mikanews.de\/2016\/08\/17\/mim-maedels-im-modellbau-14-kimberly-brunne\/<\/p>\n<p>https:\/\/mikanews.de\/2016\/08\/24\/mim-maedels-im-modellbau-15-janine-fischer\/<\/p>\n<p>https:\/\/mikanews.de\/2016\/08\/31\/mim-maedels-im-modellbau-16-bianca-schmittgen\/<\/p>\n<p>weitere Links:<\/p>\n<p>https:\/\/mikanews.de\/2016\/04\/13\/chassisfokus-serpent-s411-eryx-4-0-kevin-sparbier\/<\/p>\n<p>https:\/\/mikanews.de\/2016\/01\/11\/offizielle-vorstellung-des-serpent-eryx-4-0-mit-aluminium-chassis\/<\/p>\n<p>https:\/\/mikanews.de\/2015\/12\/30\/serpent-eryx-4wd-tc-110-4-0-kommt-in-2-versionen\/<\/p>\n<p>https:\/\/mikanews.de\/2016\/01\/23\/optionale-aluminium-aufhaengungstraeger-fuer-den-serpent-eryx-4-0\/<\/p>\n<p>https:\/\/mikanews.de\/2016\/06\/08\/serpent-project-4-x-110-tc\/<\/p>\n<p>https:\/\/mikanews.de\/2016\/06\/08\/serpent-project-4-x-110-tc\/<\/p>\n","protected":false},"excerpt":{"rendered":"<p>Einer jungen Dame kann es gar nicht schnell genug gehen. W\u00e4hrend wir Herren im Alter gerne in eine weniger stark motorisierten Klasse wechseln, geht sie nicht den leichten Weg. Sie k\u00e4mpft oft<\/p>\n","protected":false},"author":2,"featured_media":64103,"comment_status":"closed","ping_status":"closed","sticky":false,"template":"","format":"standard","meta":{"ngg_post_thumbnail":0,"_jetpack_memberships_contains_paid_content":false,"footnotes":"","jetpack_publicize_message":"","jetpack_publicize_feature_enabled":true,"jetpack_social_post_already_shared":false,"jetpack_social_options":{"image_generator_settings":{"template":"highway","default_image_id":0,"font":"","enabled":false},"version":2}},"categories":[1654,2354],"tags":[9,11,21,41,64,76,83,154,395,536,797,1138,1165,1188,1344,1569,1591,1792,2401,2402,2425],"class_list":["post-42070","post","type-post","status-publish","format-standard","has-post-thumbnail","hentry","category-interview","category-mim-maedels-im-modellbau","tag-lrp-hpi-challenge","tag-elektro","tag-tourenwagen","tag-egtw","tag-stock","tag-glattbahn","tag-serpent","tag-eryx","tag-mac-burgdorf","tag-egtwmo","tag-rcweb","tag-eryx-4-0","tag-maedelskolumne","tag-mim","tag-egtwsp","tag-rcct-hann-muenden","tag-maedels","tag-rc","tag-interviews","tag-kolumne","tag-patricia-licht"],"jetpack_publicize_connections":[],"jetpack_featured_media_url":"https:\/\/mikanews.de\/wp-content\/uploads\/2016\/09\/MIMPatriciaLicht_Copyrightsarahrogaczewski-21.jpg","jetpack_sharing_enabled":true,"jetpack_shortlink":"https:\/\/wp.me\/p6wBBU-aWy","_links":{"self":[{"href":"https:\/\/mikanews.de\/index.php?rest_route=\/wp\/v2\/posts\/42070","targetHints":{"allow":["GET"]}}],"collection":[{"href":"https:\/\/mikanews.de\/index.php?rest_route=\/wp\/v2\/posts"}],"about":[{"href":"https:\/\/mikanews.de\/index.php?rest_route=\/wp\/v2\/types\/post"}],"author":[{"embeddable":true,"href":"https:\/\/mikanews.de\/index.php?rest_route=\/wp\/v2\/users\/2"}],"replies":[{"embeddable":true,"href":"https:\/\/mikanews.de\/index.php?rest_route=%2Fwp%2Fv2%2Fcomments&post=42070"}],"version-history":[{"count":19,"href":"https:\/\/mikanews.de\/index.php?rest_route=\/wp\/v2\/posts\/42070\/revisions"}],"predecessor-version":[{"id":64109,"href":"https:\/\/mikanews.de\/index.php?rest_route=\/wp\/v2\/posts\/42070\/revisions\/64109"}],"wp:featuredmedia":[{"embeddable":true,"href":"https:\/\/mikanews.de\/index.php?rest_route=\/wp\/v2\/media\/64103"}],"wp:attachment":[{"href":"https:\/\/mikanews.de\/index.php?rest_route=%2Fwp%2Fv2%2Fmedia&parent=42070"}],"wp:term":[{"taxonomy":"category","embeddable":true,"href":"https:\/\/mikanews.de\/index.php?rest_route=%2Fwp%2Fv2%2Fcategories&post=42070"},{"taxonomy":"post_tag","embeddable":true,"href":"https:\/\/mikanews.de\/index.php?rest_route=%2Fwp%2Fv2%2Ftags&post=42070"}],"curies":[{"name":"wp","href":"https:\/\/api.w.org\/{rel}","templated":true}]}}