{"id":47501,"date":"2016-06-26T22:37:24","date_gmt":"2016-06-26T20:37:24","guid":{"rendered":"http:\/\/mikanews.de\/?p=47501"},"modified":"2016-06-27T00:04:30","modified_gmt":"2016-06-26T22:04:30","slug":"sk-lauf-vg10-vg8-beim-mrc-leipzig-die-sieger-entscheidung-in-der-letzten-runde","status":"publish","type":"post","link":"https:\/\/mikanews.de\/?p=47501","title":{"rendered":"SK-Lauf VG10 &#038; VG8 beim MRC Leipzig &#8211; die Sieger, Entscheidung in der letzten Runde"},"content":{"rendered":"<p>SK-Lauf VG10 &amp; VG8 beim MRC Leipzig<\/p>\n<p>Nach den Regenkapriolen in der letzten Woche und am Samstag in der Region Halle\/Leipzig waren alle erfreut<!--more-->, einen komplett regenfreien und sonnigen Rennsonntag zu genie\u00dfen. Gerade die VG-Fahrer sind auf gutes Wetter in den wenigen Sommermonaten angewiesen. Deswegen war es sch\u00f6n, dass die Sonne am richtigen Wochentag ihre Schokoladenseite zeigte. Beim MRC Leipzig fand einer von wenigen SK-L\u00e4ufen f\u00fcr VG-Fahrer im Osten statt. Diese sind wichtig, um sich f\u00fcr die DM zu qualifizieren.<\/p>\n<p>Kommen wir zu den Ergebnissen aus den Finalen in den 3 Klassen.<\/p>\n<p><strong>VG10 Scale<\/strong><\/p>\n<p>Leider nur mit 3 Teilnehmern war\u00a0 VG10 am Start. Trotzdem war es sehenswert. Toni Gruber holte die Pole vor\u00a0Jakub Rozycki. Zwischen den beiden war es sehr eng. Mit tiefen 18er Zeiten fuhren beide fast gleiche Rundenzeiten.<\/p>\n<p>Gleich am Start verlor Toni viele Runden. Erst nach fast einer Minute fuhr er auf die Bahn. So hatte Jakub gleich einen guten Vorsprung und er fuhr ruhig und konzentriert weiter. Die ersten Boxenstopps von ihm waren auch schneller. Nur m\u00fchsam konnte sich Toni herank\u00e4mpfen. Jakub fuhr sicher mit einem beruhigenden Vorsprung nicht auf der letzten Rille.<\/p>\n<p>Zwei Motorenabsteller lie\u00dfen Toni wieder etwas Lunte riechen.<\/p>\n<p>Der ganze gro\u00dfe Triumph bei seiner Aufholjagd gelang ihm jedoch nicht. So sah es jedenfalls eine halbe Minute vor Ende aus. Er hatte sich auf 2 Sekunden herangefahren. Das sollte doch aber eigentlich f\u00fcr Jakub reichen. Tja, denkste!\u00a0 Der Motivationsruf von Marie, der Freundin und Tankerin von Toni, beim letzten Boxenstop hate seine Wirkung nicht verfehlt. Toni fing Jakub noch in der letzten Runde ab , danach folgte der abgeschlagene Knud Ecke. Toni und Jakub sind aber auch schon eine gute Messlatte im nationalen Vergleich.<\/p>\n<p>0,4 Sekunden trennten Jakub und Toni nach der Ziel\u00fcberfahrt. Ein bisschen schade f\u00fcr Jakub, der 30 Minuten lang gef\u00fchrt hatte.<\/p>\n<p><a href=\"https:\/\/mikanews.de\/wp-content\/uploads\/2016\/06\/20160626skvgmrcleipzigsiegerehrung-3.jpg\" rel=\"lightbox[47501]\"><img loading=\"lazy\" decoding=\"async\" class=\"alignnone size-full wp-image-47521\" src=\"https:\/\/mikanews.de\/wp-content\/uploads\/2016\/06\/20160626skvgmrcleipzigsiegerehrung-3.jpg\" alt=\"20160626skvgmrcleipzigsiegerehrung (3)\" width=\"683\" height=\"1024\" srcset=\"https:\/\/mikanews.de\/wp-content\/uploads\/2016\/06\/20160626skvgmrcleipzigsiegerehrung-3.jpg 683w, https:\/\/mikanews.de\/wp-content\/uploads\/2016\/06\/20160626skvgmrcleipzigsiegerehrung-3-200x300.jpg 200w, https:\/\/mikanews.de\/wp-content\/uploads\/2016\/06\/20160626skvgmrcleipzigsiegerehrung-3-567x850.jpg 567w\" sizes=\"auto, (max-width: 683px) 100vw, 683px\" \/><\/a><\/p>\n<p>&nbsp;<\/p>\n<p>1 Toni Gruber<br \/>\n2 Jakub Rozycki<br \/>\n3 Knud Ecke<\/p>\n<p><strong>VG8 Klasse 2<\/strong><\/p>\n<p>Hier waren die meisten Fahrer am Start. Mit 8 Mann war es die st\u00e4rkste Klasse. Klar, mehr Fahrer insgesamt w\u00e4re noch besser gewesen.\u00a0 In den Vorl\u00e4ufen erfuhr sich Tobias &#8222;Blacky&#8220; Schwarze die Pole. Leider fuhr sein Shepherd im Finale nicht mehr so schnell und nach einem Ausfall landete er nur auf dem 7. Platz. Etwas fr\u00fcher schied auch Tim Gruber aus. Bis zum Ende hielt Rene Tomka durch und das sicherte ihm auch den Sieg vor Steffen Vater und Olivier Meunier.<\/p>\n<p>1 Ren\u00e9 Tomka<br \/>\n2 Steffen Vater<br \/>\n3 Olivier Meunier<br \/>\n4 Felix Hetzer<br \/>\n5 Stefan Daum<br \/>\n6 Stephan Schreiter<br \/>\n7 Tobias Schwarze<br \/>\n8 Tim Gruber<br \/>\n9 Tino Wilhelm<\/p>\n<p><a href=\"https:\/\/mikanews.de\/wp-content\/uploads\/2016\/06\/20160626skvgmrcleipzigsiegerehrung-18.jpg\" rel=\"lightbox[47501]\"><img loading=\"lazy\" decoding=\"async\" class=\"alignnone size-full wp-image-47539\" src=\"https:\/\/mikanews.de\/wp-content\/uploads\/2016\/06\/20160626skvgmrcleipzigsiegerehrung-18.jpg\" alt=\"20160626skvgmrcleipzigsiegerehrung (18)\" width=\"1024\" height=\"683\" srcset=\"https:\/\/mikanews.de\/wp-content\/uploads\/2016\/06\/20160626skvgmrcleipzigsiegerehrung-18.jpg 1024w, https:\/\/mikanews.de\/wp-content\/uploads\/2016\/06\/20160626skvgmrcleipzigsiegerehrung-18-300x200.jpg 300w, https:\/\/mikanews.de\/wp-content\/uploads\/2016\/06\/20160626skvgmrcleipzigsiegerehrung-18-850x567.jpg 850w\" sizes=\"auto, (max-width: 1024px) 100vw, 1024px\" \/><\/a><\/p>\n<p>Olivier Meunier musste den Kopf f\u00fcr Sieger Rene und seinen VG8 einziehen.\u00a0 Die Podestbesucher VG8 Klasse 2 alberten ein wenig rum.<\/p>\n<p><a href=\"https:\/\/mikanews.de\/wp-content\/uploads\/2016\/06\/20160626skvgmrcleipzigsiegerehrung-19.jpg\" rel=\"lightbox[47501]\"><img loading=\"lazy\" decoding=\"async\" class=\"alignnone size-full wp-image-47541\" src=\"https:\/\/mikanews.de\/wp-content\/uploads\/2016\/06\/20160626skvgmrcleipzigsiegerehrung-19.jpg\" alt=\"20160626skvgmrcleipzigsiegerehrung (19)\" width=\"1024\" height=\"683\" srcset=\"https:\/\/mikanews.de\/wp-content\/uploads\/2016\/06\/20160626skvgmrcleipzigsiegerehrung-19.jpg 1024w, https:\/\/mikanews.de\/wp-content\/uploads\/2016\/06\/20160626skvgmrcleipzigsiegerehrung-19-300x200.jpg 300w, https:\/\/mikanews.de\/wp-content\/uploads\/2016\/06\/20160626skvgmrcleipzigsiegerehrung-19-850x567.jpg 850w\" sizes=\"auto, (max-width: 1024px) 100vw, 1024px\" \/><\/a><\/p>\n<p><strong>VG8 Klasse 1<\/strong><\/p>\n<p>Vor einer Woche hatte Toni Gruber noch den 2. Platz bei ENS geholt. Aber auch Michael Kammer und Torsten M\u00fcller sind bekanntlich nicht langsam auf der Leipziger Bahn. Trotzdem holte Toni die Pole mit seinem ARC R8.0 2016. Der Shepherd von Michael ging aber auch nicht verkehrt. Im Finale war er der einzige Teilnehmer, der Toni bis zum Ende unter Druck setzen konnte. Im erste Stint gingen beide noch fast zeitgleich in die Box. Gerrit Gruber schickte Toni wieder schnell auf die Bahn. Im weiteren Verlauf musste Michael etwas fr\u00fcher Sprit abholen und auch sein Fahrzeug lag nicht ganz so ruhig wie jenes von Toni. Dennoch gab er nicht auf und versuchte den Druck aufrecht zu halten. Seine spektakul\u00e4re Fahrweise verbrauchte aber auch etwas mehr Reifen. 1 Boxenstopp mehr \u00fcber die gesamte Laufzeit plus 1 Reifenwechsel kurz nach Halbzeit des 45-min\u00fctigen Finales ergaben zum Ende einen kleinen R\u00fcckstand von 9,5 Sekunden. Nach 45 Minuten ist das nicht sehr viel und wenn man sich die Klasse eines ENS-Finalisten vor Augen f\u00fchrt, ist das schon eine beachtliche Leistung. Toni profitierte von seiner routinierten Fahrweise und vom ruhigen Setups seines ARC.<\/p>\n<p>Michael holte sich trotzdem mit unter 16 Sekunden die schnellste Runde des Tages. 15.923 Sekunden fuhr er.<\/p>\n<p>Torsten M\u00fcller kam nicht richtig ins Finale. Er startete aus der Box und noch vor Halbzeit musste er seinen neuen XRAY RX8 2016 mit Defekt abstellen. Holger Ritter nutzte das aus und holte sich ungef\u00e4hrdet den dritten und letzten verbleibenden Platz auf dem Podium.<\/p>\n<p>1 Toni Gruber<br \/>\n2 Michael Kammer<br \/>\n3 Holger Ritter<br \/>\n4 Torsten M\u00fcller<br \/>\n5 Robert Patrzek<\/p>\n<p>&nbsp;<\/p>\n<p><a href=\"https:\/\/mikanews.de\/wp-content\/uploads\/2016\/06\/20160626skvgmrcleipzigsiegerehrung-57.jpg\" rel=\"lightbox[47501]\"><img loading=\"lazy\" decoding=\"async\" class=\"alignnone size-full wp-image-47558\" src=\"https:\/\/mikanews.de\/wp-content\/uploads\/2016\/06\/20160626skvgmrcleipzigsiegerehrung-57.jpg\" alt=\"20160626skvgmrcleipzigsiegerehrung (57)\" width=\"1024\" height=\"683\" srcset=\"https:\/\/mikanews.de\/wp-content\/uploads\/2016\/06\/20160626skvgmrcleipzigsiegerehrung-57.jpg 1024w, https:\/\/mikanews.de\/wp-content\/uploads\/2016\/06\/20160626skvgmrcleipzigsiegerehrung-57-300x200.jpg 300w, https:\/\/mikanews.de\/wp-content\/uploads\/2016\/06\/20160626skvgmrcleipzigsiegerehrung-57-850x567.jpg 850w\" sizes=\"auto, (max-width: 1024px) 100vw, 1024px\" \/><\/a><\/p>\n<p>Noch mehr Bilder von Menschen und ihren Maschinen werden in den n\u00e4chsten Tagen ver\u00f6ffentlicht.<\/p>\n<p><a href=\"https:\/\/mikanews.de\/wp-content\/uploads\/2016\/06\/20160626skvgmrcleipzigsiegerehrung-31.jpg\" rel=\"lightbox[47501]\"><img loading=\"lazy\" decoding=\"async\" class=\"alignnone size-full wp-image-47597\" src=\"https:\/\/mikanews.de\/wp-content\/uploads\/2016\/06\/20160626skvgmrcleipzigsiegerehrung-31.jpg\" alt=\"20160626skvgmrcleipzigsiegerehrung (31)\" width=\"683\" height=\"1024\" srcset=\"https:\/\/mikanews.de\/wp-content\/uploads\/2016\/06\/20160626skvgmrcleipzigsiegerehrung-31.jpg 683w, https:\/\/mikanews.de\/wp-content\/uploads\/2016\/06\/20160626skvgmrcleipzigsiegerehrung-31-200x300.jpg 200w, https:\/\/mikanews.de\/wp-content\/uploads\/2016\/06\/20160626skvgmrcleipzigsiegerehrung-31-567x850.jpg 567w\" sizes=\"auto, (max-width: 683px) 100vw, 683px\" \/><\/a><\/p>\n<p>Die Altersrente ist trotz weit \u00fcberschrittener Mindestaltergrenze f\u00fcr Hartmut Gruber nicht m\u00f6glich. Neben der Pr\u00e4paration von 3 Fahrzeugen (VG8 f\u00fcr Tim und Toni, VG10 f\u00fcr Toni) musste er sp\u00e4ter noch als familieneigener Journalist seine &#8222;Pflicht&#8220; hinter der Kamera erf\u00fcllen. Der Sonntag war f\u00fcr ihn definitiv kein Ruhetag!<\/p>\n<p><a href=\"https:\/\/mikanews.de\/wp-content\/uploads\/2016\/06\/20160626skvgmrcleipzigtrack-138.jpg\" rel=\"lightbox[47501]\"><img loading=\"lazy\" decoding=\"async\" class=\"alignnone size-full wp-image-47598\" src=\"https:\/\/mikanews.de\/wp-content\/uploads\/2016\/06\/20160626skvgmrcleipzigtrack-138.jpg\" alt=\"20160626skvgmrcleipzigtrack (138)\" width=\"1024\" height=\"683\" srcset=\"https:\/\/mikanews.de\/wp-content\/uploads\/2016\/06\/20160626skvgmrcleipzigtrack-138.jpg 1024w, https:\/\/mikanews.de\/wp-content\/uploads\/2016\/06\/20160626skvgmrcleipzigtrack-138-300x200.jpg 300w, https:\/\/mikanews.de\/wp-content\/uploads\/2016\/06\/20160626skvgmrcleipzigtrack-138-850x567.jpg 850w\" sizes=\"auto, (max-width: 1024px) 100vw, 1024px\" \/><\/a><\/p>\n<p>Michael Kammer braucht kleine Denkanst\u00f6\u00dfe beim Werkzeug. In der Boxengasse scheint sein Blick wohl zu fragen: &#8222;\u00c4hm, Tobi, was ist das denn? Was macht man damit? Wie benutzt man dieses &#8222;DING&#8220;?&#8220;<\/p>\n<p>Da war vielleicht der Grund f\u00fcr das fr\u00fche Ausscheiden vom Polesetter VG8 Klasse 2 Jedenfalls kann er es jetzt behaupten! \ud83d\ude09<\/p>\n<p>Sicherlich ging es nur um die letzten Feineinstellungen am Vergaser kurz vor dem Finalstart.<\/p>\n<p>weiterer Links:<\/p>\n<p>https:\/\/mikanews.de\/2016\/05\/31\/interview-mit-toni-gruber-ueber-seinen-wechsel-zu-arc\/<\/p>\n<p>https:\/\/mikanews.de\/2015\/08\/08\/chassisfokus-serpent-748-tq-toni-gruber\/<\/p>\n<p>https:\/\/mikanews.de\/2016\/06\/17\/ens-round-2-in-ettlingen-gestartet\/<\/p>\n<p>https:\/\/mikanews.de\/2015\/11\/22\/einer-schweizer-siegt-in-brasilien-simon-kurzbuch-weltmeister-18\/<\/p>\n<p>https:\/\/mikanews.de\/2015\/08\/09\/vg10-scale-dm-2015-das-grosse-finale\/<\/p>\n<p>https:\/\/mikanews.de\/2015\/08\/13\/vg10-scale-dm-2015-mikatech-siegerehrung\/<\/p>\n<p>https:\/\/mikanews.de\/2015\/08\/09\/vg10-scale-deusche-meisterschaft-2015-leipzig-finaltag\/<\/p>\n<p>https:\/\/mikanews.de\/2015\/08\/03\/mrc-leipzig-e-v-glattbahn\/<\/p>\n","protected":false},"excerpt":{"rendered":"<p>SK-Lauf VG10 &amp; VG8 beim MRC Leipzig Nach den Regenkapriolen in der letzten Woche und am Samstag in der Region Halle\/Leipzig waren alle erfreut<\/p>\n","protected":false},"author":2,"featured_media":47539,"comment_status":"closed","ping_status":"closed","sticky":false,"template":"","format":"standard","meta":{"ngg_post_thumbnail":0,"_jetpack_memberships_contains_paid_content":false,"footnotes":"","jetpack_publicize_message":"","jetpack_publicize_feature_enabled":true,"jetpack_social_post_already_shared":false,"jetpack_social_options":{"image_generator_settings":{"template":"highway","default_image_id":0,"font":"","enabled":false},"version":2}},"categories":[3],"tags":[83,84,85,126,127,132,261,277,283,359,411,621,797,1448,1792,2727],"class_list":["post-47501","post","type-post","status-publish","format-standard","has-post-thumbnail","hentry","category-rennberichte","tag-serpent","tag-toni-gruber","tag-85","tag-xray-nt1","tag-xray","tag-jakub-rozycki","tag-vg8","tag-shepherd","tag-nt1","tag-rx8","tag-arc","tag-michael-kammer","tag-rcweb","tag-shepherd-velox-v8","tag-rc","tag-renr-tomka"],"jetpack_publicize_connections":[],"jetpack_featured_media_url":"https:\/\/mikanews.de\/wp-content\/uploads\/2016\/06\/20160626skvgmrcleipzigsiegerehrung-18.jpg","jetpack_sharing_enabled":true,"jetpack_shortlink":"https:\/\/wp.me\/p6wBBU-cm9","_links":{"self":[{"href":"https:\/\/mikanews.de\/index.php?rest_route=\/wp\/v2\/posts\/47501","targetHints":{"allow":["GET"]}}],"collection":[{"href":"https:\/\/mikanews.de\/index.php?rest_route=\/wp\/v2\/posts"}],"about":[{"href":"https:\/\/mikanews.de\/index.php?rest_route=\/wp\/v2\/types\/post"}],"author":[{"embeddable":true,"href":"https:\/\/mikanews.de\/index.php?rest_route=\/wp\/v2\/users\/2"}],"replies":[{"embeddable":true,"href":"https:\/\/mikanews.de\/index.php?rest_route=%2Fwp%2Fv2%2Fcomments&post=47501"}],"version-history":[{"count":10,"href":"https:\/\/mikanews.de\/index.php?rest_route=\/wp\/v2\/posts\/47501\/revisions"}],"predecessor-version":[{"id":47600,"href":"https:\/\/mikanews.de\/index.php?rest_route=\/wp\/v2\/posts\/47501\/revisions\/47600"}],"wp:featuredmedia":[{"embeddable":true,"href":"https:\/\/mikanews.de\/index.php?rest_route=\/wp\/v2\/media\/47539"}],"wp:attachment":[{"href":"https:\/\/mikanews.de\/index.php?rest_route=%2Fwp%2Fv2%2Fmedia&parent=47501"}],"wp:term":[{"taxonomy":"category","embeddable":true,"href":"https:\/\/mikanews.de\/index.php?rest_route=%2Fwp%2Fv2%2Fcategories&post=47501"},{"taxonomy":"post_tag","embeddable":true,"href":"https:\/\/mikanews.de\/index.php?rest_route=%2Fwp%2Fv2%2Ftags&post=47501"}],"curies":[{"name":"wp","href":"https:\/\/api.w.org\/{rel}","templated":true}]}}