{"id":59042,"date":"2016-08-12T13:41:14","date_gmt":"2016-08-12T11:41:14","guid":{"rendered":"http:\/\/mikanews.de\/?p=59042"},"modified":"2016-08-12T17:11:47","modified_gmt":"2016-08-12T15:11:47","slug":"ifmar-110-ic-world-championship-2016-in-gubbio-vorlaufergebnis","status":"publish","type":"post","link":"https:\/\/mikanews.de\/?p=59042","title":{"rendered":"IFMAR 1\/10 IC WORLD CHAMPIONSHIP 2016 in Gubbio &#8211; Vorlaufergebnis"},"content":{"rendered":"<div>Heimvorteit genutzt. Bereits vir dem letzten Vorlauf stand\u00a0<span style=\"line-height: 1.5;\">DARIO\u00a0BALESTRI \u2013 Capricorn als Vorlaufsschnellster fest. Ein tolles Ergebnis auch f\u00fcr das Team. Dahinter <\/span><span style=\"line-height: 1.5;\">fuhr\u00a0<\/span><span style=\"line-height: 1.5;\">ALESSIO\u00a0MAZZEO <\/span><\/div>\n<div><span style=\"line-height: 1.5;\">\u2013 Serpent 748 auf Platz 2, beim dem &#8222;Race&#8220; um die Superpole.<\/span><\/div>\n<p><!--more--><\/p>\n<p>Aktuell, also seit Nachmittag laufen die ersten aufsteigenden Finall\u00e4ufe&#8230;&#8230;.. Mehr unten hier im Bericht im Live-Stream von RC Racing TV.<\/p>\n<figure id=\"attachment_59044\" aria-describedby=\"caption-attachment-59044\" style=\"width: 300px\" class=\"wp-caption aligncenter\"><a href=\"https:\/\/mikanews.de\/wp-content\/uploads\/2016\/08\/20160812_131703_wm.jpg\" rel=\"lightbox[59042]\"><img loading=\"lazy\" decoding=\"async\" class=\"wp-image-59044 size-medium\" src=\"https:\/\/mikanews.de\/wp-content\/uploads\/2016\/08\/20160812_131703_wm-300x200.jpg\" alt=\"20160812_131703_wm\" width=\"300\" height=\"200\" srcset=\"https:\/\/mikanews.de\/wp-content\/uploads\/2016\/08\/20160812_131703_wm-300x200.jpg 300w, https:\/\/mikanews.de\/wp-content\/uploads\/2016\/08\/20160812_131703_wm.jpg 850w\" sizes=\"auto, (max-width: 300px) 100vw, 300px\" \/><\/a><figcaption id=\"caption-attachment-59044\" class=\"wp-caption-text\">DARIO BALESTRI<\/figcaption><\/figure>\n<p><a href=\"https:\/\/mikanews.de\/wp-content\/uploads\/2016\/08\/20160812_131719_wm.jpg\" rel=\"lightbox[59042]\"><img loading=\"lazy\" decoding=\"async\" class=\"aligncenter size-medium wp-image-59045\" src=\"https:\/\/mikanews.de\/wp-content\/uploads\/2016\/08\/20160812_131719_wm-300x224.jpg\" alt=\"20160812_131719_wm\" width=\"300\" height=\"224\" srcset=\"https:\/\/mikanews.de\/wp-content\/uploads\/2016\/08\/20160812_131719_wm-300x224.jpg 300w, https:\/\/mikanews.de\/wp-content\/uploads\/2016\/08\/20160812_131719_wm.jpg 850w\" sizes=\"auto, (max-width: 300px) 100vw, 300px\" \/><\/a><\/p>\n<h6>Der Kampf um die Superpole nochmal erleben. Hier:<\/h6>\n<p><span class=\"embed-youtube\" style=\"text-align:center; display: block;\"><iframe loading=\"lazy\" class=\"youtube-player\" width=\"474\" height=\"267\" src=\"https:\/\/www.youtube.com\/embed\/HoB5zryhw3A?version=3&#038;rel=1&#038;showsearch=0&#038;showinfo=1&#038;iv_load_policy=1&#038;fs=1&#038;hl=de-DE&#038;autohide=2&#038;wmode=transparent\" allowfullscreen=\"true\" style=\"border:0;\" sandbox=\"allow-scripts allow-same-origin allow-popups allow-presentation allow-popups-to-escape-sandbox\"><\/iframe><\/span><\/p>\n<h6>An dieser Stelle der Renn-Report von\u00a0Adam Johnson, RC Racing TV und darunter der Live-Stream vom 12.08.2016:<\/h6>\n<div><\/div>\n<div><span style=\"color: #454545; font-family: UICTFontTextStyleBody;\">Please see below full qualifying report from the IFMAR 1\/10 IC Track World Championship in Gubbio, Italy.\u00a0<\/span><\/div>\n<div><\/div>\n<div>Balestri and Mazzeo Steal The Show in IFMAR\u00a01\/10th\u00a0IC Track World Championship Qualifying<\/div>\n<div>\n<div><\/div>\n<div>Dario Balestri and Alessio Mazzeo gave the home fans a lot to cheer about by becoming the first two qualifiers for Saturday&#8217;s Main Final at the IFMAR\u00a01\/10th\u00a0IC Track World Championship (200mm) in Gubbio, Italy.<\/div>\n<div><\/div>\n<div>Balestri (Capricorn) is already a former multiple European Champion in nitro R\/C racing, and took a huge step towards claiming a maiden World title with a commanding qualifying performance, in spite of major delays. Having won Round 1, he was one of the top group waiting to head out onto track when major thunderstorms rolled in on Wednesday and rained out the track for the rest of the day. But he bounced back the following day with solid runs in Rounds 3 and 4, before winning the delayed final heat of Round 2 (run in the middle of Round 5 to ensure the track was in as close a condition as possible to how the track was before the storms hit) and clinching TQ with another win in Round 5 to round off a brilliant Thursday performance.<\/div>\n<div><\/div>\n<div>As Friday started and the delayed Round 6 was completed, the main questions were around the identity of the driver who would join Balestri in the Main Final; one of home hero Alessio Mazzeo (Serpent), Dominic Greiner (Serpent), reigning IFMAR 1\/8 IC World Champion Simon Kurzbuch (Shepherd) and former European and World Champion in on-road nitro racing Robert Pietsch (Mugen). Pietch fired the first salvo in Friday&#8217;s Superpole session, but could only manage a 16.749 lap as his best &#8211; quickly eclipsed by Greiner, the TQ from the 2015 EFRA\u00a01\/10th\u00a0Euros, on a 16.467.<\/div>\n<div><\/div>\n<div>All of this was then overshadowed by a spectacular run from Mazzeo, who twice beat Greiner&#8217;s benchmark whilst crashing across the timing line! Style, flair and panache in abundance and all to the delight of the home fans, as the flamboyant Mazzeo concluded with a 16.302 fastest lap. Kurzbuch went last and was unable to top that time, finishing with a 16.467 best lap.<\/div>\n<div><\/div>\n<div>Balestri and Mazzeo are the first qualifiers for Saturday&#8217;s Main Final, with Kurzbuch, Pietsch and Greiner dropping into the Semi-Finals along with Takaaki Shimo, Syoki Takahata, Jilles Groskamp, Meen Vejrak, Mark Green, Tadahiko Sahashi, Bruno Coelho, Luca Redaelli, Jessie Davies, Teemu Leino and Francesco Tironi. They will be joined by the top three transfers from each 1\/4th Final, with the top three in each Semi Final (plus the two fastest 4th\/5th place finishers) transferring into the Main Final.<\/div>\n<\/div>\n<div><\/div>\n<div>Words by Adam Johnson, RC Racing TV.<\/div>\n<div><\/div>\n<div>\n<h6>Auch heute konnte\u00a0bzw. wer sich sp\u00e4ter reingeklickt hat, dann k\u00f6nnt ihr die L\u00e4ufe\u00a0wieder bei RC Racing TV einen Live-Stream und\u00a0Onlinestreaming sehen:<\/h6>\n<p><a href=\"http:\/\/www.myrcm.ch\/myrcm\/main?pSr=1&amp;dId[E]=28277\" target=\"_blank\">\u2013Hier klicken\u2013<\/a><\/p>\n<p><span class=\"embed-youtube\" style=\"text-align:center; display: block;\"><iframe loading=\"lazy\" class=\"youtube-player\" width=\"474\" height=\"267\" src=\"https:\/\/www.youtube.com\/embed\/4N4CvzA3h6c?version=3&#038;rel=1&#038;showsearch=0&#038;showinfo=1&#038;iv_load_policy=1&#038;fs=1&#038;hl=de-DE&#038;autohide=2&#038;wmode=transparent\" allowfullscreen=\"true\" style=\"border:0;\" sandbox=\"allow-scripts allow-same-origin allow-popups allow-presentation allow-popups-to-escape-sandbox\"><\/iframe><\/span><\/p>\n<\/div>\n<p><strong style=\"line-height: 1.5;\">Quelle:<\/strong><span style=\"line-height: 1.5;\">\u00a0<\/span><a style=\"line-height: 1.5;\" href=\"http:\/\/rcracingtv.net\/\" target=\"_blank\">RC Racing TV<\/a><span style=\"line-height: 1.5;\">\u00a0<\/span><\/p>\n<h5>Weitere Links<\/h5>\n<p>https:\/\/mikanews.de\/2016\/08\/08\/ifmar-110-ic-world-championship-2016-in-gubbio\/<\/p>\n<p><iframe loading=\"lazy\" class=\"wp-embedded-content\" title=\"\u201eChassisfokus Serpent 748 TQ \u2013 Dominic Greiner\u201c \u2014 mikanews.de\" src=\"https:\/\/mikanews.de\/2015\/08\/09\/chassisfokus-serpent-748-tq-dominic-greiner\/embed\/#?secret=bVx6z4YOBi\" width=\"474\" height=\"574\" frameborder=\"0\" marginwidth=\"0\" marginheight=\"0\" scrolling=\"no\" sandbox=\"allow-scripts\" data-secret=\"bVx6z4YOBi\"><\/iframe><\/p>\n<p><iframe loading=\"lazy\" class=\"wp-embedded-content\" title=\"\u201eChassisfokus Mugen MTX6 \u2013 Robert Pietsch\u201c \u2014 mikanews.de\" src=\"https:\/\/mikanews.de\/2015\/08\/12\/chassisfokus-mugen-mtx6-robert-pietsch\/embed\/#?secret=TBWY1imcrj\" width=\"474\" height=\"574\" frameborder=\"0\" marginwidth=\"0\" marginheight=\"0\" scrolling=\"no\" sandbox=\"allow-scripts\" data-secret=\"TBWY1imcrj\"><\/iframe><\/p>\n<p><iframe loading=\"lazy\" class=\"wp-embedded-content\" title=\"\u201eChassisfokus Xray NT1 2015 \u2013 Tom Kr\u00e4gefski\u201c \u2014 mikanews.de\" src=\"https:\/\/mikanews.de\/2015\/08\/13\/chassisfokus-xray-nt1-2015-tom-kraegefski\/embed\/#?secret=THV3unq4WS\" width=\"474\" height=\"595\" frameborder=\"0\" marginwidth=\"0\" marginheight=\"0\" scrolling=\"no\" sandbox=\"allow-scripts\" data-secret=\"THV3unq4WS\"><\/iframe><\/p>\n<p><iframe loading=\"lazy\" class=\"wp-embedded-content\" title=\"\u201eChassisfokus Capricorn LAB C03 \u2013 Rico Kr\u00f6ber\u201c \u2014 mikanews.de\" src=\"https:\/\/mikanews.de\/2015\/08\/08\/chassisfokus-capricorn-lab-c03-rico-kroeber\/embed\/#?secret=7olwYfPfEI\" width=\"474\" height=\"595\" frameborder=\"0\" marginwidth=\"0\" marginheight=\"0\" scrolling=\"no\" sandbox=\"allow-scripts\" data-secret=\"7olwYfPfEI\"><\/iframe><\/p>\n<p><iframe loading=\"lazy\" class=\"wp-embedded-content\" title=\"\u201eEiner Schweizer siegt in Brasilien \u2013 Simon Kurzbuch Weltmeister 1:8\u201c \u2014 mikanews.de\" src=\"https:\/\/mikanews.de\/2015\/11\/22\/einer-schweizer-siegt-in-brasilien-simon-kurzbuch-weltmeister-18\/embed\/#?secret=TZ4Xvqs4HE\" width=\"474\" height=\"602\" frameborder=\"0\" marginwidth=\"0\" marginheight=\"0\" scrolling=\"no\" sandbox=\"allow-scripts\" data-secret=\"TZ4Xvqs4HE\"><\/iframe><\/p>\n<p><iframe loading=\"lazy\" class=\"wp-embedded-content\" title=\"\u201eNeue Infos vom Xray NT1\u201916 online\u201c \u2014 mikanews.de\" src=\"https:\/\/mikanews.de\/2016\/03\/18\/neue-infos-vom-xray-nt116-online\/embed\/#?secret=P9ubUGrLU1\" width=\"474\" height=\"583\" frameborder=\"0\" marginwidth=\"0\" marginheight=\"0\" scrolling=\"no\" sandbox=\"allow-scripts\" data-secret=\"P9ubUGrLU1\"><\/iframe><\/p>\n<p><iframe loading=\"lazy\" class=\"wp-embedded-content\" title=\"\u201eInterview mit Toni Gruber \u00fcber seinen Wechsel zu ARC\u201c \u2014 mikanews.de\" src=\"https:\/\/mikanews.de\/2016\/05\/31\/interview-mit-toni-gruber-ueber-seinen-wechsel-zu-arc\/embed\/#?secret=IfB1fQnyiZ\" width=\"474\" height=\"602\" frameborder=\"0\" marginwidth=\"0\" marginheight=\"0\" scrolling=\"no\" sandbox=\"allow-scripts\" data-secret=\"IfB1fQnyiZ\"><\/iframe><\/p>\n<p><iframe loading=\"lazy\" class=\"wp-embedded-content\" title=\"\u201eCHASSISFOKUS SHEPHERD VELOX V10 PRO \u201eBlack Edition\u201c \u2013 DIRK WISCHNEWSKI\u201c \u2014 mikanews.de\" src=\"https:\/\/mikanews.de\/2016\/06\/18\/chassisfokus-shepherd-velox-v10-pro-black-edition-dirk-wischnewski\/embed\/#?secret=VyOWh85gun\" width=\"474\" height=\"630\" frameborder=\"0\" marginwidth=\"0\" marginheight=\"0\" scrolling=\"no\" sandbox=\"allow-scripts\" data-secret=\"VyOWh85gun\"><\/iframe><\/p>\n<p><iframe loading=\"lazy\" class=\"wp-embedded-content\" title=\"\u201eDeutsche Meisterschaft EGTW und EGF1 beim RCSF-Singen e.V. \u2013 Finaltag &amp; die Entscheidungen\u201c \u2014 mikanews.de\" src=\"https:\/\/mikanews.de\/2016\/08\/07\/deutsche-meisterschaft-egtw-und-egf1-beim-rcsf-singen-e-v-finaltag-die-entscheidungen\/embed\/#?secret=cgJvQALsWo\" width=\"474\" height=\"630\" frameborder=\"0\" marginwidth=\"0\" marginheight=\"0\" scrolling=\"no\" sandbox=\"allow-scripts\" data-secret=\"cgJvQALsWo\"><\/iframe><\/p>\n<p><iframe loading=\"lazy\" class=\"wp-embedded-content\" title=\"\u201eVG10 Scale DM 2015 \u2013 das gro\u00dfe Finale\u201c \u2014 mikanews.de\" src=\"https:\/\/mikanews.de\/2015\/08\/09\/vg10-scale-dm-2015-das-grosse-finale\/embed\/#?secret=SUoXGpm0oI\" width=\"474\" height=\"553\" frameborder=\"0\" marginwidth=\"0\" marginheight=\"0\" scrolling=\"no\" sandbox=\"allow-scripts\" data-secret=\"SUoXGpm0oI\"><\/iframe><\/p>\n<p><iframe loading=\"lazy\" class=\"wp-embedded-content\" title=\"\u201eEURO EC 1: 6 Off Road in Frankreich \u2013 Entscheidung\u201c \u2014 mikanews.de\" src=\"https:\/\/mikanews.de\/2016\/07\/30\/euro-ec-1-6-off-road-in-frankreich-entscheidung\/embed\/#?secret=cWXRsWOoHr\" width=\"474\" height=\"577\" frameborder=\"0\" marginwidth=\"0\" marginheight=\"0\" scrolling=\"no\" sandbox=\"allow-scripts\" data-secret=\"cWXRsWOoHr\"><\/iframe><\/p>\n<p><iframe loading=\"lazy\" class=\"wp-embedded-content\" title=\"\u201eDeutsche Meisterschaft OR8 beim MSC-Sand e.V.\u201c \u2014 mikanews.de\" src=\"https:\/\/mikanews.de\/2016\/08\/04\/deutsche-meisterschaft-or8-beim-msc-sand-e-v\/embed\/#?secret=j6TItxYP5v\" width=\"474\" height=\"595\" frameborder=\"0\" marginwidth=\"0\" marginheight=\"0\" scrolling=\"no\" sandbox=\"allow-scripts\" data-secret=\"j6TItxYP5v\"><\/iframe><\/p>\n<p><iframe loading=\"lazy\" class=\"wp-embedded-content\" title=\"\u201eEFRA EURO 2016 \u2013 Neumann neuer Europameister 4WD IN VALLADOLID\/SPANIEN\u201c \u2014 mikanews.de\" src=\"https:\/\/mikanews.de\/2016\/07\/30\/efra-euro-2016-neumann-neuer-europameister-4wd-in-valladolidspanien\/embed\/#?secret=r9g7GeYjGT\" width=\"474\" height=\"609\" frameborder=\"0\" marginwidth=\"0\" marginheight=\"0\" scrolling=\"no\" sandbox=\"allow-scripts\" data-secret=\"r9g7GeYjGT\"><\/iframe><\/p>\n<div><\/div>\n","protected":false},"excerpt":{"rendered":"<p>Heimvorteit genutzt. Bereits vir dem letzten Vorlauf stand\u00a0DARIO\u00a0BALESTRI \u2013 Capricorn als Vorlaufsschnellster fest. Ein tolles Ergebnis auch f\u00fcr das Team. Dahinter fuhr\u00a0ALESSIO\u00a0MAZZEO \u2013 Serpent 748 auf Platz 2, beim dem &#8222;Race&#8220; um die Superpole.<\/p>\n","protected":false},"author":1,"featured_media":59044,"comment_status":"closed","ping_status":"closed","sticky":false,"template":"","format":"standard","meta":{"ngg_post_thumbnail":0,"_jetpack_memberships_contains_paid_content":false,"footnotes":"","jetpack_publicize_message":"","jetpack_publicize_feature_enabled":true,"jetpack_social_post_already_shared":false,"jetpack_social_options":{"image_generator_settings":{"template":"highway","default_image_id":0,"font":"","enabled":false},"version":2}},"categories":[3],"tags":[84,102,274,564,566,1792,3100,3133],"class_list":["post-59042","post","type-post","status-publish","format-standard","has-post-thumbnail","hentry","category-rennberichte","tag-toni-gruber","tag-dominic-greiner","tag-simon-kurzbuch","tag-ifmar","tag-weltmeisterschaft","tag-rc","tag-dario-balestri","tag-gubbio"],"jetpack_publicize_connections":[],"jetpack_featured_media_url":"https:\/\/mikanews.de\/wp-content\/uploads\/2016\/08\/20160812_131703_wm.jpg","jetpack_sharing_enabled":true,"jetpack_shortlink":"https:\/\/wp.me\/p6wBBU-fmi","_links":{"self":[{"href":"https:\/\/mikanews.de\/index.php?rest_route=\/wp\/v2\/posts\/59042","targetHints":{"allow":["GET"]}}],"collection":[{"href":"https:\/\/mikanews.de\/index.php?rest_route=\/wp\/v2\/posts"}],"about":[{"href":"https:\/\/mikanews.de\/index.php?rest_route=\/wp\/v2\/types\/post"}],"author":[{"embeddable":true,"href":"https:\/\/mikanews.de\/index.php?rest_route=\/wp\/v2\/users\/1"}],"replies":[{"embeddable":true,"href":"https:\/\/mikanews.de\/index.php?rest_route=%2Fwp%2Fv2%2Fcomments&post=59042"}],"version-history":[{"count":4,"href":"https:\/\/mikanews.de\/index.php?rest_route=\/wp\/v2\/posts\/59042\/revisions"}],"predecessor-version":[{"id":59047,"href":"https:\/\/mikanews.de\/index.php?rest_route=\/wp\/v2\/posts\/59042\/revisions\/59047"}],"wp:featuredmedia":[{"embeddable":true,"href":"https:\/\/mikanews.de\/index.php?rest_route=\/wp\/v2\/media\/59044"}],"wp:attachment":[{"href":"https:\/\/mikanews.de\/index.php?rest_route=%2Fwp%2Fv2%2Fmedia&parent=59042"}],"wp:term":[{"taxonomy":"category","embeddable":true,"href":"https:\/\/mikanews.de\/index.php?rest_route=%2Fwp%2Fv2%2Fcategories&post=59042"},{"taxonomy":"post_tag","embeddable":true,"href":"https:\/\/mikanews.de\/index.php?rest_route=%2Fwp%2Fv2%2Ftags&post=59042"}],"curies":[{"name":"wp","href":"https:\/\/api.w.org\/{rel}","templated":true}]}}