{"id":63655,"date":"2016-09-01T23:42:45","date_gmt":"2016-09-01T21:42:45","guid":{"rendered":"http:\/\/mikanews.de\/?p=63655"},"modified":"2016-09-04T22:03:40","modified_gmt":"2016-09-04T20:03:40","slug":"internationale-deutsche-meisterschaft-egpro10-roetz","status":"publish","type":"post","link":"https:\/\/mikanews.de\/?p=63655","title":{"rendered":"Internationale Deutsche Meisterschaft EGPRO10  beim MSC-R\u00f6tz e.V."},"content":{"rendered":"<p><strong>Aktuelle<\/strong>\u00a0<strong>NEWS!\u00a0<\/strong>Die Deutsche Meisterschaft Pro10 ist beim MSC-R\u00f6tz e.V. am heutigen Sonntag, den 04.09.2016\u00a0zu Ende gegangen. Am Vormittag starteten\u00a0die letzten beiden Vorl\u00e4ufe f\u00fcr die<!--more--> Finalaufstellung. Wer den Sprung ins Finale geschafft hat, k\u00f6nnt ihr hier sehen.<\/p>\n<p><a href=\"https:\/\/mikanews.de\/wp-content\/uploads\/2016\/09\/2016_09_04_dm_msc_r\u00f6tz_0007.jpg\" rel=\"lightbox[63655]\"><img loading=\"lazy\" decoding=\"async\" class=\"aligncenter size-medium wp-image-63970\" src=\"https:\/\/mikanews.de\/wp-content\/uploads\/2016\/09\/2016_09_04_dm_msc_r\u00f6tz_0007-300x168.jpg\" alt=\"2016_09_04_dm_msc_r\u00f6tz_0007\" width=\"300\" height=\"168\" srcset=\"https:\/\/mikanews.de\/wp-content\/uploads\/2016\/09\/2016_09_04_dm_msc_r\u00f6tz_0007-300x168.jpg 300w, https:\/\/mikanews.de\/wp-content\/uploads\/2016\/09\/2016_09_04_dm_msc_r\u00f6tz_0007.jpg 850w\" sizes=\"auto, (max-width: 300px) 100vw, 300px\" \/><\/a> <a href=\"https:\/\/mikanews.de\/wp-content\/uploads\/2016\/09\/2016_09_04_dm_msc_r\u00f6tz_0006.jpg\" rel=\"lightbox[63655]\"><img loading=\"lazy\" decoding=\"async\" class=\"aligncenter size-medium wp-image-63969\" src=\"https:\/\/mikanews.de\/wp-content\/uploads\/2016\/09\/2016_09_04_dm_msc_r\u00f6tz_0006-300x168.jpg\" alt=\"2016_09_04_dm_msc_r\u00f6tz_0006\" width=\"300\" height=\"168\" srcset=\"https:\/\/mikanews.de\/wp-content\/uploads\/2016\/09\/2016_09_04_dm_msc_r\u00f6tz_0006-300x168.jpg 300w, https:\/\/mikanews.de\/wp-content\/uploads\/2016\/09\/2016_09_04_dm_msc_r\u00f6tz_0006.jpg 850w\" sizes=\"auto, (max-width: 300px) 100vw, 300px\" \/><\/a><\/p>\n<p>Nach den Vorl\u00e4ufen stieg die Spannung im Fahrerlager. Welche Fahrer werden am Ende des Tages den Titel und somit den Siegerpokal in den H\u00e4nden halten. Leider kam es dann doch zu dem Regen und einer nassen Fahrbahn. Dadurch war es ein Lotteriespiel speziell wegen der Abstimmung der Fahrzeuge, welche f\u00fcr eine trockene Strecke ausgelegt war. Am Ende des Tages konnte Tim Altmann seine Titelverteidigung vor Timo Schad perfekt machen. Nach den Vorl\u00e4ufen schon \u00fcberraschend, in denen Tobias Weist alle Vorl\u00e4ufe siegreich beenden konnte. In der Stock-Klasse ging Timo Schad von Pole in die Finals. Hier war es Alexander Wild, der sich in den Finall\u00e4ufen von Startplatz 3 nach vorne k\u00e4mpfte und den Titel vor Timo und Mathijs Hermens sicherte.<\/p>\n<p>Einen Dank geht an dieser Stelle an den Verein, der eine tolle und sch\u00f6ne Deutsche Meisterschaft auf die Beine gestellt hat. Das verdient Respekt, was im Vorfeld und an den Tagen der DM organisiert werden muss. Vielen Dank auch an Tobias Weist f\u00fcr die tollen Infos und Bilder. Hoffentlich hat der ein und andere Leser an dieser Klasse &#8222;Blut geleckt&#8220;. Neue Fahrer und auch Fahrerinnen sind gerne gesehen.\u00a0Gl\u00fcckwunsch nun an die Gewinner und mehr folgt noch. Die Sieger der Deutschen Meisterschaft seht ihr hier:<\/p>\n<figure id=\"attachment_63967\" aria-describedby=\"caption-attachment-63967\" style=\"width: 168px\" class=\"wp-caption aligncenter\"><a href=\"https:\/\/mikanews.de\/wp-content\/uploads\/2016\/09\/2016_09_04_dm_msc_r\u00f6tz_0004.jpg\" rel=\"lightbox[63655]\"><img loading=\"lazy\" decoding=\"async\" class=\"wp-image-63967 size-medium\" src=\"https:\/\/mikanews.de\/wp-content\/uploads\/2016\/09\/2016_09_04_dm_msc_r\u00f6tz_0004-168x300.jpg\" alt=\"2016_09_04_dm_msc_r\u00f6tz_0004\" width=\"168\" height=\"300\" srcset=\"https:\/\/mikanews.de\/wp-content\/uploads\/2016\/09\/2016_09_04_dm_msc_r\u00f6tz_0004-168x300.jpg 168w, https:\/\/mikanews.de\/wp-content\/uploads\/2016\/09\/2016_09_04_dm_msc_r\u00f6tz_0004.jpg 477w\" sizes=\"auto, (max-width: 168px) 100vw, 168px\" \/><\/a><figcaption id=\"caption-attachment-63967\" class=\"wp-caption-text\">Tim Altmann verteidigte seinen Deutschen Meistertitel vor Timo Schad und Kai Altmann in der Klasse Pro 10 Modified.<\/figcaption><\/figure>\n<figure id=\"attachment_63966\" aria-describedby=\"caption-attachment-63966\" style=\"width: 168px\" class=\"wp-caption aligncenter\"><a href=\"https:\/\/mikanews.de\/wp-content\/uploads\/2016\/09\/2016_09_04_dm_msc_r\u00f6tz_0003.jpg\" rel=\"lightbox[63655]\"><img loading=\"lazy\" decoding=\"async\" class=\"wp-image-63966 size-medium\" src=\"https:\/\/mikanews.de\/wp-content\/uploads\/2016\/09\/2016_09_04_dm_msc_r\u00f6tz_0003-168x300.jpg\" alt=\"2016_09_04_dm_msc_r\u00f6tz_0003\" width=\"168\" height=\"300\" srcset=\"https:\/\/mikanews.de\/wp-content\/uploads\/2016\/09\/2016_09_04_dm_msc_r\u00f6tz_0003-168x300.jpg 168w, https:\/\/mikanews.de\/wp-content\/uploads\/2016\/09\/2016_09_04_dm_msc_r\u00f6tz_0003.jpg 477w\" sizes=\"auto, (max-width: 168px) 100vw, 168px\" \/><\/a><figcaption id=\"caption-attachment-63966\" class=\"wp-caption-text\">In der Klasse Pro 10 Stock siegte Alexander Wild vor Timo Schad (zweiter Vizetitel bei dieser DM) und Mathijs Hermens.<\/figcaption><\/figure>\n<figure id=\"attachment_63965\" aria-describedby=\"caption-attachment-63965\" style=\"width: 168px\" class=\"wp-caption aligncenter\"><a href=\"https:\/\/mikanews.de\/wp-content\/uploads\/2016\/09\/2016_09_04_dm_msc_r\u00f6tz_0002.jpg\" rel=\"lightbox[63655]\"><img loading=\"lazy\" decoding=\"async\" class=\"wp-image-63965 size-medium\" src=\"https:\/\/mikanews.de\/wp-content\/uploads\/2016\/09\/2016_09_04_dm_msc_r\u00f6tz_0002-168x300.jpg\" alt=\"2016_09_04_dm_msc_r\u00f6tz_0002\" width=\"168\" height=\"300\" srcset=\"https:\/\/mikanews.de\/wp-content\/uploads\/2016\/09\/2016_09_04_dm_msc_r\u00f6tz_0002-168x300.jpg 168w, https:\/\/mikanews.de\/wp-content\/uploads\/2016\/09\/2016_09_04_dm_msc_r\u00f6tz_0002.jpg 477w\" sizes=\"auto, (max-width: 168px) 100vw, 168px\" \/><\/a><figcaption id=\"caption-attachment-63965\" class=\"wp-caption-text\">Joachim Behnken ist Deutscher Meister 40+ geworden und im Gesamtergebnis mit Platz 4 in Pro 10 Modified knapp am Podest vorbeigefahren. Auch von uns Herzlichen Gl\u00fcckwunsch allen Gewinnern.<\/figcaption><\/figure>\n<p>Das Endergebnis der DM<\/p>\n<p><a href=\"https:\/\/mikanews.de\/wp-content\/uploads\/2016\/09\/2016_09_04_dm_msc_r\u00f6tz_0005.jpg\" rel=\"lightbox[63655]\"><img loading=\"lazy\" decoding=\"async\" class=\"aligncenter size-medium wp-image-63968\" src=\"https:\/\/mikanews.de\/wp-content\/uploads\/2016\/09\/2016_09_04_dm_msc_r\u00f6tz_0005-300x168.jpg\" alt=\"2016_09_04_dm_msc_r\u00f6tz_0005\" width=\"300\" height=\"168\" srcset=\"https:\/\/mikanews.de\/wp-content\/uploads\/2016\/09\/2016_09_04_dm_msc_r\u00f6tz_0005-300x168.jpg 300w, https:\/\/mikanews.de\/wp-content\/uploads\/2016\/09\/2016_09_04_dm_msc_r\u00f6tz_0005.jpg 850w\" sizes=\"auto, (max-width: 300px) 100vw, 300px\" \/><\/a> <a href=\"https:\/\/mikanews.de\/wp-content\/uploads\/2016\/09\/2016_09_04_dm_msc_r\u00f6tz_0001.jpg\" rel=\"lightbox[63655]\"><img loading=\"lazy\" decoding=\"async\" class=\"aligncenter size-medium wp-image-63964\" src=\"https:\/\/mikanews.de\/wp-content\/uploads\/2016\/09\/2016_09_04_dm_msc_r\u00f6tz_0001-300x168.jpg\" alt=\"2016_09_04_dm_msc_r\u00f6tz_0001\" width=\"300\" height=\"168\" srcset=\"https:\/\/mikanews.de\/wp-content\/uploads\/2016\/09\/2016_09_04_dm_msc_r\u00f6tz_0001-300x168.jpg 300w, https:\/\/mikanews.de\/wp-content\/uploads\/2016\/09\/2016_09_04_dm_msc_r\u00f6tz_0001.jpg 850w\" sizes=\"auto, (max-width: 300px) 100vw, 300px\" \/><\/a><\/p>\n<h6>R\u00fcckblick<\/h6>\n<p>Beim MSC-R\u00f6tz e V. sind bei der PRO10 DM die ersten vier Vorl\u00e4ufe heute gefahren wurden.<\/p>\n<figure id=\"attachment_63751\" aria-describedby=\"caption-attachment-63751\" style=\"width: 168px\" class=\"wp-caption aligncenter\"><a href=\"https:\/\/mikanews.de\/wp-content\/uploads\/2016\/09\/2016_09_03_dm_msc_r\u00f6tz_0001.jpg\" rel=\"lightbox[63655]\"><img loading=\"lazy\" decoding=\"async\" class=\"wp-image-63751 size-medium\" src=\"https:\/\/mikanews.de\/wp-content\/uploads\/2016\/09\/2016_09_03_dm_msc_r\u00f6tz_0001-168x300.jpg\" alt=\"2016_09_03_dm_msc_r\u00f6tz_0001\" width=\"168\" height=\"300\" srcset=\"https:\/\/mikanews.de\/wp-content\/uploads\/2016\/09\/2016_09_03_dm_msc_r\u00f6tz_0001-168x300.jpg 168w, https:\/\/mikanews.de\/wp-content\/uploads\/2016\/09\/2016_09_03_dm_msc_r\u00f6tz_0001.jpg 477w\" sizes=\"auto, (max-width: 168px) 100vw, 168px\" \/><\/a><figcaption id=\"caption-attachment-63751\" class=\"wp-caption-text\">Prototyp Spyro von JDRC<\/figcaption><\/figure>\n<p>Tobias Weist steht nicht nur als Overnight TQ fest, sondern startet auch in den Finals von ganz vorne. Tim Altmann war \u00a0vor allem im 3. Vorlauf in Schlagdistanz und dicht am F\u00fchrenden dran. Tobias hat im 4.Lauf gekontert und hat nur knapp mit 2\/10 die 23. Runde verpasst. Dabei war ein Quersteher in der 2. Runde der 1.2s gekostet hat. Dies zeigte, dass Tobias noch nachlegen. Kann. F\u00fcr Tim wird es schwer werden, wenn er ganz oben auf dem Podest stehen m\u00f6chte.<\/p>\n<figure id=\"attachment_63760\" aria-describedby=\"caption-attachment-63760\" style=\"width: 300px\" class=\"wp-caption aligncenter\"><a href=\"https:\/\/mikanews.de\/wp-content\/uploads\/2016\/09\/2016_09_03_dm_msc_r\u00f6tz_0004-1.jpg\" rel=\"lightbox[63655]\"><img loading=\"lazy\" decoding=\"async\" class=\"wp-image-63760 size-medium\" src=\"https:\/\/mikanews.de\/wp-content\/uploads\/2016\/09\/2016_09_03_dm_msc_r\u00f6tz_0004-1-300x169.jpg\" alt=\"2016_09_03_dm_msc_r\u00f6tz_0004\" width=\"300\" height=\"169\" srcset=\"https:\/\/mikanews.de\/wp-content\/uploads\/2016\/09\/2016_09_03_dm_msc_r\u00f6tz_0004-1-300x169.jpg 300w, https:\/\/mikanews.de\/wp-content\/uploads\/2016\/09\/2016_09_03_dm_msc_r\u00f6tz_0004-1.jpg 850w\" sizes=\"auto, (max-width: 300px) 100vw, 300px\" \/><\/a><figcaption id=\"caption-attachment-63760\" class=\"wp-caption-text\">Danke an Tobias Weist f\u00fcr die Bilder<\/figcaption><\/figure>\n<p><a href=\"https:\/\/mikanews.de\/wp-content\/uploads\/2016\/09\/2016_09_03_dm_msc_r\u00f6tz_0005.jpg\" rel=\"lightbox[63655]\"><img loading=\"lazy\" decoding=\"async\" class=\"aligncenter size-medium wp-image-63761\" src=\"https:\/\/mikanews.de\/wp-content\/uploads\/2016\/09\/2016_09_03_dm_msc_r\u00f6tz_0005-300x169.jpg\" alt=\"2016_09_03_dm_msc_r\u00f6tz_0005\" width=\"300\" height=\"169\" srcset=\"https:\/\/mikanews.de\/wp-content\/uploads\/2016\/09\/2016_09_03_dm_msc_r\u00f6tz_0005-300x169.jpg 300w, https:\/\/mikanews.de\/wp-content\/uploads\/2016\/09\/2016_09_03_dm_msc_r\u00f6tz_0005.jpg 850w\" sizes=\"auto, (max-width: 300px) 100vw, 300px\" \/><\/a> <a href=\"https:\/\/mikanews.de\/wp-content\/uploads\/2016\/09\/2016_09_03_dm_msc_r\u00f6tz_0006.jpg\" rel=\"lightbox[63655]\"><img loading=\"lazy\" decoding=\"async\" class=\"aligncenter size-medium wp-image-63762\" src=\"https:\/\/mikanews.de\/wp-content\/uploads\/2016\/09\/2016_09_03_dm_msc_r\u00f6tz_0006-300x169.jpg\" alt=\"2016_09_03_dm_msc_r\u00f6tz_0006\" width=\"300\" height=\"169\" srcset=\"https:\/\/mikanews.de\/wp-content\/uploads\/2016\/09\/2016_09_03_dm_msc_r\u00f6tz_0006-300x169.jpg 300w, https:\/\/mikanews.de\/wp-content\/uploads\/2016\/09\/2016_09_03_dm_msc_r\u00f6tz_0006.jpg 850w\" sizes=\"auto, (max-width: 300px) 100vw, 300px\" \/><\/a><\/p>\n<p>Morgen geht es noch um die Verteilung der anderen Pl\u00e4tze. Tim&#8217;s Bruder lauert auf Platz 3 dahinter. Mal schaun, was morgen noch passiert. Das Wetter soll halten f\u00fcr die letzten 2 Vorl\u00e4ufe ab 9 Uhr am morgigen Sonntag und die Finale am Mittag.<br \/>\nEbenso in Stock wird Tim Schad von Startplatz 1 in die Finale gehen. Seine gute Form aus dem Training konnte er heute gut umsetzen. Eng geht es auf jeden Fall in den Top 5 zu f\u00fcr die Startverteilung der Finale. In den letzten beiden Vorl\u00e4ufen kann es noch Verschiebungen geben.<\/p>\n<p>In der Klasse LMP1 liegt Tobias Weist derzeit auch auf TQ-Kurs vor Werner Bergbauer und Joachim Behnken.<\/p>\n<p>Es bleibt spannend.<br \/>\nDer Verein hat alles im Griff. Die Stimmung ist super und entspannt. Abends folgt das Chili essen vom Verein f\u00fcr alle Fahrer die sich nochmal f\u00fcr ein eventuelles Abendtraining st\u00e4rken werden.<\/p>\n<p>Danach geht es in die verdiente Nachtruhe. Morgen gehts um die &#8222;Wurst&#8220; und die Titelentscheidung.<\/p>\n<p><a href=\"https:\/\/mikanews.de\/wp-content\/uploads\/2016\/09\/2016_09_03_dm_msc_r\u00f6tz_0002.jpg\" rel=\"lightbox[63655]\"><img loading=\"lazy\" decoding=\"async\" class=\"aligncenter size-medium wp-image-63748\" src=\"https:\/\/mikanews.de\/wp-content\/uploads\/2016\/09\/2016_09_03_dm_msc_r\u00f6tz_0002-300x168.jpg\" alt=\"2016_09_03_dm_msc_r\u00f6tz_0002\" width=\"300\" height=\"168\" srcset=\"https:\/\/mikanews.de\/wp-content\/uploads\/2016\/09\/2016_09_03_dm_msc_r\u00f6tz_0002-300x168.jpg 300w, https:\/\/mikanews.de\/wp-content\/uploads\/2016\/09\/2016_09_03_dm_msc_r\u00f6tz_0002.jpg 850w\" sizes=\"auto, (max-width: 300px) 100vw, 300px\" \/><\/a> <a href=\"https:\/\/mikanews.de\/wp-content\/uploads\/2016\/09\/2016_09_03_dm_msc_r\u00f6tz_0003.jpg\" rel=\"lightbox[63655]\"><img loading=\"lazy\" decoding=\"async\" class=\"aligncenter size-medium wp-image-63749\" src=\"https:\/\/mikanews.de\/wp-content\/uploads\/2016\/09\/2016_09_03_dm_msc_r\u00f6tz_0003-168x300.jpg\" alt=\"2016_09_03_dm_msc_r\u00f6tz_0003\" width=\"168\" height=\"300\" srcset=\"https:\/\/mikanews.de\/wp-content\/uploads\/2016\/09\/2016_09_03_dm_msc_r\u00f6tz_0003-168x300.jpg 168w, https:\/\/mikanews.de\/wp-content\/uploads\/2016\/09\/2016_09_03_dm_msc_r\u00f6tz_0003.jpg 477w\" sizes=\"auto, (max-width: 168px) 100vw, 168px\" \/><\/a><a href=\"https:\/\/mikanews.de\/wp-content\/uploads\/2016\/09\/2016_09_03_dm_msc_r\u00f6tz_0004.jpg\" rel=\"lightbox[63655]\"><img loading=\"lazy\" decoding=\"async\" class=\"aligncenter size-medium wp-image-63750\" src=\"https:\/\/mikanews.de\/wp-content\/uploads\/2016\/09\/2016_09_03_dm_msc_r\u00f6tz_0004-168x300.jpg\" alt=\"2016_09_03_dm_msc_r\u00f6tz_0004\" width=\"168\" height=\"300\" srcset=\"https:\/\/mikanews.de\/wp-content\/uploads\/2016\/09\/2016_09_03_dm_msc_r\u00f6tz_0004-168x300.jpg 168w, https:\/\/mikanews.de\/wp-content\/uploads\/2016\/09\/2016_09_03_dm_msc_r\u00f6tz_0004.jpg 477w\" sizes=\"auto, (max-width: 168px) 100vw, 168px\" \/><\/a><\/p>\n<h6>R\u00fcckblick auf Donnerstag und Freitag<\/h6>\n<p>Die\u00a0Internationale Deutsche Meisterschaft EGPRO10 ist seit zwei Tagen in vollem Gange. Freitag, den 02.09.2016 fuhr\u00a0Tobias Weist bereits am Morgen auf dem Schwarzwihrberg-Ring beim MSC-R\u00f6tz\u00a0e.V. die\u00a0Bestzeit von 13.42 Sekunden f\u00fcr eine Runde. F\u00fcr das Rennwochenende ist nicht nur er gut vorbereitet. Am 03.09.2016 geht es los mit den Vorl\u00e4ufen und am Sonntag die Finals. Freitag trafen gegen Mittag weitere Fahrer an der Rennstrecke ein und drehten gleich ein paar Trainingsrunden.<\/p>\n<figure id=\"attachment_63717\" aria-describedby=\"caption-attachment-63717\" style=\"width: 300px\" class=\"wp-caption aligncenter\"><a href=\"https:\/\/mikanews.de\/wp-content\/uploads\/2016\/09\/2016_09_03_tobias_weist_msc_r\u00f6tz.jpg\" rel=\"lightbox[63655]\"><img loading=\"lazy\" decoding=\"async\" class=\"wp-image-63717 size-medium\" src=\"https:\/\/mikanews.de\/wp-content\/uploads\/2016\/09\/2016_09_03_tobias_weist_msc_r\u00f6tz-300x169.jpg\" alt=\"2016_09_03_tobias_weist_msc_r\u00f6tz\" width=\"300\" height=\"169\" srcset=\"https:\/\/mikanews.de\/wp-content\/uploads\/2016\/09\/2016_09_03_tobias_weist_msc_r\u00f6tz-300x169.jpg 300w, https:\/\/mikanews.de\/wp-content\/uploads\/2016\/09\/2016_09_03_tobias_weist_msc_r\u00f6tz.jpg 850w\" sizes=\"auto, (max-width: 300px) 100vw, 300px\" \/><\/a><figcaption id=\"caption-attachment-63717\" class=\"wp-caption-text\">Vip Performance Prototyp von Tobias Weist<\/figcaption><\/figure>\n<p>Durch die Hitze wurde die Strecke langsamer und die Bestzeiten waren vorerst nicht gef\u00e4hrdet. Der amtierende Deutsche Meister Tim Altmann, sein Bruder Kai und Tobias Weist waren die Einzigen unter 14 Sekunden. Tobias und Tim liegen nach dem Freitag\u00a0eng beieinander.<\/p>\n<figure id=\"attachment_63716\" aria-describedby=\"caption-attachment-63716\" style=\"width: 300px\" class=\"wp-caption aligncenter\"><a href=\"https:\/\/mikanews.de\/wp-content\/uploads\/2016\/09\/2016_09_03_tim_altmann_msc_r\u00f6tz.jpg\" rel=\"lightbox[63655]\"><img loading=\"lazy\" decoding=\"async\" class=\"wp-image-63716 size-medium\" src=\"https:\/\/mikanews.de\/wp-content\/uploads\/2016\/09\/2016_09_03_tim_altmann_msc_r\u00f6tz-300x169.jpg\" alt=\"2016_09_03_tim_altmann_msc_r\u00f6tz\" width=\"300\" height=\"169\" srcset=\"https:\/\/mikanews.de\/wp-content\/uploads\/2016\/09\/2016_09_03_tim_altmann_msc_r\u00f6tz-300x169.jpg 300w, https:\/\/mikanews.de\/wp-content\/uploads\/2016\/09\/2016_09_03_tim_altmann_msc_r\u00f6tz.jpg 850w\" sizes=\"auto, (max-width: 300px) 100vw, 300px\" \/><\/a><figcaption id=\"caption-attachment-63716\" class=\"wp-caption-text\">Team Kati &#8211; Tim Altmann (amtierender Deutscher Meister)<\/figcaption><\/figure>\n<p>In Stock setze Timo Schade die Pace mit 15.3 und er war konstant unterwegs. Dahinter lauern Alex Wild mit 15.4 und Rainer Schad 15.6. Die Top-Gruppe in Stock ist eng beieinander und verspricht in den Vorl\u00e4ufen sehr spannend zu werden. Das Wetter soll halten, dann sollten alle die gleichen Streckenbedingungen haben. Nur der Sonntag k\u00f6nnte ggf etwas Regen bringen am Nachmittag. Gefahren werden morgen Mittag die ersten 4 von 6 Vorl\u00e4ufe, bei denen die besten 3 am Ende nach Punkte gewertet werden.<\/p>\n<p>Am Abend gab es von\u00a0Rainer Schad einen neuem Rundenrekord in Stock mit 15.1 und Rundendurchschnitt von 15.5. Rainer\u00a0ist auch ein hei\u00dfer Kandidat f\u00fcr die Vorl\u00e4ufe im Fernduell mit seinem Sohn Timo, die in verschiedenen Gruppen fahren.<\/p>\n<figure id=\"attachment_63719\" aria-describedby=\"caption-attachment-63719\" style=\"width: 300px\" class=\"wp-caption aligncenter\"><a href=\"https:\/\/mikanews.de\/wp-content\/uploads\/2016\/09\/2016_09_03_rainer_schad_msc_r\u00f6tz.jpg\" rel=\"lightbox[63655]\"><img loading=\"lazy\" decoding=\"async\" class=\"wp-image-63719 size-medium\" src=\"https:\/\/mikanews.de\/wp-content\/uploads\/2016\/09\/2016_09_03_rainer_schad_msc_r\u00f6tz-300x169.jpg\" alt=\"2016_09_03_rainer_schad_msc_r\u00f6tz\" width=\"300\" height=\"169\" srcset=\"https:\/\/mikanews.de\/wp-content\/uploads\/2016\/09\/2016_09_03_rainer_schad_msc_r\u00f6tz-300x169.jpg 300w, https:\/\/mikanews.de\/wp-content\/uploads\/2016\/09\/2016_09_03_rainer_schad_msc_r\u00f6tz.jpg 850w\" sizes=\"auto, (max-width: 300px) 100vw, 300px\" \/><\/a><figcaption id=\"caption-attachment-63719\" class=\"wp-caption-text\">Vip Performance von Rainer Schad<\/figcaption><\/figure>\n<figure id=\"attachment_63718\" aria-describedby=\"caption-attachment-63718\" style=\"width: 300px\" class=\"wp-caption aligncenter\"><a href=\"https:\/\/mikanews.de\/wp-content\/uploads\/2016\/09\/2016_09_03_timo_schad_msc_r\u00f6tz.jpg\" rel=\"lightbox[63655]\"><img loading=\"lazy\" decoding=\"async\" class=\"wp-image-63718 size-medium\" src=\"https:\/\/mikanews.de\/wp-content\/uploads\/2016\/09\/2016_09_03_timo_schad_msc_r\u00f6tz-300x169.jpg\" alt=\"2016_09_03_timo_schad_msc_r\u00f6tz\" width=\"300\" height=\"169\" srcset=\"https:\/\/mikanews.de\/wp-content\/uploads\/2016\/09\/2016_09_03_timo_schad_msc_r\u00f6tz-300x169.jpg 300w, https:\/\/mikanews.de\/wp-content\/uploads\/2016\/09\/2016_09_03_timo_schad_msc_r\u00f6tz.jpg 850w\" sizes=\"auto, (max-width: 300px) 100vw, 300px\" \/><\/a><figcaption id=\"caption-attachment-63718\" class=\"wp-caption-text\">Vip Performance von Timo Schad<\/figcaption><\/figure>\n<p>Heute Abend trainieren die Fahrer nun wieder bei etwas k\u00fchleren Temperaturen. Der Ehrgeiz und die Stimmung sind super im gesamten Fahrerlager. Alles geht im freien Training fair und gesittet zu. Gro\u00dfe Sch\u00e4den blieben bisher aus.\u00a0Morgen geht es mit den Vorl\u00e4ufen weiter. Hier der Zeitplan und die Gruppeneinteilung:<\/p>\n<p><a href=\"https:\/\/mikanews.de\/wp-content\/uploads\/2016\/09\/2016_09_03_msc_r\u00f6tz_dm_pro100002.jpg\" rel=\"lightbox[63655]\"><img loading=\"lazy\" decoding=\"async\" class=\"aligncenter size-medium wp-image-63721\" src=\"https:\/\/mikanews.de\/wp-content\/uploads\/2016\/09\/2016_09_03_msc_r\u00f6tz_dm_pro100002-300x168.jpg\" alt=\"2016_09_03_msc_r\u00f6tz_dm_pro100002\" width=\"300\" height=\"168\" srcset=\"https:\/\/mikanews.de\/wp-content\/uploads\/2016\/09\/2016_09_03_msc_r\u00f6tz_dm_pro100002-300x168.jpg 300w, https:\/\/mikanews.de\/wp-content\/uploads\/2016\/09\/2016_09_03_msc_r\u00f6tz_dm_pro100002.jpg 850w\" sizes=\"auto, (max-width: 300px) 100vw, 300px\" \/><\/a><a href=\"https:\/\/mikanews.de\/wp-content\/uploads\/2016\/09\/2016_09_03_msc_r\u00f6tz_dm_pro100001.jpg\" rel=\"lightbox[63655]\"><img loading=\"lazy\" decoding=\"async\" class=\"aligncenter size-medium wp-image-63720\" src=\"https:\/\/mikanews.de\/wp-content\/uploads\/2016\/09\/2016_09_03_msc_r\u00f6tz_dm_pro100001-168x300.jpg\" alt=\"2016_09_03_msc_r\u00f6tz_dm_pro100001\" width=\"168\" height=\"300\" srcset=\"https:\/\/mikanews.de\/wp-content\/uploads\/2016\/09\/2016_09_03_msc_r\u00f6tz_dm_pro100001-168x300.jpg 168w, https:\/\/mikanews.de\/wp-content\/uploads\/2016\/09\/2016_09_03_msc_r\u00f6tz_dm_pro100001.jpg 477w\" sizes=\"auto, (max-width: 168px) 100vw, 168px\" \/><\/a><\/p>\n<h6>Ein paar Impressionen<\/h6>\n<p><a href=\"https:\/\/mikanews.de\/wp-content\/uploads\/2016\/09\/2016_09_03_dm_msc_r\u00f6tz_2016_dmc_0001.jpg\" rel=\"lightbox[63655]\"><img loading=\"lazy\" decoding=\"async\" class=\"aligncenter size-medium wp-image-63732\" src=\"https:\/\/mikanews.de\/wp-content\/uploads\/2016\/09\/2016_09_03_dm_msc_r\u00f6tz_2016_dmc_0001-300x169.jpg\" alt=\"2016_09_03_dm_msc_r\u00f6tz_2016_dmc_0001\" width=\"300\" height=\"169\" srcset=\"https:\/\/mikanews.de\/wp-content\/uploads\/2016\/09\/2016_09_03_dm_msc_r\u00f6tz_2016_dmc_0001-300x169.jpg 300w, https:\/\/mikanews.de\/wp-content\/uploads\/2016\/09\/2016_09_03_dm_msc_r\u00f6tz_2016_dmc_0001.jpg 850w\" sizes=\"auto, (max-width: 300px) 100vw, 300px\" \/><\/a> <a href=\"https:\/\/mikanews.de\/wp-content\/uploads\/2016\/09\/2016_09_03_dm_msc_r\u00f6tz_2016_dmc_0002.jpg\" rel=\"lightbox[63655]\"><img loading=\"lazy\" decoding=\"async\" class=\"aligncenter size-medium wp-image-63733\" src=\"https:\/\/mikanews.de\/wp-content\/uploads\/2016\/09\/2016_09_03_dm_msc_r\u00f6tz_2016_dmc_0002-300x169.jpg\" alt=\"2016_09_03_dm_msc_r\u00f6tz_2016_dmc_0002\" width=\"300\" height=\"169\" srcset=\"https:\/\/mikanews.de\/wp-content\/uploads\/2016\/09\/2016_09_03_dm_msc_r\u00f6tz_2016_dmc_0002-300x169.jpg 300w, https:\/\/mikanews.de\/wp-content\/uploads\/2016\/09\/2016_09_03_dm_msc_r\u00f6tz_2016_dmc_0002.jpg 850w\" sizes=\"auto, (max-width: 300px) 100vw, 300px\" \/><\/a> <a href=\"https:\/\/mikanews.de\/wp-content\/uploads\/2016\/09\/2016_09_03_dm_msc_r\u00f6tz_2016_dmc_0003.jpg\" rel=\"lightbox[63655]\"><img loading=\"lazy\" decoding=\"async\" class=\"aligncenter size-medium wp-image-63734\" src=\"https:\/\/mikanews.de\/wp-content\/uploads\/2016\/09\/2016_09_03_dm_msc_r\u00f6tz_2016_dmc_0003-300x169.jpg\" alt=\"2016_09_03_dm_msc_r\u00f6tz_2016_dmc_0003\" width=\"300\" height=\"169\" srcset=\"https:\/\/mikanews.de\/wp-content\/uploads\/2016\/09\/2016_09_03_dm_msc_r\u00f6tz_2016_dmc_0003-300x169.jpg 300w, https:\/\/mikanews.de\/wp-content\/uploads\/2016\/09\/2016_09_03_dm_msc_r\u00f6tz_2016_dmc_0003.jpg 850w\" sizes=\"auto, (max-width: 300px) 100vw, 300px\" \/><\/a> <a href=\"https:\/\/mikanews.de\/wp-content\/uploads\/2016\/09\/2016_09_03_dm_msc_r\u00f6tz_2016_dmc_0004.jpg\" rel=\"lightbox[63655]\"><img loading=\"lazy\" decoding=\"async\" class=\"aligncenter size-medium wp-image-63735\" src=\"https:\/\/mikanews.de\/wp-content\/uploads\/2016\/09\/2016_09_03_dm_msc_r\u00f6tz_2016_dmc_0004-300x169.jpg\" alt=\"2016_09_03_dm_msc_r\u00f6tz_2016_dmc_0004\" width=\"300\" height=\"169\" srcset=\"https:\/\/mikanews.de\/wp-content\/uploads\/2016\/09\/2016_09_03_dm_msc_r\u00f6tz_2016_dmc_0004-300x169.jpg 300w, https:\/\/mikanews.de\/wp-content\/uploads\/2016\/09\/2016_09_03_dm_msc_r\u00f6tz_2016_dmc_0004.jpg 850w\" sizes=\"auto, (max-width: 300px) 100vw, 300px\" \/><\/a><\/p>\n<h6>R\u00fcckblick<\/h6>\n<p>An diesem Wochenende beim <a href=\"http:\/\/www.msc-roetz.de\/\" target=\"_blank\">MSC R\u00f6tz e.V.<\/a>\u00a0statt. Am gestrigen Donnerstag waren schon Teilnehmer zum Training vor Ort und habe<br \/>\ndie ersten Runden gedreht.<\/p>\n<p>Den Schwarzwihrberg-Ring, so der Streckenname kenne ich selber noch von meiner Teilnahme an der Pro10 DM und einem Verbrenner 1\/8 Glattbahnrennen in den 90iger Jahren. Achja, eine Ewigkeit ist das schon her. Den Asso RC10L und den BMT 1\/8 mit Drei-Gang-Getriebe gibt es nun nicht mehr. Die Entwicklung ist weitergegangen, ganz klar.<\/p>\n<p>Die Strecke hat eine l\u00e4nge von 248 Metern mit einer Breite von 4 Metern. F\u00fcr die Teilnehmer steht ein \u00fcberdachtes Fahrerlager und Fahrerstand f\u00fcr bis zu 15 Fahrern bereit. Strom, Kompressor zum Reiningen der Fahrzeuge, sanit\u00e4re Einrichtungen und f\u00fcr Verpflegung ist vor Ort bestens gesorgt. Es fehlt an nichts beim MSC-R\u00f6tz e.V.. Alles ist bestens vorbereitet f\u00fcr die DM.<\/p>\n<figure id=\"attachment_63654\" aria-describedby=\"caption-attachment-63654\" style=\"width: 300px\" class=\"wp-caption aligncenter\"><a href=\"https:\/\/mikanews.de\/wp-content\/uploads\/2016\/09\/2016_09_01_pro10_dm_msc_r\u00f6tz.jpg\" rel=\"lightbox[63655]\"><img loading=\"lazy\" decoding=\"async\" class=\"wp-image-63654 size-medium\" src=\"https:\/\/mikanews.de\/wp-content\/uploads\/2016\/09\/2016_09_01_pro10_dm_msc_r\u00f6tz-300x169.jpg\" alt=\"2016_09_01_pro10_dm_msc_r\u00f6tz\" width=\"300\" height=\"169\" srcset=\"https:\/\/mikanews.de\/wp-content\/uploads\/2016\/09\/2016_09_01_pro10_dm_msc_r\u00f6tz-300x169.jpg 300w, https:\/\/mikanews.de\/wp-content\/uploads\/2016\/09\/2016_09_01_pro10_dm_msc_r\u00f6tz.jpg 850w\" sizes=\"auto, (max-width: 300px) 100vw, 300px\" \/><\/a><figcaption id=\"caption-attachment-63654\" class=\"wp-caption-text\">Die Strecke am Abend<\/figcaption><\/figure>\n<p>Donnerstag morgen gab \u00a0es 11 Uhr einen kurzen Regenschauer, aber die ersten Fahrer trainieren flei\u00dfig. Sehr eng liegen die Rundenzeiten in Stock und die Fahrer lagen dicht beisammen beim Kampf um die Bestzeit. Derzeit ist Rainer Schad mit 15. 6 vor Timo Schad mit 15.7 Sekunden die beste Runde gefahren.<br \/>\nIn Modified liegt Tobias Weist mit 13.6 Sekunden f\u00fcr eine Runde ganz klar vorne. Der Konkurrenten liegen noch mit 1 Sekunden Abstand f\u00fcr eine Runde zur\u00fcck. Am heutigen Freitag treffen weitere Fahrer ein und die Karten werden neu gemischt.<br \/>\nAktuell liegen die Zeiten in den beiden Klassen exakt 2 Zehntel hinter den Bestzeiten vom\u00a0Warm-up vor 4 Wochen.<br \/>\nDie Klassen:\u00a0EGPRO10 und Gastklassen: 2: EGPRO10S 3: EG8e 4: EG8 std<\/p>\n<p><strong>Quelle: Alex vom<\/strong>\u00a0<a href=\"http:\/\/www.msc-roetz.de\/\" target=\"_blank\">MSC-R\u00f6tz e.V.<\/a><\/p>\n<h6>Neue Karosse<\/h6>\n<p>https:\/\/mikanews.de\/2016\/09\/04\/protoform-pro-10-swift-235-karosserie\/<\/p>\n<h5>DM-Entscheidungen 2016<\/h5>\n<p>https:\/\/mikanews.de\/2016\/08\/28\/deutsche-meisterschaft-or8-beim-mrc-meiningen-e-v-finaltag\/<\/p>\n<p>https:\/\/mikanews.de\/2016\/08\/26\/deutsche-meisterschaft-vg10-beim-mc-ettlingen-e-v\/<\/p>\n<p>https:\/\/mikanews.de\/2016\/08\/19\/61906\/<\/p>\n<p>https:\/\/mikanews.de\/2016\/08\/17\/deutsche-meisterschaft-beim-msv-huertgenwald\/<\/p>\n<p>https:\/\/mikanews.de\/2016\/08\/14\/deutsche-meisterschaft-or8-beim-msc-sand-e-v-finaltag\/<\/p>\n<p>https:\/\/mikanews.de\/2016\/08\/07\/deutsche-meisterschaft-egtw-und-egf1-beim-rcsf-singen-e-v-finaltag-die-entscheidungen\/<\/p>\n<p>https:\/\/mikanews.de\/2016\/07\/31\/deutsche-meisterschaft-vg5f1-die-sieger\/<\/p>\n<p>https:\/\/mikanews.de\/2016\/07\/04\/deutsche-meisterschaft-ort-oret-beim-rco-ottendorf-okrilla-die-sieger\/<\/p>\n<p>&nbsp;<\/p>\n<p>&nbsp;<\/p>\n","protected":false},"excerpt":{"rendered":"<p>Aktuelle\u00a0NEWS!\u00a0Die Deutsche Meisterschaft Pro10 ist beim MSC-R\u00f6tz e.V. am heutigen Sonntag, den 04.09.2016\u00a0zu Ende gegangen. Am Vormittag starteten\u00a0die letzten beiden Vorl\u00e4ufe f\u00fcr die<\/p>\n","protected":false},"author":1,"featured_media":63717,"comment_status":"closed","ping_status":"closed","sticky":false,"template":"","format":"standard","meta":{"ngg_post_thumbnail":0,"_jetpack_memberships_contains_paid_content":false,"footnotes":"","jetpack_publicize_message":"","jetpack_publicize_feature_enabled":true,"jetpack_social_post_already_shared":false,"jetpack_social_options":{"image_generator_settings":{"template":"highway","default_image_id":0,"font":"","enabled":false},"version":2}},"categories":[3],"tags":[20,797,1333,1792,2004,3129,3245,3246,3249,3250,3251],"class_list":["post-63655","post","type-post","status-publish","format-standard","has-post-thumbnail","hentry","category-rennberichte","tag-20","tag-rcweb","tag-pro10","tag-rc","tag-tim-altmann","tag-internationale-deutsche-meisterschaft","tag-msc-roetz-e-v","tag-msc-roetz","tag-rainer-schad","tag-timo-schad","tag-tobias-weist"],"jetpack_publicize_connections":[],"jetpack_featured_media_url":"https:\/\/mikanews.de\/wp-content\/uploads\/2016\/09\/2016_09_03_tobias_weist_msc_r\u00f6tz.jpg","jetpack_sharing_enabled":true,"jetpack_shortlink":"https:\/\/wp.me\/p6wBBU-gyH","_links":{"self":[{"href":"https:\/\/mikanews.de\/index.php?rest_route=\/wp\/v2\/posts\/63655","targetHints":{"allow":["GET"]}}],"collection":[{"href":"https:\/\/mikanews.de\/index.php?rest_route=\/wp\/v2\/posts"}],"about":[{"href":"https:\/\/mikanews.de\/index.php?rest_route=\/wp\/v2\/types\/post"}],"author":[{"embeddable":true,"href":"https:\/\/mikanews.de\/index.php?rest_route=\/wp\/v2\/users\/1"}],"replies":[{"embeddable":true,"href":"https:\/\/mikanews.de\/index.php?rest_route=%2Fwp%2Fv2%2Fcomments&post=63655"}],"version-history":[{"count":22,"href":"https:\/\/mikanews.de\/index.php?rest_route=\/wp\/v2\/posts\/63655\/revisions"}],"predecessor-version":[{"id":63972,"href":"https:\/\/mikanews.de\/index.php?rest_route=\/wp\/v2\/posts\/63655\/revisions\/63972"}],"wp:featuredmedia":[{"embeddable":true,"href":"https:\/\/mikanews.de\/index.php?rest_route=\/wp\/v2\/media\/63717"}],"wp:attachment":[{"href":"https:\/\/mikanews.de\/index.php?rest_route=%2Fwp%2Fv2%2Fmedia&parent=63655"}],"wp:term":[{"taxonomy":"category","embeddable":true,"href":"https:\/\/mikanews.de\/index.php?rest_route=%2Fwp%2Fv2%2Fcategories&post=63655"},{"taxonomy":"post_tag","embeddable":true,"href":"https:\/\/mikanews.de\/index.php?rest_route=%2Fwp%2Fv2%2Ftags&post=63655"}],"curies":[{"name":"wp","href":"https:\/\/api.w.org\/{rel}","templated":true}]}}